{"id":14722,"date":"2025-11-25T08:47:11","date_gmt":"2025-11-25T11:47:11","guid":{"rendered":"https:\/\/www.biolabfarma.com.br\/?post_type=imprensa&#038;p=14722"},"modified":"2025-11-25T08:47:14","modified_gmt":"2025-11-25T11:47:14","slug":"ten-industries-have-more-than-30-of-the-sales-in-pharmacies-2","status":"publish","type":"imprensa","link":"https:\/\/www.biolabeco.com.br\/en\/imprensa\/o-projeto-que-esta-reciclando-o-futuro-de-350-mil-jovens-brasileiros\/","title":{"rendered":"The project that is \"recycling\" the future of 350,000 young Brazilians"},"content":{"rendered":"<p><em>Criado como um projeto de reciclagem, o Instituto Reciclar se tornou refer\u00eancia em empregabilidade e forma\u00e7\u00e3o socioemocional de jovens. Fabio Amorosino, presidente do Instituto e CEO do grupo Biolab, explica o sonho.<\/em><\/p>\n\n\n\n<p>Tr\u00eas d\u00e9cadas depois de nascer como um projeto de reciclagem de papel, o Instituto Reciclar se tornou uma das principais refer\u00eancias brasileiras em forma\u00e7\u00e3o socioemocional, educa\u00e7\u00e3o complementar e empregabilidade para jovens em situa\u00e7\u00e3o de vulnerabilidade, alcan\u00e7ando 350 mil jovens por ano.<\/p>\n\n\n\n<p>H\u00e1 30 anos, era reciclagem mesmo. Por isso, o nome: Reciclar. Era reciclagem de papel, dando of\u00edcio \u00e0s pessoas\u201d, lembrou Fabio Amorosino, atual presidente do Instituto e CEO do grupo Biolab, durante entrevista ao <a href=\"https:\/\/neofeed.com.br\/videos\/humanamente-possivel-videos\/o-projeto-que-esta-reciclando-o-futuro-de-350-mil-jovens-brasileiros\/\">NeoFeed<\/a>.<\/p>\n\n\n\n<p>Com o tempo, a miss\u00e3o se tornou mais ampla: preparar jovens para o futuro. Para isso, a ONG reuniu como volunt\u00e1rios profissionais gabaritados no mercado de trabalho, que pudessem abrir portas para quem n\u00e3o teve o mesmo ponto de partida, de advogados especializados no terceiro setor a headhunters.<\/p>\n\n\n\n<p>Al\u00e9m disso, professores passaram a ser contratados e remunerados com valores equivalentes aos de escolas particulares de ponta. \u201cFoi decidido que o Instituto deveria evoluir de uma condi\u00e7\u00e3o de meramente ensinar a pescar para preparar melhor e fazer a inclus\u00e3o social de verdade\u201d, diz Amorosino. \u201cHoje, com o advento da intelig\u00eancia artificial, o maior diferencial competitivo de carreira vai estar no s\u00f3cio emocional.\u201d<\/p>\n\n\n\n<p>A expans\u00e3o, por\u00e9m, exige financiamento cont\u00ednuo. O instituto trabalha com parcerias privadas, funda\u00e7\u00f5es, nota fiscal paulista e um modelo de apadrinhamento recorrente. Mas a necessidade \u00e9 maior que o fluxo de caixa atual.<\/p>\n\n\n\n<p>\u201cN\u00f3s precisamos de ajuda financeira sempre, porque o tamanho do nosso sonho \u00e9 muito maior do que esse\u201d, afirma. \u201cInfelizmente, o n\u00edvel de deteriora\u00e7\u00e3o social \u00e9 maior do que a capacidade das institui\u00e7\u00f5es que querem fazer o bem. Mas n\u00f3s vamos brigar e n\u00f3s vamos vencer esse cabo de guerra.\u201d<\/p>\n\n\n\n<p><\/p>\n\n\n\n<p>Confira a mat\u00e9ria completa atrav\u00e9s do link: <a href=\"https:\/\/neofeed.com.br\/videos\/humanamente-possivel-videos\/o-projeto-que-esta-reciclando-o-futuro-de-350-mil-jovens-brasileiros\/\">The project that is \"recycling\" the future of 350,000 young Brazilians<\/a><\/p>","protected":false},"featured_media":14723,"template":"","categories":[1577],"acf":[],"yoast_head":"<!-- This site is optimized with the Yoast SEO Premium plugin v24.4 (Yoast SEO v24.4) - https:\/\/yoast.com\/wordpress\/plugins\/seo\/ -->\n<title>Instituto Reciclar - O projeto que est\u00e1 reciclando o futuro de jovens.<\/title>\n<meta name=\"description\" content=\"Fabio Amorosino, CEO do grupo Biolab, explica como o Instituto Reciclar se tornou refer\u00eancia em empregabilidade de jovens.\" \/>\n<meta name=\"robots\" content=\"index, follow, max-snippet:-1, max-image-preview:large, max-video-preview:-1\" \/>\n<link rel=\"canonical\" href=\"https:\/\/www.biolabeco.com.br\/en\/press\/ten-industries-have-more-than-30-of-the-sales-in-pharmacies-2\/\" \/>\n<meta property=\"og:locale\" content=\"en_US\" \/>\n<meta property=\"og:type\" content=\"article\" \/>\n<meta property=\"og:title\" content=\"O projeto que est\u00e1 &quot;reciclando&quot; o futuro de 350 mil jovens brasileiros\" \/>\n<meta property=\"og:description\" content=\"Fabio Amorosino, CEO do grupo Biolab, explica como o Instituto Reciclar se tornou refer\u00eancia em empregabilidade de jovens.\" \/>\n<meta property=\"og:url\" content=\"https:\/\/www.biolabeco.com.br\/en\/press\/ten-industries-have-more-than-30-of-the-sales-in-pharmacies-2\/\" \/>\n<meta property=\"og:site_name\" content=\"Biolab &amp; Co\" \/>\n<meta property=\"article:modified_time\" content=\"2025-11-25T11:47:14+00:00\" \/>\n<meta property=\"og:image\" content=\"https:\/\/www.biolabeco.com.br\/wp-content\/uploads\/2025\/11\/Fabio-Amorosino_Podcast_Humanamente_Possivel_Neofeed.png\" \/>\n\t<meta property=\"og:image:width\" content=\"725\" \/>\n\t<meta property=\"og:image:height\" content=\"406\" \/>\n\t<meta property=\"og:image:type\" content=\"image\/png\" \/>\n<meta name=\"twitter:card\" content=\"summary_large_image\" \/>\n<meta name=\"twitter:label1\" content=\"Est. reading time\" \/>\n\t<meta name=\"twitter:data1\" content=\"2 minutes\" \/>\n<script type=\"application\/ld+json\" class=\"yoast-schema-graph\">{\"@context\":\"https:\/\/schema.org\",\"@graph\":[{\"@type\":\"WebPage\",\"@id\":\"https:\/\/www.biolabeco.com.br\/imprensa\/o-projeto-que-esta-reciclando-o-futuro-de-350-mil-jovens-brasileiros\/\",\"url\":\"https:\/\/www.biolabeco.com.br\/imprensa\/o-projeto-que-esta-reciclando-o-futuro-de-350-mil-jovens-brasileiros\/\",\"name\":\"Instituto Reciclar - O projeto que est\u00e1 reciclando o futuro de jovens.\",\"isPartOf\":{\"@id\":\"https:\/\/www.biolabeco.com.br\/#website\"},\"primaryImageOfPage\":{\"@id\":\"https:\/\/www.biolabeco.com.br\/imprensa\/o-projeto-que-esta-reciclando-o-futuro-de-350-mil-jovens-brasileiros\/#primaryimage\"},\"image\":{\"@id\":\"https:\/\/www.biolabeco.com.br\/imprensa\/o-projeto-que-esta-reciclando-o-futuro-de-350-mil-jovens-brasileiros\/#primaryimage\"},\"thumbnailUrl\":\"https:\/\/www.biolabeco.com.br\/wp-content\/uploads\/2025\/11\/Fabio-Amorosino_Podcast_Humanamente_Possivel_Neofeed.png\",\"datePublished\":\"2025-11-25T11:47:11+00:00\",\"dateModified\":\"2025-11-25T11:47:14+00:00\",\"description\":\"Fabio Amorosino, CEO do grupo Biolab, explica como o Instituto Reciclar se tornou refer\u00eancia em empregabilidade de jovens.\",\"breadcrumb\":{\"@id\":\"https:\/\/www.biolabeco.com.br\/imprensa\/o-projeto-que-esta-reciclando-o-futuro-de-350-mil-jovens-brasileiros\/#breadcrumb\"},\"inLanguage\":\"en-US\",\"potentialAction\":[{\"@type\":\"ReadAction\",\"target\":[\"https:\/\/www.biolabeco.com.br\/imprensa\/o-projeto-que-esta-reciclando-o-futuro-de-350-mil-jovens-brasileiros\/\"]}]},{\"@type\":\"ImageObject\",\"inLanguage\":\"en-US\",\"@id\":\"https:\/\/www.biolabeco.com.br\/imprensa\/o-projeto-que-esta-reciclando-o-futuro-de-350-mil-jovens-brasileiros\/#primaryimage\",\"url\":\"https:\/\/www.biolabeco.com.br\/wp-content\/uploads\/2025\/11\/Fabio-Amorosino_Podcast_Humanamente_Possivel_Neofeed.png\",\"contentUrl\":\"https:\/\/www.biolabeco.com.br\/wp-content\/uploads\/2025\/11\/Fabio-Amorosino_Podcast_Humanamente_Possivel_Neofeed.png\",\"width\":725,\"height\":406},{\"@type\":\"BreadcrumbList\",\"@id\":\"https:\/\/www.biolabeco.com.br\/imprensa\/o-projeto-que-esta-reciclando-o-futuro-de-350-mil-jovens-brasileiros\/#breadcrumb\",\"itemListElement\":[{\"@type\":\"ListItem\",\"position\":1,\"name\":\"Home\",\"item\":\"https:\/\/www.biolabeco.com.br\/\"},{\"@type\":\"ListItem\",\"position\":2,\"name\":\"O projeto que est\u00e1 &#8220;reciclando&#8221; o futuro de 350 mil jovens brasileiros\"}]},{\"@type\":\"WebSite\",\"@id\":\"https:\/\/www.biolabeco.com.br\/#website\",\"url\":\"https:\/\/www.biolabeco.com.br\/\",\"name\":\"Biolab\",\"description\":\"Na Biolab &amp; Co, ci\u00eancia e cuidado caminham juntos. Saiba como promovemos sa\u00fade com responsabilidade socioambiental e tecnologia.\",\"potentialAction\":[{\"@type\":\"SearchAction\",\"target\":{\"@type\":\"EntryPoint\",\"urlTemplate\":\"https:\/\/www.biolabeco.com.br\/?s={search_term_string}\"},\"query-input\":{\"@type\":\"PropertyValueSpecification\",\"valueRequired\":true,\"valueName\":\"search_term_string\"}}],\"inLanguage\":\"en-US\"}]}<\/script>\n<!-- \/ Yoast SEO Premium plugin. -->","yoast_head_json":{"title":"Instituto Reciclar - O projeto que est\u00e1 reciclando o futuro de jovens.","description":"Fabio Amorosino, CEO do grupo Biolab, explica como o Instituto Reciclar se tornou refer\u00eancia em empregabilidade de jovens.","robots":{"index":"index","follow":"follow","max-snippet":"max-snippet:-1","max-image-preview":"max-image-preview:large","max-video-preview":"max-video-preview:-1"},"canonical":"https:\/\/www.biolabeco.com.br\/en\/press\/ten-industries-have-more-than-30-of-the-sales-in-pharmacies-2\/","og_locale":"en_US","og_type":"article","og_title":"O projeto que est\u00e1 \"reciclando\" o futuro de 350 mil jovens brasileiros","og_description":"Fabio Amorosino, CEO do grupo Biolab, explica como o Instituto Reciclar se tornou refer\u00eancia em empregabilidade de jovens.","og_url":"https:\/\/www.biolabeco.com.br\/en\/press\/ten-industries-have-more-than-30-of-the-sales-in-pharmacies-2\/","og_site_name":"Biolab &amp; Co","article_modified_time":"2025-11-25T11:47:14+00:00","og_image":[{"width":725,"height":406,"url":"https:\/\/www.biolabeco.com.br\/wp-content\/uploads\/2025\/11\/Fabio-Amorosino_Podcast_Humanamente_Possivel_Neofeed.png","type":"image\/png"}],"twitter_card":"summary_large_image","twitter_misc":{"Est. reading time":"2 minutes"},"schema":{"@context":"https:\/\/schema.org","@graph":[{"@type":"WebPage","@id":"https:\/\/www.biolabeco.com.br\/imprensa\/o-projeto-que-esta-reciclando-o-futuro-de-350-mil-jovens-brasileiros\/","url":"https:\/\/www.biolabeco.com.br\/imprensa\/o-projeto-que-esta-reciclando-o-futuro-de-350-mil-jovens-brasileiros\/","name":"Instituto Reciclar - O projeto que est\u00e1 reciclando o futuro de jovens.","isPartOf":{"@id":"https:\/\/www.biolabeco.com.br\/#website"},"primaryImageOfPage":{"@id":"https:\/\/www.biolabeco.com.br\/imprensa\/o-projeto-que-esta-reciclando-o-futuro-de-350-mil-jovens-brasileiros\/#primaryimage"},"image":{"@id":"https:\/\/www.biolabeco.com.br\/imprensa\/o-projeto-que-esta-reciclando-o-futuro-de-350-mil-jovens-brasileiros\/#primaryimage"},"thumbnailUrl":"https:\/\/www.biolabeco.com.br\/wp-content\/uploads\/2025\/11\/Fabio-Amorosino_Podcast_Humanamente_Possivel_Neofeed.png","datePublished":"2025-11-25T11:47:11+00:00","dateModified":"2025-11-25T11:47:14+00:00","description":"Fabio Amorosino, CEO do grupo Biolab, explica como o Instituto Reciclar se tornou refer\u00eancia em empregabilidade de jovens.","breadcrumb":{"@id":"https:\/\/www.biolabeco.com.br\/imprensa\/o-projeto-que-esta-reciclando-o-futuro-de-350-mil-jovens-brasileiros\/#breadcrumb"},"inLanguage":"en-US","potentialAction":[{"@type":"ReadAction","target":["https:\/\/www.biolabeco.com.br\/imprensa\/o-projeto-que-esta-reciclando-o-futuro-de-350-mil-jovens-brasileiros\/"]}]},{"@type":"ImageObject","inLanguage":"en-US","@id":"https:\/\/www.biolabeco.com.br\/imprensa\/o-projeto-que-esta-reciclando-o-futuro-de-350-mil-jovens-brasileiros\/#primaryimage","url":"https:\/\/www.biolabeco.com.br\/wp-content\/uploads\/2025\/11\/Fabio-Amorosino_Podcast_Humanamente_Possivel_Neofeed.png","contentUrl":"https:\/\/www.biolabeco.com.br\/wp-content\/uploads\/2025\/11\/Fabio-Amorosino_Podcast_Humanamente_Possivel_Neofeed.png","width":725,"height":406},{"@type":"BreadcrumbList","@id":"https:\/\/www.biolabeco.com.br\/imprensa\/o-projeto-que-esta-reciclando-o-futuro-de-350-mil-jovens-brasileiros\/#breadcrumb","itemListElement":[{"@type":"ListItem","position":1,"name":"Home","item":"https:\/\/www.biolabeco.com.br\/"},{"@type":"ListItem","position":2,"name":"O projeto que est\u00e1 &#8220;reciclando&#8221; o futuro de 350 mil jovens brasileiros"}]},{"@type":"WebSite","@id":"https:\/\/www.biolabeco.com.br\/#website","url":"https:\/\/www.biolabeco.com.br\/","name":"Biolab","description":"At Biolab &amp; Co, science and care go hand in hand. Find out how we promote health with social and environmental responsibility and technology.","potentialAction":[{"@type":"SearchAction","target":{"@type":"EntryPoint","urlTemplate":"https:\/\/www.biolabeco.com.br\/?s={search_term_string}"},"query-input":{"@type":"PropertyValueSpecification","valueRequired":true,"valueName":"search_term_string"}}],"inLanguage":"en-US"}]}},"_links":{"self":[{"href":"https:\/\/www.biolabeco.com.br\/en\/wp-json\/wp\/v2\/imprensa\/14722"}],"collection":[{"href":"https:\/\/www.biolabeco.com.br\/en\/wp-json\/wp\/v2\/imprensa"}],"about":[{"href":"https:\/\/www.biolabeco.com.br\/en\/wp-json\/wp\/v2\/types\/imprensa"}],"version-history":[{"count":1,"href":"https:\/\/www.biolabeco.com.br\/en\/wp-json\/wp\/v2\/imprensa\/14722\/revisions"}],"predecessor-version":[{"id":14724,"href":"https:\/\/www.biolabeco.com.br\/en\/wp-json\/wp\/v2\/imprensa\/14722\/revisions\/14724"}],"wp:featuredmedia":[{"embeddable":true,"href":"https:\/\/www.biolabeco.com.br\/en\/wp-json\/wp\/v2\/media\/14723"}],"wp:attachment":[{"href":"https:\/\/www.biolabeco.com.br\/en\/wp-json\/wp\/v2\/media?parent=14722"}],"wp:term":[{"taxonomy":"category","embeddable":true,"href":"https:\/\/www.biolabeco.com.br\/en\/wp-json\/wp\/v2\/categories?post=14722"}],"curies":[{"name":"wp","href":"https:\/\/api.w.org\/{rel}","templated":true}]}}