{"id":8037,"date":"2024-11-04T16:12:51","date_gmt":"2024-11-04T19:12:51","guid":{"rendered":"https:\/\/www.biolabfarma.com.br\/?post_type=imprensa&#038;p=8037"},"modified":"2025-01-06T10:36:05","modified_gmt":"2025-01-06T13:36:05","slug":"biolab-announces-camila-clemes-as-people-and-management-director","status":"publish","type":"imprensa","link":"https:\/\/www.biolabeco.com.br\/en\/imprensa\/biolab-anuncia-camila-clemes-como-diretora-de-gente-e-gestao\/","title":{"rendered":"Biolab announces Camila Clemes as People and Management Director"},"content":{"rendered":"<p>Em uma abordagem mais estrat\u00e9gica e abrangente, a \u00e1rea de Recursos Humanos da Biolab Farmac\u00eautica passa a se chamar Gente e Gest\u00e3o, agora sob comando da nova diretora, Camila Clemes. Esse novo posicionamento tamb\u00e9m refor\u00e7a o foco nos programas de desenvolvimento e valoriza\u00e7\u00e3o das pessoas.<\/p>\n\n\n\n<p>Com 20 anos de carreira consolidada na \u00e1rea de Recursos Humanos, ela est\u00e1 h\u00e1 cinco na Biolab, quando iniciou no cargo de Gerente de Desenvolvimento Humano e Organizacional (DHO), onde teve papel importante na remodela\u00e7\u00e3o do programa de desenvolvimento de l\u00edderes e na reestrutura\u00e7\u00e3o dos programas de RH. Nos dois \u00faltimos anos, atuou como Governance Officer, acompanhando de perto a consolida\u00e7\u00e3o do Conselho Administrativo e participando ativamente das discuss\u00f5es de agendas estrat\u00e9gicas \u2013 experi\u00eancia que contribuiu para uma vis\u00e3o completa do neg\u00f3cio.<\/p>\n\n\n\n<p>Em sua nova fun\u00e7\u00e3o, ela se reporta diretamente ao CEO, Fabio Amorosino. Camila assume a responsabilidade das atividades relacionadas \u00e0 gest\u00e3o de pessoas, cultura organizacional e desenvolvimento de lideran\u00e7a, al\u00e9m de fomentar pr\u00e1ticas que promovam o bem-estar e o engajamento dos times.<\/p>\n\n\n\n<p>\u201c\u00c9 uma honra liderar uma \u00e1rea t\u00e3o estrat\u00e9gica para a Biolab. Meu compromisso \u00e9, junto ao time, encontrar caminhos que nos permitam superar as expectativas no cuidado amplo com os colaboradores, tendo como princ\u00edpio o m\u00e1ximo aproveitamento das capacidades de cada um e especial aten\u00e7\u00e3o \u00e0 reten\u00e7\u00e3o de talentos\u201d, destaca a nova Diretora de Gente e Gest\u00e3o.<\/p>\n\n\n\n<p><strong>About Biolab:<\/strong><\/p>\n\n\n\n<p>A Biolab \u00e9 uma ind\u00fastria farmac\u00eautica nacional que investe em pesquisas para superar os crescentes desafios da sa\u00fade, renovando o compromisso de oferecer qualidade de vida \u00e0s pessoas.<\/p>\n\n\n\n<p>Os quatro centros de Pesquisa, Desenvolvimento e Inova\u00e7\u00e3o contribuem para a evolu\u00e7\u00e3o constante e refor\u00e7am o DNA da inova\u00e7\u00e3o. Entre as suas linhas de neg\u00f3cio est\u00e1 a Biolab Gen\u00e9ricos, Avert Humana e o bra\u00e7o de sa\u00fade animal, a Avert, com foco em suplementos e medicamentos para c\u00e3es e gatos.&nbsp; J\u00e1 s\u00e3o mais de 500 produtos, cada um pensado com carinho e aten\u00e7\u00e3o para que pessoas e animais vivam mais e melhor.<\/p>\n\n\n\n<p>Para se somar \u00e0s tr\u00eas unidades de produ\u00e7\u00e3o localizadas em S\u00e3o Paulo, a companhia ampliou a infraestrutura com um moderno complexo em Pouso Alegre (MG) que atende \u00e0 legisla\u00e7\u00e3o dos Estados Unidos e Uni\u00e3o Europeia, multiplicando por cinco a capacidade de produ\u00e7\u00e3o, al\u00e9m de fortalecer os planos de exporta\u00e7\u00e3o.<\/p>\n\n\n\n<p>Internacionalmente, a participa\u00e7\u00e3o do neg\u00f3cio \u00e9 crescente, com produtos inovadores chegando a sete pa\u00edses, inclusive os mais regulados do mundo. E, em 2022, adquiriu o laborat\u00f3rio canadense Exzell Pharma. Tamb\u00e9m \u00e9 a primeira farmac\u00eautica brasileira com um Centro de PD&amp;I no exterior, localizado em Mississauga (Canad\u00e1).<\/p>\n\n\n\n<p>Ao lado de seus 3.800 colaboradores, a Biolab constr\u00f3i uma hist\u00f3ria de sucesso e prepara-se diariamente para ir mais longe com a determina\u00e7\u00e3o e a certeza de que trilha o caminho do crescimento sustent\u00e1vel, com responsabilidade, respeito \u00e0s pessoas e \u00e0s boas pr\u00e1ticas de gest\u00e3o.<\/p>","protected":false},"featured_media":8038,"template":"","categories":[1576],"acf":[],"yoast_head":"<!-- This site is optimized with the Yoast SEO Premium plugin v24.4 (Yoast SEO v24.4) - https:\/\/yoast.com\/wordpress\/plugins\/seo\/ -->\n<title>Biolab anuncia Camila Clemes como Diretora de Gente e Gest\u00e3o - Biolab &amp; Co<\/title>\n<meta name=\"description\" content=\"Descubra as mudan\u00e7as estrat\u00e9gicas na \u00e1rea de Recursos Humanos da Biolab Farmac\u00eautica, agora chamada de Gente e Gest\u00e3o.\" \/>\n<meta name=\"robots\" content=\"index, follow, max-snippet:-1, max-image-preview:large, max-video-preview:-1\" \/>\n<link rel=\"canonical\" href=\"https:\/\/www.biolabeco.com.br\/en\/press\/biolab-announces-camila-clemes-as-people-and-management-director\/\" \/>\n<meta property=\"og:locale\" content=\"en_US\" \/>\n<meta property=\"og:type\" content=\"article\" \/>\n<meta property=\"og:title\" content=\"Biolab anuncia Camila Clemes como Diretora de Gente e Gest\u00e3o\" \/>\n<meta property=\"og:description\" content=\"Descubra as mudan\u00e7as estrat\u00e9gicas na \u00e1rea de Recursos Humanos da Biolab Farmac\u00eautica, agora chamada de Gente e Gest\u00e3o.\" \/>\n<meta property=\"og:url\" content=\"https:\/\/www.biolabeco.com.br\/en\/press\/biolab-announces-camila-clemes-as-people-and-management-director\/\" \/>\n<meta property=\"og:site_name\" content=\"Biolab &amp; Co\" \/>\n<meta property=\"article:modified_time\" content=\"2025-01-06T13:36:05+00:00\" \/>\n<meta property=\"og:image\" content=\"https:\/\/www.biolabeco.com.br\/wp-content\/uploads\/2024\/11\/Biolab-anuncia-Camila-Clemes-como-Diretora-de-Gente-e-Gestao-Foto-Divulgacao.jpg\" \/>\n\t<meta property=\"og:image:width\" content=\"2000\" \/>\n\t<meta property=\"og:image:height\" content=\"1333\" \/>\n\t<meta property=\"og:image:type\" content=\"image\/jpeg\" \/>\n<meta name=\"twitter:card\" content=\"summary_large_image\" \/>\n<meta name=\"twitter:label1\" content=\"Est. reading time\" \/>\n\t<meta name=\"twitter:data1\" content=\"3 minutes\" \/>\n<script type=\"application\/ld+json\" class=\"yoast-schema-graph\">{\"@context\":\"https:\/\/schema.org\",\"@graph\":[{\"@type\":\"WebPage\",\"@id\":\"https:\/\/www.biolabeco.com.br\/imprensa\/biolab-anuncia-camila-clemes-como-diretora-de-gente-e-gestao\/\",\"url\":\"https:\/\/www.biolabeco.com.br\/imprensa\/biolab-anuncia-camila-clemes-como-diretora-de-gente-e-gestao\/\",\"name\":\"Biolab anuncia Camila Clemes como Diretora de Gente e Gest\u00e3o - Biolab &amp; Co\",\"isPartOf\":{\"@id\":\"https:\/\/www.biolabeco.com.br\/#website\"},\"primaryImageOfPage\":{\"@id\":\"https:\/\/www.biolabeco.com.br\/imprensa\/biolab-anuncia-camila-clemes-como-diretora-de-gente-e-gestao\/#primaryimage\"},\"image\":{\"@id\":\"https:\/\/www.biolabeco.com.br\/imprensa\/biolab-anuncia-camila-clemes-como-diretora-de-gente-e-gestao\/#primaryimage\"},\"thumbnailUrl\":\"https:\/\/www.biolabeco.com.br\/wp-content\/uploads\/2024\/11\/Biolab-anuncia-Camila-Clemes-como-Diretora-de-Gente-e-Gestao-Foto-Divulgacao.jpg\",\"datePublished\":\"2024-11-04T19:12:51+00:00\",\"dateModified\":\"2025-01-06T13:36:05+00:00\",\"description\":\"Descubra as mudan\u00e7as estrat\u00e9gicas na \u00e1rea de Recursos Humanos da Biolab Farmac\u00eautica, agora chamada de Gente e Gest\u00e3o.\",\"breadcrumb\":{\"@id\":\"https:\/\/www.biolabeco.com.br\/imprensa\/biolab-anuncia-camila-clemes-como-diretora-de-gente-e-gestao\/#breadcrumb\"},\"inLanguage\":\"en-US\",\"potentialAction\":[{\"@type\":\"ReadAction\",\"target\":[\"https:\/\/www.biolabeco.com.br\/imprensa\/biolab-anuncia-camila-clemes-como-diretora-de-gente-e-gestao\/\"]}]},{\"@type\":\"ImageObject\",\"inLanguage\":\"en-US\",\"@id\":\"https:\/\/www.biolabeco.com.br\/imprensa\/biolab-anuncia-camila-clemes-como-diretora-de-gente-e-gestao\/#primaryimage\",\"url\":\"https:\/\/www.biolabeco.com.br\/wp-content\/uploads\/2024\/11\/Biolab-anuncia-Camila-Clemes-como-Diretora-de-Gente-e-Gestao-Foto-Divulgacao.jpg\",\"contentUrl\":\"https:\/\/www.biolabeco.com.br\/wp-content\/uploads\/2024\/11\/Biolab-anuncia-Camila-Clemes-como-Diretora-de-Gente-e-Gestao-Foto-Divulgacao.jpg\",\"width\":2000,\"height\":1333,\"caption\":\"Camila Clemes \u00e9 a nova Diretora de Gente e Gest\u00e3o\"},{\"@type\":\"BreadcrumbList\",\"@id\":\"https:\/\/www.biolabeco.com.br\/imprensa\/biolab-anuncia-camila-clemes-como-diretora-de-gente-e-gestao\/#breadcrumb\",\"itemListElement\":[{\"@type\":\"ListItem\",\"position\":1,\"name\":\"Home\",\"item\":\"https:\/\/www.biolabeco.com.br\/\"},{\"@type\":\"ListItem\",\"position\":2,\"name\":\"Biolab anuncia Camila Clemes como Diretora de Gente e Gest\u00e3o\"}]},{\"@type\":\"WebSite\",\"@id\":\"https:\/\/www.biolabeco.com.br\/#website\",\"url\":\"https:\/\/www.biolabeco.com.br\/\",\"name\":\"Biolab\",\"description\":\"Na Biolab &amp; Co, ci\u00eancia e cuidado caminham juntos. Saiba como promovemos sa\u00fade com responsabilidade socioambiental e tecnologia.\",\"potentialAction\":[{\"@type\":\"SearchAction\",\"target\":{\"@type\":\"EntryPoint\",\"urlTemplate\":\"https:\/\/www.biolabeco.com.br\/?s={search_term_string}\"},\"query-input\":{\"@type\":\"PropertyValueSpecification\",\"valueRequired\":true,\"valueName\":\"search_term_string\"}}],\"inLanguage\":\"en-US\"}]}<\/script>\n<!-- \/ Yoast SEO Premium plugin. -->","yoast_head_json":{"title":"Biolab announces Camila Clemes as People and Management Director - Biolab &amp; Co","description":"Discover the strategic changes in Biolab Farmac\u00eautica's Human Resources area, now called People and Management.","robots":{"index":"index","follow":"follow","max-snippet":"max-snippet:-1","max-image-preview":"max-image-preview:large","max-video-preview":"max-video-preview:-1"},"canonical":"https:\/\/www.biolabeco.com.br\/en\/press\/biolab-announces-camila-clemes-as-people-and-management-director\/","og_locale":"en_US","og_type":"article","og_title":"Biolab anuncia Camila Clemes como Diretora de Gente e Gest\u00e3o","og_description":"Descubra as mudan\u00e7as estrat\u00e9gicas na \u00e1rea de Recursos Humanos da Biolab Farmac\u00eautica, agora chamada de Gente e Gest\u00e3o.","og_url":"https:\/\/www.biolabeco.com.br\/en\/press\/biolab-announces-camila-clemes-as-people-and-management-director\/","og_site_name":"Biolab &amp; Co","article_modified_time":"2025-01-06T13:36:05+00:00","og_image":[{"width":2000,"height":1333,"url":"https:\/\/www.biolabeco.com.br\/wp-content\/uploads\/2024\/11\/Biolab-anuncia-Camila-Clemes-como-Diretora-de-Gente-e-Gestao-Foto-Divulgacao.jpg","type":"image\/jpeg"}],"twitter_card":"summary_large_image","twitter_misc":{"Est. reading time":"3 minutes"},"schema":{"@context":"https:\/\/schema.org","@graph":[{"@type":"WebPage","@id":"https:\/\/www.biolabeco.com.br\/imprensa\/biolab-anuncia-camila-clemes-como-diretora-de-gente-e-gestao\/","url":"https:\/\/www.biolabeco.com.br\/imprensa\/biolab-anuncia-camila-clemes-como-diretora-de-gente-e-gestao\/","name":"Biolab announces Camila Clemes as People and Management Director - Biolab &amp; Co","isPartOf":{"@id":"https:\/\/www.biolabeco.com.br\/#website"},"primaryImageOfPage":{"@id":"https:\/\/www.biolabeco.com.br\/imprensa\/biolab-anuncia-camila-clemes-como-diretora-de-gente-e-gestao\/#primaryimage"},"image":{"@id":"https:\/\/www.biolabeco.com.br\/imprensa\/biolab-anuncia-camila-clemes-como-diretora-de-gente-e-gestao\/#primaryimage"},"thumbnailUrl":"https:\/\/www.biolabeco.com.br\/wp-content\/uploads\/2024\/11\/Biolab-anuncia-Camila-Clemes-como-Diretora-de-Gente-e-Gestao-Foto-Divulgacao.jpg","datePublished":"2024-11-04T19:12:51+00:00","dateModified":"2025-01-06T13:36:05+00:00","description":"Discover the strategic changes in Biolab Farmac\u00eautica's Human Resources area, now called People and Management.","breadcrumb":{"@id":"https:\/\/www.biolabeco.com.br\/imprensa\/biolab-anuncia-camila-clemes-como-diretora-de-gente-e-gestao\/#breadcrumb"},"inLanguage":"en-US","potentialAction":[{"@type":"ReadAction","target":["https:\/\/www.biolabeco.com.br\/imprensa\/biolab-anuncia-camila-clemes-como-diretora-de-gente-e-gestao\/"]}]},{"@type":"ImageObject","inLanguage":"en-US","@id":"https:\/\/www.biolabeco.com.br\/imprensa\/biolab-anuncia-camila-clemes-como-diretora-de-gente-e-gestao\/#primaryimage","url":"https:\/\/www.biolabeco.com.br\/wp-content\/uploads\/2024\/11\/Biolab-anuncia-Camila-Clemes-como-Diretora-de-Gente-e-Gestao-Foto-Divulgacao.jpg","contentUrl":"https:\/\/www.biolabeco.com.br\/wp-content\/uploads\/2024\/11\/Biolab-anuncia-Camila-Clemes-como-Diretora-de-Gente-e-Gestao-Foto-Divulgacao.jpg","width":2000,"height":1333,"caption":"Camila Clemes \u00e9 a nova Diretora de Gente e Gest\u00e3o"},{"@type":"BreadcrumbList","@id":"https:\/\/www.biolabeco.com.br\/imprensa\/biolab-anuncia-camila-clemes-como-diretora-de-gente-e-gestao\/#breadcrumb","itemListElement":[{"@type":"ListItem","position":1,"name":"Home","item":"https:\/\/www.biolabeco.com.br\/"},{"@type":"ListItem","position":2,"name":"Biolab anuncia Camila Clemes como Diretora de Gente e Gest\u00e3o"}]},{"@type":"WebSite","@id":"https:\/\/www.biolabeco.com.br\/#website","url":"https:\/\/www.biolabeco.com.br\/","name":"Biolab","description":"At Biolab &amp; Co, science and care go hand in hand. Find out how we promote health with social and environmental responsibility and technology.","potentialAction":[{"@type":"SearchAction","target":{"@type":"EntryPoint","urlTemplate":"https:\/\/www.biolabeco.com.br\/?s={search_term_string}"},"query-input":{"@type":"PropertyValueSpecification","valueRequired":true,"valueName":"search_term_string"}}],"inLanguage":"en-US"}]}},"_links":{"self":[{"href":"https:\/\/www.biolabeco.com.br\/en\/wp-json\/wp\/v2\/imprensa\/8037"}],"collection":[{"href":"https:\/\/www.biolabeco.com.br\/en\/wp-json\/wp\/v2\/imprensa"}],"about":[{"href":"https:\/\/www.biolabeco.com.br\/en\/wp-json\/wp\/v2\/types\/imprensa"}],"version-history":[{"count":1,"href":"https:\/\/www.biolabeco.com.br\/en\/wp-json\/wp\/v2\/imprensa\/8037\/revisions"}],"predecessor-version":[{"id":8039,"href":"https:\/\/www.biolabeco.com.br\/en\/wp-json\/wp\/v2\/imprensa\/8037\/revisions\/8039"}],"wp:featuredmedia":[{"embeddable":true,"href":"https:\/\/www.biolabeco.com.br\/en\/wp-json\/wp\/v2\/media\/8038"}],"wp:attachment":[{"href":"https:\/\/www.biolabeco.com.br\/en\/wp-json\/wp\/v2\/media?parent=8037"}],"wp:term":[{"taxonomy":"category","embeddable":true,"href":"https:\/\/www.biolabeco.com.br\/en\/wp-json\/wp\/v2\/categories?post=8037"}],"curies":[{"name":"wp","href":"https:\/\/api.w.org\/{rel}","templated":true}]}}