{"id":14921,"date":"2025-01-25T17:27:49","date_gmt":"2025-01-25T19:27:49","guid":{"rendered":"https:\/\/www.biolabemcasa.com.br\/?p=547"},"modified":"2025-12-09T14:45:45","modified_gmt":"2025-12-09T17:45:45","slug":"atopic-dermatitis-in-childhood-and-a-warning-for-parents","status":"publish","type":"post","link":"https:\/\/www.biolabeco.com.br\/en\/blog\/gravidez-e-saude-infantil\/na-infancia-dermatite-atopica-e-alerta-para-os-pais\/","title":{"rendered":"Childhood atopic dermatitis is a wake-up call for parents"},"content":{"rendered":"<p>Dry skin and itching are the main characteristics of atopic dermatitis, a chronic inflammatory condition that affects around 20% of children in the first year of life, according to the Brazilian Association of Allergy and Immunology (ASBAI). The onset of the non-contagious disease usually occurs in the first year of life and remains intense until the age of five, with periods of improvement and worsening. In children and babies, atopic dermatitis usually occurs on the elbows, face or knees and possibly other areas of the body. In older children, the lesions are located in the folds of the body, such as the neck, elbows, behind the knees, hands and ankles. These are drier, darker and thicker areas and, in more severe cases, can affect a large part of the body.<\/p>\n<p>Atopic dermatitis has a genetic origin, i.e. it is not transmitted by contact. However, since it is a chronic disease, various factors can trigger spontaneous flare-ups, such as perfumed substances, wool and synthetic fiber clothing, long baths with hot water, emotional stress, environmental pollution, temperature changes, food and infections.<\/p>\n<p>The exact cause of the disease is still unknown, but doctors believe that a combination of dry, irritable skin and a malfunction in the body's immune system are among the most likely causes. However, dry skin itself causes itching. When the child scratches, it allows irritants to enter, which can trigger new flare-ups or even worsen pre-existing lesions. This cycle of itching, lesions and itching is often a long one and affects children's quality of life, causing sleep problems and irritability.<\/p>\n<p>Atopic skin is always very dry, so it's important to take care when bathing to reduce dryness, such as avoiding the use of soaps, loofahs and very hot water. The daily use of body moisturizers to control atopic dermatitis is essential for relieving symptoms and reducing the number of flare-ups. In addition, keeping the environment clean and airy contributes to effective treatment.<\/p>\n<p>Once you've recognized the signs, it's essential to see a dermatologist to start the right treatment. To prevent any flare-ups, here are some tips that may help:<\/p>\n<p>. Bathing should be quick and limited to once a day, as too much can remove the skin's natural moisture.<\/p>\n<p>. Prefer soaps and <a href=\"https:\/\/www.biolabemcasa.com.br\/produtos\/hidrakids-da-locao-bisnaga-com-200g\" target=\"_blank\" rel=\"noopener\">moisturizers for sensitive skin<\/a> and hypoallergenic.<\/p>\n<p>. Opt for cotton clothes, even for the school uniform ? because they are soft and light, they help the skin not to get too hot.<\/p>\n<p>. Try to wash your child's clothes with liquid soap, without softener, and double rinse at the end ? this way you can avoid any product residue.<\/p>\n<p>. Cut your child's nails often ? this will reduce injuries.<\/p>\n<p>. Remove labels from shirts and don't forget to wash new clothes before wearing.<\/p>\n<p><span style=\"font-size: 14px;\"><em>Sources:\u00a0<\/em><\/span><\/p>\n<h6>https:\/\/www.spsp.org.br\/2011\/04\/27\/dermatite_atopica_ou_eczema_infantil\/<br \/>\nhttps:\/\/www.sbp.com.br\/especiais\/pediatria-para-familias\/doencas\/dermatite-atopica-que-doenca-e-esta\/<br \/>\nhttps:\/\/www.scielo.br\/j\/rprs\/a\/pf6NDckWfFt9RmWqnRbRqTb\/?lang=pt<\/p>\n<blockquote class=\"wp-embedded-content\" data-secret=\"wRSHPEzmYv\"><p><a href=\"https:\/\/bvsms.saude.gov.br\/dermatite-atopica\/\">Atopic dermatitis<\/a><\/p><\/blockquote>\n<p><iframe class=\"wp-embedded-content\" sandbox=\"allow-scripts\" security=\"restricted\" style=\"position: absolute; clip: rect(1px, 1px, 1px, 1px);\" title=\"&quot;Atopic Dermatitis&quot; - Biblioteca Virtual em Sa\u00fade MS\" src=\"https:\/\/bvsms.saude.gov.br\/dermatite-atopica\/embed\/#?secret=GErIF9gDkJ#?secret=wRSHPEzmYv\" data-secret=\"wRSHPEzmYv\" width=\"500\" height=\"282\" frameborder=\"0\" marginwidth=\"0\" marginheight=\"0\" scrolling=\"no\"><\/iframe><\/p>\n<blockquote class=\"wp-embedded-content\" data-secret=\"Tt3UKccnUg\"><p><a href=\"https:\/\/www.sbd.org.br\/doencas\/dermatite-atopica\/\">Atopic Dermatitis<\/a><\/p><\/blockquote>\n<p><iframe class=\"wp-embedded-content\" sandbox=\"allow-scripts\" security=\"restricted\" style=\"position: absolute; clip: rect(1px, 1px, 1px, 1px);\" title=\"&quot;Atopic Dermatitis&quot; - SBD\" src=\"https:\/\/www.sbd.org.br\/doencas\/dermatite-atopica\/embed\/#?secret=C321KZYk0T#?secret=Tt3UKccnUg\" data-secret=\"Tt3UKccnUg\" width=\"500\" height=\"282\" frameborder=\"0\" marginwidth=\"0\" marginheight=\"0\" scrolling=\"no\"><\/iframe><br \/>\nhttps:\/\/asbai.org.br\/dos-20-das-criancas-com-dermatite-atopica-5-apresentam-a-forma-mais-grave-da-doenca-2\/#:~:text=Cerca%20de%2020%25%20das%20crian%C3%A7as,aparece%20em%203%25%20dos%20adultos<\/h6>","protected":false},"excerpt":{"rendered":"<p>Pele seca e coceira s\u00e3o as principais caracter\u00edsticas da dermatite at\u00f3pica, condi\u00e7\u00e3o inflamat\u00f3ria cr\u00f4nica que afeta cerca de 20% de crian\u00e7as no primeiro ano de vida, de acordo com a Associa\u00e7\u00e3o Brasileira de Alergia e Imunologia (ASBAI). O aparecimento da doen\u00e7a n\u00e3o contagiosa, ocorre geralmente no primeiro ano de vida e segue intensa at\u00e9 os [&hellip;]<\/p>\n","protected":false},"author":7,"featured_media":14969,"comment_status":"closed","ping_status":"open","sticky":false,"template":"","format":"standard","meta":{"_acf_changed":false,"footnotes":""},"categories":[1622,1619],"tags":[],"acf":[],"yoast_head":"<!-- This site is optimized with the Yoast SEO Premium plugin v24.4 (Yoast SEO v24.4) - https:\/\/yoast.com\/wordpress\/plugins\/seo\/ -->\n<title>Na inf\u00e2ncia, dermatite at\u00f3pica \u00e9 alerta para os pais - Biolab &amp; Co<\/title>\n<meta name=\"robots\" content=\"index, follow, max-snippet:-1, max-image-preview:large, max-video-preview:-1\" \/>\n<link rel=\"canonical\" href=\"https:\/\/www.biolabeco.com.br\/en\/blog\/pregnancy-and-child-health\/atopic-dermatitis-in-childhood-and-a-warning-for-parents\/\" \/>\n<meta property=\"og:locale\" content=\"en_US\" \/>\n<meta property=\"og:type\" content=\"article\" \/>\n<meta property=\"og:title\" content=\"Na inf\u00e2ncia, dermatite at\u00f3pica \u00e9 alerta para os pais\" \/>\n<meta property=\"og:description\" content=\"Pele seca e coceira s\u00e3o as principais caracter\u00edsticas da dermatite at\u00f3pica, condi\u00e7\u00e3o inflamat\u00f3ria cr\u00f4nica que afeta cerca de 20% de crian\u00e7as no primeiro ano de vida, de acordo com a Associa\u00e7\u00e3o Brasileira de Alergia e Imunologia (ASBAI). O aparecimento da doen\u00e7a n\u00e3o contagiosa, ocorre geralmente no primeiro ano de vida e segue intensa at\u00e9 os [&hellip;]\" \/>\n<meta property=\"og:url\" content=\"https:\/\/www.biolabeco.com.br\/en\/blog\/pregnancy-and-child-health\/atopic-dermatitis-in-childhood-and-a-warning-for-parents\/\" \/>\n<meta property=\"og:site_name\" content=\"Biolab &amp; Co\" \/>\n<meta property=\"article:published_time\" content=\"2025-01-25T19:27:49+00:00\" \/>\n<meta property=\"article:modified_time\" content=\"2025-12-09T17:45:45+00:00\" \/>\n<meta property=\"og:image\" content=\"https:\/\/www.biolabeco.com.br\/wp-content\/uploads\/2025\/01\/Banner-Blog-Viver-Bem-Na-infancia-dermatite-atopica-e-alerta-para-os-pais.png.webp\" \/>\n\t<meta property=\"og:image:width\" content=\"1200\" \/>\n\t<meta property=\"og:image:height\" content=\"436\" \/>\n\t<meta property=\"og:image:type\" content=\"image\/webp\" \/>\n<meta name=\"author\" content=\"Yasmim Botelho\" \/>\n<meta name=\"twitter:card\" content=\"summary_large_image\" \/>\n<meta name=\"twitter:label1\" content=\"Written by\" \/>\n\t<meta name=\"twitter:data1\" content=\"Yasmim Botelho\" \/>\n\t<meta name=\"twitter:label2\" content=\"Est. reading time\" \/>\n\t<meta name=\"twitter:data2\" content=\"3 minutes\" \/>\n<script type=\"application\/ld+json\" class=\"yoast-schema-graph\">{\"@context\":\"https:\/\/schema.org\",\"@graph\":[{\"@type\":\"WebPage\",\"@id\":\"https:\/\/www.biolabeco.com.br\/blog\/gravidez-e-saude-infantil\/na-infancia-dermatite-atopica-e-alerta-para-os-pais\/\",\"url\":\"https:\/\/www.biolabeco.com.br\/blog\/gravidez-e-saude-infantil\/na-infancia-dermatite-atopica-e-alerta-para-os-pais\/\",\"name\":\"Na inf\u00e2ncia, dermatite at\u00f3pica \u00e9 alerta para os pais - Biolab &amp; Co\",\"isPartOf\":{\"@id\":\"https:\/\/www.biolabeco.com.br\/#website\"},\"primaryImageOfPage\":{\"@id\":\"https:\/\/www.biolabeco.com.br\/blog\/gravidez-e-saude-infantil\/na-infancia-dermatite-atopica-e-alerta-para-os-pais\/#primaryimage\"},\"image\":{\"@id\":\"https:\/\/www.biolabeco.com.br\/blog\/gravidez-e-saude-infantil\/na-infancia-dermatite-atopica-e-alerta-para-os-pais\/#primaryimage\"},\"thumbnailUrl\":\"https:\/\/www.biolabeco.com.br\/wp-content\/uploads\/2025\/01\/Banner-Blog-Viver-Bem-Na-infancia-dermatite-atopica-e-alerta-para-os-pais.png.webp\",\"datePublished\":\"2025-01-25T19:27:49+00:00\",\"dateModified\":\"2025-12-09T17:45:45+00:00\",\"author\":{\"@id\":\"https:\/\/www.biolabeco.com.br\/#\/schema\/person\/bb07d50e32d20028751837031a066fac\"},\"breadcrumb\":{\"@id\":\"https:\/\/www.biolabeco.com.br\/blog\/gravidez-e-saude-infantil\/na-infancia-dermatite-atopica-e-alerta-para-os-pais\/#breadcrumb\"},\"inLanguage\":\"en-US\",\"potentialAction\":[{\"@type\":\"ReadAction\",\"target\":[\"https:\/\/www.biolabeco.com.br\/blog\/gravidez-e-saude-infantil\/na-infancia-dermatite-atopica-e-alerta-para-os-pais\/\"]}]},{\"@type\":\"ImageObject\",\"inLanguage\":\"en-US\",\"@id\":\"https:\/\/www.biolabeco.com.br\/blog\/gravidez-e-saude-infantil\/na-infancia-dermatite-atopica-e-alerta-para-os-pais\/#primaryimage\",\"url\":\"https:\/\/www.biolabeco.com.br\/wp-content\/uploads\/2025\/01\/Banner-Blog-Viver-Bem-Na-infancia-dermatite-atopica-e-alerta-para-os-pais.png.webp\",\"contentUrl\":\"https:\/\/www.biolabeco.com.br\/wp-content\/uploads\/2025\/01\/Banner-Blog-Viver-Bem-Na-infancia-dermatite-atopica-e-alerta-para-os-pais.png.webp\",\"width\":1200,\"height\":436},{\"@type\":\"BreadcrumbList\",\"@id\":\"https:\/\/www.biolabeco.com.br\/blog\/gravidez-e-saude-infantil\/na-infancia-dermatite-atopica-e-alerta-para-os-pais\/#breadcrumb\",\"itemListElement\":[{\"@type\":\"ListItem\",\"position\":1,\"name\":\"Home\",\"item\":\"https:\/\/www.biolabeco.com.br\/\"},{\"@type\":\"ListItem\",\"position\":2,\"name\":\"Na inf\u00e2ncia, dermatite at\u00f3pica \u00e9 alerta para os pais\"}]},{\"@type\":\"WebSite\",\"@id\":\"https:\/\/www.biolabeco.com.br\/#website\",\"url\":\"https:\/\/www.biolabeco.com.br\/\",\"name\":\"Biolab\",\"description\":\"Na Biolab &amp; Co, ci\u00eancia e cuidado caminham juntos. Saiba como promovemos sa\u00fade com responsabilidade socioambiental e tecnologia.\",\"potentialAction\":[{\"@type\":\"SearchAction\",\"target\":{\"@type\":\"EntryPoint\",\"urlTemplate\":\"https:\/\/www.biolabeco.com.br\/?s={search_term_string}\"},\"query-input\":{\"@type\":\"PropertyValueSpecification\",\"valueRequired\":true,\"valueName\":\"search_term_string\"}}],\"inLanguage\":\"en-US\"},{\"@type\":\"Person\",\"@id\":\"https:\/\/www.biolabeco.com.br\/#\/schema\/person\/bb07d50e32d20028751837031a066fac\",\"name\":\"Yasmim Botelho\",\"image\":{\"@type\":\"ImageObject\",\"inLanguage\":\"en-US\",\"@id\":\"https:\/\/www.biolabeco.com.br\/#\/schema\/person\/image\/\",\"url\":\"https:\/\/secure.gravatar.com\/avatar\/9d0fea0daa82eb99e89f9f8c0e5ab7f7?s=96&d=mm&r=g\",\"contentUrl\":\"https:\/\/secure.gravatar.com\/avatar\/9d0fea0daa82eb99e89f9f8c0e5ab7f7?s=96&d=mm&r=g\",\"caption\":\"Yasmim Botelho\"},\"url\":\"https:\/\/www.biolabeco.com.br\/en\/author\/yalves\/\"}]}<\/script>\n<!-- \/ Yoast SEO Premium plugin. -->","yoast_head_json":{"title":"Childhood atopic dermatitis is a wake-up call for parents - Biolab &amp; Co","robots":{"index":"index","follow":"follow","max-snippet":"max-snippet:-1","max-image-preview":"max-image-preview:large","max-video-preview":"max-video-preview:-1"},"canonical":"https:\/\/www.biolabeco.com.br\/en\/blog\/pregnancy-and-child-health\/atopic-dermatitis-in-childhood-and-a-warning-for-parents\/","og_locale":"en_US","og_type":"article","og_title":"Na inf\u00e2ncia, dermatite at\u00f3pica \u00e9 alerta para os pais","og_description":"Pele seca e coceira s\u00e3o as principais caracter\u00edsticas da dermatite at\u00f3pica, condi\u00e7\u00e3o inflamat\u00f3ria cr\u00f4nica que afeta cerca de 20% de crian\u00e7as no primeiro ano de vida, de acordo com a Associa\u00e7\u00e3o Brasileira de Alergia e Imunologia (ASBAI). O aparecimento da doen\u00e7a n\u00e3o contagiosa, ocorre geralmente no primeiro ano de vida e segue intensa at\u00e9 os [&hellip;]","og_url":"https:\/\/www.biolabeco.com.br\/en\/blog\/pregnancy-and-child-health\/atopic-dermatitis-in-childhood-and-a-warning-for-parents\/","og_site_name":"Biolab &amp; Co","article_published_time":"2025-01-25T19:27:49+00:00","article_modified_time":"2025-12-09T17:45:45+00:00","og_image":[{"width":1200,"height":436,"url":"https:\/\/www.biolabeco.com.br\/wp-content\/uploads\/2025\/01\/Banner-Blog-Viver-Bem-Na-infancia-dermatite-atopica-e-alerta-para-os-pais.png.webp","type":"image\/webp"}],"author":"Yasmim Botelho","twitter_card":"summary_large_image","twitter_misc":{"Written by":"Yasmim Botelho","Est. reading time":"3 minutes"},"schema":{"@context":"https:\/\/schema.org","@graph":[{"@type":"WebPage","@id":"https:\/\/www.biolabeco.com.br\/blog\/gravidez-e-saude-infantil\/na-infancia-dermatite-atopica-e-alerta-para-os-pais\/","url":"https:\/\/www.biolabeco.com.br\/blog\/gravidez-e-saude-infantil\/na-infancia-dermatite-atopica-e-alerta-para-os-pais\/","name":"Childhood atopic dermatitis is a wake-up call for parents - Biolab &amp; Co","isPartOf":{"@id":"https:\/\/www.biolabeco.com.br\/#website"},"primaryImageOfPage":{"@id":"https:\/\/www.biolabeco.com.br\/blog\/gravidez-e-saude-infantil\/na-infancia-dermatite-atopica-e-alerta-para-os-pais\/#primaryimage"},"image":{"@id":"https:\/\/www.biolabeco.com.br\/blog\/gravidez-e-saude-infantil\/na-infancia-dermatite-atopica-e-alerta-para-os-pais\/#primaryimage"},"thumbnailUrl":"https:\/\/www.biolabeco.com.br\/wp-content\/uploads\/2025\/01\/Banner-Blog-Viver-Bem-Na-infancia-dermatite-atopica-e-alerta-para-os-pais.png.webp","datePublished":"2025-01-25T19:27:49+00:00","dateModified":"2025-12-09T17:45:45+00:00","author":{"@id":"https:\/\/www.biolabeco.com.br\/#\/schema\/person\/bb07d50e32d20028751837031a066fac"},"breadcrumb":{"@id":"https:\/\/www.biolabeco.com.br\/blog\/gravidez-e-saude-infantil\/na-infancia-dermatite-atopica-e-alerta-para-os-pais\/#breadcrumb"},"inLanguage":"en-US","potentialAction":[{"@type":"ReadAction","target":["https:\/\/www.biolabeco.com.br\/blog\/gravidez-e-saude-infantil\/na-infancia-dermatite-atopica-e-alerta-para-os-pais\/"]}]},{"@type":"ImageObject","inLanguage":"en-US","@id":"https:\/\/www.biolabeco.com.br\/blog\/gravidez-e-saude-infantil\/na-infancia-dermatite-atopica-e-alerta-para-os-pais\/#primaryimage","url":"https:\/\/www.biolabeco.com.br\/wp-content\/uploads\/2025\/01\/Banner-Blog-Viver-Bem-Na-infancia-dermatite-atopica-e-alerta-para-os-pais.png.webp","contentUrl":"https:\/\/www.biolabeco.com.br\/wp-content\/uploads\/2025\/01\/Banner-Blog-Viver-Bem-Na-infancia-dermatite-atopica-e-alerta-para-os-pais.png.webp","width":1200,"height":436},{"@type":"BreadcrumbList","@id":"https:\/\/www.biolabeco.com.br\/blog\/gravidez-e-saude-infantil\/na-infancia-dermatite-atopica-e-alerta-para-os-pais\/#breadcrumb","itemListElement":[{"@type":"ListItem","position":1,"name":"Home","item":"https:\/\/www.biolabeco.com.br\/"},{"@type":"ListItem","position":2,"name":"Na inf\u00e2ncia, dermatite at\u00f3pica \u00e9 alerta para os pais"}]},{"@type":"WebSite","@id":"https:\/\/www.biolabeco.com.br\/#website","url":"https:\/\/www.biolabeco.com.br\/","name":"Biolab","description":"At Biolab &amp; Co, science and care go hand in hand. Find out how we promote health with social and environmental responsibility and technology.","potentialAction":[{"@type":"SearchAction","target":{"@type":"EntryPoint","urlTemplate":"https:\/\/www.biolabeco.com.br\/?s={search_term_string}"},"query-input":{"@type":"PropertyValueSpecification","valueRequired":true,"valueName":"search_term_string"}}],"inLanguage":"en-US"},{"@type":"Person","@id":"https:\/\/www.biolabeco.com.br\/#\/schema\/person\/bb07d50e32d20028751837031a066fac","name":"Yasmim Botelho","image":{"@type":"ImageObject","inLanguage":"en-US","@id":"https:\/\/www.biolabeco.com.br\/#\/schema\/person\/image\/","url":"https:\/\/secure.gravatar.com\/avatar\/9d0fea0daa82eb99e89f9f8c0e5ab7f7?s=96&d=mm&r=g","contentUrl":"https:\/\/secure.gravatar.com\/avatar\/9d0fea0daa82eb99e89f9f8c0e5ab7f7?s=96&d=mm&r=g","caption":"Yasmim Botelho"},"url":"https:\/\/www.biolabeco.com.br\/en\/author\/yalves\/"}]}},"_links":{"self":[{"href":"https:\/\/www.biolabeco.com.br\/en\/wp-json\/wp\/v2\/posts\/14921"}],"collection":[{"href":"https:\/\/www.biolabeco.com.br\/en\/wp-json\/wp\/v2\/posts"}],"about":[{"href":"https:\/\/www.biolabeco.com.br\/en\/wp-json\/wp\/v2\/types\/post"}],"author":[{"embeddable":true,"href":"https:\/\/www.biolabeco.com.br\/en\/wp-json\/wp\/v2\/users\/7"}],"replies":[{"embeddable":true,"href":"https:\/\/www.biolabeco.com.br\/en\/wp-json\/wp\/v2\/comments?post=14921"}],"version-history":[{"count":1,"href":"https:\/\/www.biolabeco.com.br\/en\/wp-json\/wp\/v2\/posts\/14921\/revisions"}],"predecessor-version":[{"id":14970,"href":"https:\/\/www.biolabeco.com.br\/en\/wp-json\/wp\/v2\/posts\/14921\/revisions\/14970"}],"wp:featuredmedia":[{"embeddable":true,"href":"https:\/\/www.biolabeco.com.br\/en\/wp-json\/wp\/v2\/media\/14969"}],"wp:attachment":[{"href":"https:\/\/www.biolabeco.com.br\/en\/wp-json\/wp\/v2\/media?parent=14921"}],"wp:term":[{"taxonomy":"category","embeddable":true,"href":"https:\/\/www.biolabeco.com.br\/en\/wp-json\/wp\/v2\/categories?post=14921"},{"taxonomy":"post_tag","embeddable":true,"href":"https:\/\/www.biolabeco.com.br\/en\/wp-json\/wp\/v2\/tags?post=14921"}],"curies":[{"name":"wp","href":"https:\/\/api.w.org\/{rel}","templated":true}]}}