{"id":14925,"date":"2025-02-10T16:59:03","date_gmt":"2025-02-10T18:59:03","guid":{"rendered":"https:\/\/www.biolabemcasa.com.br\/?p=531"},"modified":"2025-12-09T14:49:15","modified_gmt":"2025-12-09T17:49:15","slug":"what-sleep-has-to-do-with-mental-health","status":"publish","type":"post","link":"https:\/\/www.biolabeco.com.br\/en\/blog\/prevencao-e-imunidade\/o-que-o-sono-tem-a-ver-com-a-saude-mental\/","title":{"rendered":"What does sleep have to do with mental health?"},"content":{"rendered":"<p>Most people have had an episode of insomnia in their lives. It is one of the most common sleep disorders and, according to the Brazilian Sleep Association (ABS), one in three Brazilians suffers from it.<\/p>\n<p>Insomnia is characterized by difficulty falling asleep or maintaining continuous sleep throughout the night. There are two types: transient insomnia and chronic insomnia.<\/p>\n<p>When we get anxious or excited, for example, about a long-awaited trip, an important meeting at work or even a school exam, we can end up not getting enough sleep until these events occur ? this is what we call transient insomnia. It also appears in situations of worry or sadness, but in both cases it disappears after a few days, or even a few weeks.<\/p>\n<p>The other type (chronic insomnia) is more intense than the previous one and lasts for months or years. It is more complex and can involve external factors such as the environment and even other conditions. For this reason, it should be investigated by medical specialists, as the condition can be associated with other illnesses, which is very common in today's insomnia scenario - we call it comorbid insomnia. In addition to the discomfort, sleepless nights wear down the body and mind, causing difficulty concentrating, headaches and stress, impairing performance in everyday activities, work and studies.<\/p>\n<p>Prolonged sleep deprivation alters the immune system and is among the factors that lead to cardiovascular diseases such as arrhythmia, respiratory diseases (asthma) and psychiatric illnesses (depression and anxiety). The list is long and includes obesity and even diabetes. So keep an eye on how your body is reacting during the day, as this may be a reflection of the quality of your sleep.<\/p>\n<p>It's important to note that not only does insomnia cause or aggravate existing anxiety and depression disorders, but the opposite is also true, since this disorder can be one of the symptoms of these emotional conditions. As they are related illnesses, regardless of the diagnosis, one condition aggravates the other, as the mind is unable to rest due to the excess of thoughts.<\/p>\n<p>After all, too much time awake generates thoughts, which lead to insomnia, which in turn causes restlessness and, together, causes emotional disorders and vice versa, making it a cycle that is difficult to break without medical help.<\/p>\n<p>Some groups are more affected by insomnia, such as women, mainly due to hormonal variations. The elderly are also part of this group because they sleep more fragmented and have more comorbidities that interfere with day-night functioning. Although insomnia is multifactorial, there are healthy habits that influence sleep quality and can be put into practice in the routine:<\/p>\n<p>. Try to go to bed and get up at the same times every day, even on weekends.<\/p>\n<p>. Avoid napping for more than 30 minutes during the day<\/p>\n<p>. Do physical activity in the morning or afternoon<\/p>\n<p>. Avoid caffeinated drinks in the evening<\/p>\n<p>. Make sure the room is completely dark<\/p>\n<p>. Do relaxing activities in the evening, such as reading or meditating<\/p>\n<p>. Choose light foods for dinner<\/p>\n<p>. Avoid using screens for at least 1 hour before going to bed.<\/p>\n<p>If you experience difficulty sleeping or changes in the quality of your sleep, consult a doctor to check for physical issues and assess your mental health. Insomnia is treated on a case-by-case basis and varies between therapy, lifestyle changes and specific medication. The Neurologist is the specialist indicated for the treatment of insomnia and if they suspect any comorbidity they should refer the patient for joint follow-up with another specialist and include a multidisciplinary team in their treatment.<\/p>\n<p>Sleep is essential for the proper functioning of the body and mind. Incorporate healthy habits into your life!<\/p>\n<p><em><span style=\"font-size: 14px;\">Sources:<\/span><\/em><\/p>\n<h6>https:\/\/bvsms.saude.gov.br\/bvs\/dicas\/256_disturbios_sono.html<\/h6>\n<h6>https:\/\/absono.com.br\/wp-content\/uploads\/2022\/06\/revista_sono_ed29_online.pdf<\/h6>\n<h6>https:\/\/www12.senado.leg.br\/institucional\/sis\/noticias-comum\/higiene-do-sono-saiba-o-que-e-e-como-ela-pode-melhorar-a-sua-vida<\/h6>\n<h6>https:\/\/www.gov.br\/saude\/pt-br\/assuntos\/noticias\/2023\/marco\/voce-ja-teve-insonia-saiba-que-72-dos-brasileiros-sofrem-com-alteracoes-no-sono<\/h6>\n<h6>https:\/\/www.prefeitura.sp.gov.br\/cidade\/secretarias\/saude\/noticias\/?p=273184<\/h6>\n<h6>https:\/\/www.saude.ce.gov.br\/2023\/03\/16\/sono-e-saude-mental-insonia-pode-ser-indicio-de-algum-transtorno-psiquiatrico\/<\/h6>","protected":false},"excerpt":{"rendered":"<p>A maioria das pessoas j\u00e1 teve um epis\u00f3dio de ins\u00f4nia na vida. Ela \u00e9 um dos dist\u00farbios de sono mais comuns e, de acordo com a Associa\u00e7\u00e3o Brasileira do Sono (ABS), um em cada tr\u00eas brasileiros sofre dessa condi\u00e7\u00e3o. A ins\u00f4nia caracteriza-se pela dificuldade em pegar no sono ou manter sono cont\u00ednuo durante a noite. [&hellip;]<\/p>\n","protected":false},"author":7,"featured_media":14981,"comment_status":"closed","ping_status":"closed","sticky":false,"template":"","format":"standard","meta":{"_acf_changed":false,"footnotes":""},"categories":[1618,1617,1616],"tags":[],"acf":[],"yoast_head":"<!-- This site is optimized with the Yoast SEO Premium plugin v24.4 (Yoast SEO v24.4) - https:\/\/yoast.com\/wordpress\/plugins\/seo\/ -->\n<title>O que o sono tem a ver com a sa\u00fade mental? - Biolab &amp; Co<\/title>\n<meta name=\"robots\" content=\"index, follow, max-snippet:-1, max-image-preview:large, max-video-preview:-1\" \/>\n<link rel=\"canonical\" href=\"https:\/\/www.biolabeco.com.br\/en\/blog\/prevention-and-immunity\/what-sleep-has-to-do-with-mental-health\/\" \/>\n<meta property=\"og:locale\" content=\"en_US\" \/>\n<meta property=\"og:type\" content=\"article\" \/>\n<meta property=\"og:title\" content=\"O que o sono tem a ver com a sa\u00fade mental?\" \/>\n<meta property=\"og:description\" content=\"A maioria das pessoas j\u00e1 teve um epis\u00f3dio de ins\u00f4nia na vida. Ela \u00e9 um dos dist\u00farbios de sono mais comuns e, de acordo com a Associa\u00e7\u00e3o Brasileira do Sono (ABS), um em cada tr\u00eas brasileiros sofre dessa condi\u00e7\u00e3o. A ins\u00f4nia caracteriza-se pela dificuldade em pegar no sono ou manter sono cont\u00ednuo durante a noite. [&hellip;]\" \/>\n<meta property=\"og:url\" content=\"https:\/\/www.biolabeco.com.br\/en\/blog\/prevention-and-immunity\/what-sleep-has-to-do-with-mental-health\/\" \/>\n<meta property=\"og:site_name\" content=\"Biolab &amp; Co\" \/>\n<meta property=\"article:published_time\" content=\"2025-02-10T18:59:03+00:00\" \/>\n<meta property=\"article:modified_time\" content=\"2025-12-09T17:49:15+00:00\" \/>\n<meta property=\"og:image\" content=\"https:\/\/www.biolabeco.com.br\/wp-content\/uploads\/2025\/02\/Banner-Blog-Viver-Bem-O-que-o-sono-tem-a-ver-com-a-saude-mental.png.webp\" \/>\n\t<meta property=\"og:image:width\" content=\"1200\" \/>\n\t<meta property=\"og:image:height\" content=\"436\" \/>\n\t<meta property=\"og:image:type\" content=\"image\/webp\" \/>\n<meta name=\"author\" content=\"Yasmim Botelho\" \/>\n<meta name=\"twitter:card\" content=\"summary_large_image\" \/>\n<meta name=\"twitter:label1\" content=\"Written by\" \/>\n\t<meta name=\"twitter:data1\" content=\"Yasmim Botelho\" \/>\n\t<meta name=\"twitter:label2\" content=\"Est. reading time\" \/>\n\t<meta name=\"twitter:data2\" content=\"4 minutes\" \/>\n<script type=\"application\/ld+json\" class=\"yoast-schema-graph\">{\"@context\":\"https:\/\/schema.org\",\"@graph\":[{\"@type\":\"WebPage\",\"@id\":\"https:\/\/www.biolabeco.com.br\/blog\/prevencao-e-imunidade\/o-que-o-sono-tem-a-ver-com-a-saude-mental\/\",\"url\":\"https:\/\/www.biolabeco.com.br\/blog\/prevencao-e-imunidade\/o-que-o-sono-tem-a-ver-com-a-saude-mental\/\",\"name\":\"O que o sono tem a ver com a sa\u00fade mental? - Biolab &amp; Co\",\"isPartOf\":{\"@id\":\"https:\/\/www.biolabeco.com.br\/#website\"},\"primaryImageOfPage\":{\"@id\":\"https:\/\/www.biolabeco.com.br\/blog\/prevencao-e-imunidade\/o-que-o-sono-tem-a-ver-com-a-saude-mental\/#primaryimage\"},\"image\":{\"@id\":\"https:\/\/www.biolabeco.com.br\/blog\/prevencao-e-imunidade\/o-que-o-sono-tem-a-ver-com-a-saude-mental\/#primaryimage\"},\"thumbnailUrl\":\"https:\/\/www.biolabeco.com.br\/wp-content\/uploads\/2025\/02\/Banner-Blog-Viver-Bem-O-que-o-sono-tem-a-ver-com-a-saude-mental.png.webp\",\"datePublished\":\"2025-02-10T18:59:03+00:00\",\"dateModified\":\"2025-12-09T17:49:15+00:00\",\"author\":{\"@id\":\"https:\/\/www.biolabeco.com.br\/#\/schema\/person\/bb07d50e32d20028751837031a066fac\"},\"breadcrumb\":{\"@id\":\"https:\/\/www.biolabeco.com.br\/blog\/prevencao-e-imunidade\/o-que-o-sono-tem-a-ver-com-a-saude-mental\/#breadcrumb\"},\"inLanguage\":\"en-US\",\"potentialAction\":[{\"@type\":\"ReadAction\",\"target\":[\"https:\/\/www.biolabeco.com.br\/blog\/prevencao-e-imunidade\/o-que-o-sono-tem-a-ver-com-a-saude-mental\/\"]}]},{\"@type\":\"ImageObject\",\"inLanguage\":\"en-US\",\"@id\":\"https:\/\/www.biolabeco.com.br\/blog\/prevencao-e-imunidade\/o-que-o-sono-tem-a-ver-com-a-saude-mental\/#primaryimage\",\"url\":\"https:\/\/www.biolabeco.com.br\/wp-content\/uploads\/2025\/02\/Banner-Blog-Viver-Bem-O-que-o-sono-tem-a-ver-com-a-saude-mental.png.webp\",\"contentUrl\":\"https:\/\/www.biolabeco.com.br\/wp-content\/uploads\/2025\/02\/Banner-Blog-Viver-Bem-O-que-o-sono-tem-a-ver-com-a-saude-mental.png.webp\",\"width\":1200,\"height\":436},{\"@type\":\"BreadcrumbList\",\"@id\":\"https:\/\/www.biolabeco.com.br\/blog\/prevencao-e-imunidade\/o-que-o-sono-tem-a-ver-com-a-saude-mental\/#breadcrumb\",\"itemListElement\":[{\"@type\":\"ListItem\",\"position\":1,\"name\":\"Home\",\"item\":\"https:\/\/www.biolabeco.com.br\/\"},{\"@type\":\"ListItem\",\"position\":2,\"name\":\"O que o sono tem a ver com a sa\u00fade mental?\"}]},{\"@type\":\"WebSite\",\"@id\":\"https:\/\/www.biolabeco.com.br\/#website\",\"url\":\"https:\/\/www.biolabeco.com.br\/\",\"name\":\"Biolab\",\"description\":\"Na Biolab &amp; Co, ci\u00eancia e cuidado caminham juntos. Saiba como promovemos sa\u00fade com responsabilidade socioambiental e tecnologia.\",\"potentialAction\":[{\"@type\":\"SearchAction\",\"target\":{\"@type\":\"EntryPoint\",\"urlTemplate\":\"https:\/\/www.biolabeco.com.br\/?s={search_term_string}\"},\"query-input\":{\"@type\":\"PropertyValueSpecification\",\"valueRequired\":true,\"valueName\":\"search_term_string\"}}],\"inLanguage\":\"en-US\"},{\"@type\":\"Person\",\"@id\":\"https:\/\/www.biolabeco.com.br\/#\/schema\/person\/bb07d50e32d20028751837031a066fac\",\"name\":\"Yasmim Botelho\",\"image\":{\"@type\":\"ImageObject\",\"inLanguage\":\"en-US\",\"@id\":\"https:\/\/www.biolabeco.com.br\/#\/schema\/person\/image\/\",\"url\":\"https:\/\/secure.gravatar.com\/avatar\/9d0fea0daa82eb99e89f9f8c0e5ab7f7?s=96&d=mm&r=g\",\"contentUrl\":\"https:\/\/secure.gravatar.com\/avatar\/9d0fea0daa82eb99e89f9f8c0e5ab7f7?s=96&d=mm&r=g\",\"caption\":\"Yasmim Botelho\"},\"url\":\"https:\/\/www.biolabeco.com.br\/en\/author\/yalves\/\"}]}<\/script>\n<!-- \/ Yoast SEO Premium plugin. -->","yoast_head_json":{"title":"What does sleep have to do with mental health? - Biolab &amp; Co","robots":{"index":"index","follow":"follow","max-snippet":"max-snippet:-1","max-image-preview":"max-image-preview:large","max-video-preview":"max-video-preview:-1"},"canonical":"https:\/\/www.biolabeco.com.br\/en\/blog\/prevention-and-immunity\/what-sleep-has-to-do-with-mental-health\/","og_locale":"en_US","og_type":"article","og_title":"O que o sono tem a ver com a sa\u00fade mental?","og_description":"A maioria das pessoas j\u00e1 teve um epis\u00f3dio de ins\u00f4nia na vida. Ela \u00e9 um dos dist\u00farbios de sono mais comuns e, de acordo com a Associa\u00e7\u00e3o Brasileira do Sono (ABS), um em cada tr\u00eas brasileiros sofre dessa condi\u00e7\u00e3o. A ins\u00f4nia caracteriza-se pela dificuldade em pegar no sono ou manter sono cont\u00ednuo durante a noite. [&hellip;]","og_url":"https:\/\/www.biolabeco.com.br\/en\/blog\/prevention-and-immunity\/what-sleep-has-to-do-with-mental-health\/","og_site_name":"Biolab &amp; Co","article_published_time":"2025-02-10T18:59:03+00:00","article_modified_time":"2025-12-09T17:49:15+00:00","og_image":[{"width":1200,"height":436,"url":"https:\/\/www.biolabeco.com.br\/wp-content\/uploads\/2025\/02\/Banner-Blog-Viver-Bem-O-que-o-sono-tem-a-ver-com-a-saude-mental.png.webp","type":"image\/webp"}],"author":"Yasmim Botelho","twitter_card":"summary_large_image","twitter_misc":{"Written by":"Yasmim Botelho","Est. reading time":"4 minutes"},"schema":{"@context":"https:\/\/schema.org","@graph":[{"@type":"WebPage","@id":"https:\/\/www.biolabeco.com.br\/blog\/prevencao-e-imunidade\/o-que-o-sono-tem-a-ver-com-a-saude-mental\/","url":"https:\/\/www.biolabeco.com.br\/blog\/prevencao-e-imunidade\/o-que-o-sono-tem-a-ver-com-a-saude-mental\/","name":"What does sleep have to do with mental health? - Biolab &amp; Co","isPartOf":{"@id":"https:\/\/www.biolabeco.com.br\/#website"},"primaryImageOfPage":{"@id":"https:\/\/www.biolabeco.com.br\/blog\/prevencao-e-imunidade\/o-que-o-sono-tem-a-ver-com-a-saude-mental\/#primaryimage"},"image":{"@id":"https:\/\/www.biolabeco.com.br\/blog\/prevencao-e-imunidade\/o-que-o-sono-tem-a-ver-com-a-saude-mental\/#primaryimage"},"thumbnailUrl":"https:\/\/www.biolabeco.com.br\/wp-content\/uploads\/2025\/02\/Banner-Blog-Viver-Bem-O-que-o-sono-tem-a-ver-com-a-saude-mental.png.webp","datePublished":"2025-02-10T18:59:03+00:00","dateModified":"2025-12-09T17:49:15+00:00","author":{"@id":"https:\/\/www.biolabeco.com.br\/#\/schema\/person\/bb07d50e32d20028751837031a066fac"},"breadcrumb":{"@id":"https:\/\/www.biolabeco.com.br\/blog\/prevencao-e-imunidade\/o-que-o-sono-tem-a-ver-com-a-saude-mental\/#breadcrumb"},"inLanguage":"en-US","potentialAction":[{"@type":"ReadAction","target":["https:\/\/www.biolabeco.com.br\/blog\/prevencao-e-imunidade\/o-que-o-sono-tem-a-ver-com-a-saude-mental\/"]}]},{"@type":"ImageObject","inLanguage":"en-US","@id":"https:\/\/www.biolabeco.com.br\/blog\/prevencao-e-imunidade\/o-que-o-sono-tem-a-ver-com-a-saude-mental\/#primaryimage","url":"https:\/\/www.biolabeco.com.br\/wp-content\/uploads\/2025\/02\/Banner-Blog-Viver-Bem-O-que-o-sono-tem-a-ver-com-a-saude-mental.png.webp","contentUrl":"https:\/\/www.biolabeco.com.br\/wp-content\/uploads\/2025\/02\/Banner-Blog-Viver-Bem-O-que-o-sono-tem-a-ver-com-a-saude-mental.png.webp","width":1200,"height":436},{"@type":"BreadcrumbList","@id":"https:\/\/www.biolabeco.com.br\/blog\/prevencao-e-imunidade\/o-que-o-sono-tem-a-ver-com-a-saude-mental\/#breadcrumb","itemListElement":[{"@type":"ListItem","position":1,"name":"Home","item":"https:\/\/www.biolabeco.com.br\/"},{"@type":"ListItem","position":2,"name":"O que o sono tem a ver com a sa\u00fade mental?"}]},{"@type":"WebSite","@id":"https:\/\/www.biolabeco.com.br\/#website","url":"https:\/\/www.biolabeco.com.br\/","name":"Biolab","description":"At Biolab &amp; Co, science and care go hand in hand. Find out how we promote health with social and environmental responsibility and technology.","potentialAction":[{"@type":"SearchAction","target":{"@type":"EntryPoint","urlTemplate":"https:\/\/www.biolabeco.com.br\/?s={search_term_string}"},"query-input":{"@type":"PropertyValueSpecification","valueRequired":true,"valueName":"search_term_string"}}],"inLanguage":"en-US"},{"@type":"Person","@id":"https:\/\/www.biolabeco.com.br\/#\/schema\/person\/bb07d50e32d20028751837031a066fac","name":"Yasmim Botelho","image":{"@type":"ImageObject","inLanguage":"en-US","@id":"https:\/\/www.biolabeco.com.br\/#\/schema\/person\/image\/","url":"https:\/\/secure.gravatar.com\/avatar\/9d0fea0daa82eb99e89f9f8c0e5ab7f7?s=96&d=mm&r=g","contentUrl":"https:\/\/secure.gravatar.com\/avatar\/9d0fea0daa82eb99e89f9f8c0e5ab7f7?s=96&d=mm&r=g","caption":"Yasmim Botelho"},"url":"https:\/\/www.biolabeco.com.br\/en\/author\/yalves\/"}]}},"_links":{"self":[{"href":"https:\/\/www.biolabeco.com.br\/en\/wp-json\/wp\/v2\/posts\/14925"}],"collection":[{"href":"https:\/\/www.biolabeco.com.br\/en\/wp-json\/wp\/v2\/posts"}],"about":[{"href":"https:\/\/www.biolabeco.com.br\/en\/wp-json\/wp\/v2\/types\/post"}],"author":[{"embeddable":true,"href":"https:\/\/www.biolabeco.com.br\/en\/wp-json\/wp\/v2\/users\/7"}],"replies":[{"embeddable":true,"href":"https:\/\/www.biolabeco.com.br\/en\/wp-json\/wp\/v2\/comments?post=14925"}],"version-history":[{"count":1,"href":"https:\/\/www.biolabeco.com.br\/en\/wp-json\/wp\/v2\/posts\/14925\/revisions"}],"predecessor-version":[{"id":14982,"href":"https:\/\/www.biolabeco.com.br\/en\/wp-json\/wp\/v2\/posts\/14925\/revisions\/14982"}],"wp:featuredmedia":[{"embeddable":true,"href":"https:\/\/www.biolabeco.com.br\/en\/wp-json\/wp\/v2\/media\/14981"}],"wp:attachment":[{"href":"https:\/\/www.biolabeco.com.br\/en\/wp-json\/wp\/v2\/media?parent=14925"}],"wp:term":[{"taxonomy":"category","embeddable":true,"href":"https:\/\/www.biolabeco.com.br\/en\/wp-json\/wp\/v2\/categories?post=14925"},{"taxonomy":"post_tag","embeddable":true,"href":"https:\/\/www.biolabeco.com.br\/en\/wp-json\/wp\/v2\/tags?post=14925"}],"curies":[{"name":"wp","href":"https:\/\/api.w.org\/{rel}","templated":true}]}}