{"id":514,"date":"2024-12-20T16:32:54","date_gmt":"2024-12-20T18:32:54","guid":{"rendered":"https:\/\/www.biolabemcasa.com.br\/?p=514"},"modified":"2025-12-09T14:42:45","modified_gmt":"2025-12-09T17:42:45","slug":"its-time-for-sun-and-protection","status":"publish","type":"post","link":"https:\/\/www.biolabeco.com.br\/en\/blog\/pele-e-cuidados\/e-tempo-de-sol-e-de-protecao\/","title":{"rendered":"It's time for sun (and protection!)"},"content":{"rendered":"<p>With the arrival of the hottest period of the year, it's time to enjoy the longer days and the extra hours of sunshine that the weather provides. But how can you do this safely, while keeping your skin beautiful and healthy?<\/p>\n<p>At this time of year, several factors contribute to increased exposure to the sun for long periods, such as the end-of-year vacations, school vacations and the ideal climate for spending more time in the pool, parks and on the beach.<\/p>\n<p>And that's when the problems start to appear: dryness, peeling, spots, redness and skin burns become more common and, worse, contribute to premature aging due to the action of ultraviolet rays. It even increases the occurrence of skin cancer in the long term.<\/p>\n<p>This is very worrying - according to the National Cancer Institute (INCA), skin cancer accounts for 27% of all malignant tumors diagnosed in Brazil. But despite being the most common type, it has a low lethality rate and can be treated and, above all, prevented.<\/p>\n<p>That's why it's important to warn about daily care for the largest organ of the human body: our skin.<\/p>\n<ul>\n<li>Hydrate yourself by consuming the right amount of water and fluids;<\/li>\n<li>Apply sunscreen all over your body every day, at least 30 minutes before sun exposure. Reapply every 2 hours;<\/li>\n<li>Use and abuse body moisturizer. Its action helps to create a barrier that maintains the right level of moisture in the skin and, consequently, its hydration;<\/li>\n<li>Avoid exposure to the sun between 10am and 3pm;<\/li>\n<li>Eat foods rich in beta-carotene. This is a natural antioxidant known for protecting against ultraviolet rays. It is present in carrots, pumpkins, apples, papaya and other orange fruits and vegetables;<\/li>\n<li>When showering, use soaps that suit your skin type. The water temperature should be cold or lukewarm to prevent dryness.<\/li>\n<\/ul>\n<div>\n<p>To further help prevent sun exposure, talk to your dermatologist about dietary supplements with antioxidants, such as the combination of <a href=\"https:\/\/www.biolabemcasa.com.br\/produtos\/reaox-ultra-com-30-capsulas\" target=\"_blank\" rel=\"noopener\">astaxanthin and lutein<\/a>. The former inhibits photoaging, reduces hyperpigmentation and helps moisturize the skin. Lutein, on the other hand, offers enhanced skin protection against the effects of exposure to solar radiation, improves skin elasticity and filters out blue light, which is responsible for the damage caused by UV rays.<\/p>\n<p>Coming home after a day in the sun is better when you have the right protection!<\/p>\n<\/div>\n<h6><em><span style=\"font-size: 14px;\">Sources:<\/p>\n<blockquote class=\"wp-embedded-content\" data-secret=\"pMefS5r62Z\"><p><a href=\"https:\/\/bvsms.saude.gov.br\/dicas-de-verao-cuidados-com-a-pele\/\">Summer tips: Skin care<\/a><\/p><\/blockquote>\n<p><iframe class=\"wp-embedded-content\" sandbox=\"allow-scripts\" security=\"restricted\" style=\"position: absolute; clip: rect(1px, 1px, 1px, 1px);\" title=\"&quot;Summer tips: Skin care&quot; - Biblioteca Virtual em Sa\u00fade MS\" src=\"https:\/\/bvsms.saude.gov.br\/dicas-de-verao-cuidados-com-a-pele\/embed\/#?secret=4IstVtVMYG#?secret=pMefS5r62Z\" data-secret=\"pMefS5r62Z\" width=\"500\" height=\"282\" frameborder=\"0\" marginwidth=\"0\" marginheight=\"0\" scrolling=\"no\"><\/iframe><br \/>\nhttps:\/\/www.saopaulo.sp.gov.br\/ultimas-noticias\/7-motivos-para-usar-protetor-solar-todos-os-dias\/<br \/>\nhttps:\/\/www.inca.gov.br\/sites\/ufu.sti.inca.local\/files\/media\/document\/estimativa-2020-incidencia-de-cancer-no-brasil.pdf<br \/>\nhttps:\/\/biolabdermatologia.com.br\/produtos\/reaox-ultra<\/span><\/em><\/h6>","protected":false},"excerpt":{"rendered":"<p>Com a chegada do per\u00edodo mais quente do ano, \u00e9 momento de aproveitar os dias mais longos e as horas a mais de sol que o clima proporciona. Mas, como fazer isso de forma segura, mantendo a pele bonita e saud\u00e1vel? Nessa \u00e9poca, diversos fatores contribuem para o aumento da exposi\u00e7\u00e3o ao sol por longos [&hellip;]<\/p>\n","protected":false},"author":7,"featured_media":14957,"comment_status":"closed","ping_status":"closed","sticky":false,"template":"","format":"standard","meta":{"_acf_changed":false,"footnotes":""},"categories":[1619,1618],"tags":[],"acf":[],"yoast_head":"<!-- This site is optimized with the Yoast SEO Premium plugin v24.4 (Yoast SEO v24.4) - https:\/\/yoast.com\/wordpress\/plugins\/seo\/ -->\n<title>\u00c9 tempo de sol (e de prote\u00e7\u00e3o!) - Biolab &amp; Co<\/title>\n<meta name=\"robots\" content=\"index, follow, max-snippet:-1, max-image-preview:large, max-video-preview:-1\" \/>\n<link rel=\"canonical\" href=\"https:\/\/www.biolabeco.com.br\/en\/blog\/skin-and-care\/its-time-for-sun-and-protection\/\" \/>\n<meta property=\"og:locale\" content=\"en_US\" \/>\n<meta property=\"og:type\" content=\"article\" \/>\n<meta property=\"og:title\" content=\"\u00c9 tempo de sol (e de prote\u00e7\u00e3o!)\" \/>\n<meta property=\"og:description\" content=\"Com a chegada do per\u00edodo mais quente do ano, \u00e9 momento de aproveitar os dias mais longos e as horas a mais de sol que o clima proporciona. Mas, como fazer isso de forma segura, mantendo a pele bonita e saud\u00e1vel? Nessa \u00e9poca, diversos fatores contribuem para o aumento da exposi\u00e7\u00e3o ao sol por longos [&hellip;]\" \/>\n<meta property=\"og:url\" content=\"https:\/\/www.biolabeco.com.br\/en\/blog\/skin-and-care\/its-time-for-sun-and-protection\/\" \/>\n<meta property=\"og:site_name\" content=\"Biolab &amp; Co\" \/>\n<meta property=\"article:published_time\" content=\"2024-12-20T18:32:54+00:00\" \/>\n<meta property=\"article:modified_time\" content=\"2025-12-09T17:42:45+00:00\" \/>\n<meta property=\"og:image\" content=\"https:\/\/www.biolabeco.com.br\/wp-content\/uploads\/2024\/12\/header_2024-02-02-12h13m45s-3162-o_1hll5n9sq16ut1r8r1jc717am1ru47.jpg.webp\" \/>\n\t<meta property=\"og:image:width\" content=\"1200\" \/>\n\t<meta property=\"og:image:height\" content=\"440\" \/>\n\t<meta property=\"og:image:type\" content=\"image\/webp\" \/>\n<meta name=\"author\" content=\"Yasmim Botelho\" \/>\n<meta name=\"twitter:card\" content=\"summary_large_image\" \/>\n<meta name=\"twitter:label1\" content=\"Written by\" \/>\n\t<meta name=\"twitter:data1\" content=\"Yasmim Botelho\" \/>\n\t<meta name=\"twitter:label2\" content=\"Est. reading time\" \/>\n\t<meta name=\"twitter:data2\" content=\"3 minutes\" \/>\n<script type=\"application\/ld+json\" class=\"yoast-schema-graph\">{\"@context\":\"https:\/\/schema.org\",\"@graph\":[{\"@type\":\"WebPage\",\"@id\":\"https:\/\/www.biolabeco.com.br\/blog\/pele-e-cuidados\/e-tempo-de-sol-e-de-protecao\/\",\"url\":\"https:\/\/www.biolabeco.com.br\/blog\/pele-e-cuidados\/e-tempo-de-sol-e-de-protecao\/\",\"name\":\"\u00c9 tempo de sol (e de prote\u00e7\u00e3o!) - Biolab &amp; Co\",\"isPartOf\":{\"@id\":\"https:\/\/www.biolabeco.com.br\/#website\"},\"primaryImageOfPage\":{\"@id\":\"https:\/\/www.biolabeco.com.br\/blog\/pele-e-cuidados\/e-tempo-de-sol-e-de-protecao\/#primaryimage\"},\"image\":{\"@id\":\"https:\/\/www.biolabeco.com.br\/blog\/pele-e-cuidados\/e-tempo-de-sol-e-de-protecao\/#primaryimage\"},\"thumbnailUrl\":\"https:\/\/www.biolabeco.com.br\/wp-content\/uploads\/2024\/12\/header_2024-02-02-12h13m45s-3162-o_1hll5n9sq16ut1r8r1jc717am1ru47.jpg.webp\",\"datePublished\":\"2024-12-20T18:32:54+00:00\",\"dateModified\":\"2025-12-09T17:42:45+00:00\",\"author\":{\"@id\":\"https:\/\/www.biolabeco.com.br\/#\/schema\/person\/bb07d50e32d20028751837031a066fac\"},\"breadcrumb\":{\"@id\":\"https:\/\/www.biolabeco.com.br\/blog\/pele-e-cuidados\/e-tempo-de-sol-e-de-protecao\/#breadcrumb\"},\"inLanguage\":\"en-US\",\"potentialAction\":[{\"@type\":\"ReadAction\",\"target\":[\"https:\/\/www.biolabeco.com.br\/blog\/pele-e-cuidados\/e-tempo-de-sol-e-de-protecao\/\"]}]},{\"@type\":\"ImageObject\",\"inLanguage\":\"en-US\",\"@id\":\"https:\/\/www.biolabeco.com.br\/blog\/pele-e-cuidados\/e-tempo-de-sol-e-de-protecao\/#primaryimage\",\"url\":\"https:\/\/www.biolabeco.com.br\/wp-content\/uploads\/2024\/12\/header_2024-02-02-12h13m45s-3162-o_1hll5n9sq16ut1r8r1jc717am1ru47.jpg.webp\",\"contentUrl\":\"https:\/\/www.biolabeco.com.br\/wp-content\/uploads\/2024\/12\/header_2024-02-02-12h13m45s-3162-o_1hll5n9sq16ut1r8r1jc717am1ru47.jpg.webp\",\"width\":1200,\"height\":440},{\"@type\":\"BreadcrumbList\",\"@id\":\"https:\/\/www.biolabeco.com.br\/blog\/pele-e-cuidados\/e-tempo-de-sol-e-de-protecao\/#breadcrumb\",\"itemListElement\":[{\"@type\":\"ListItem\",\"position\":1,\"name\":\"Home\",\"item\":\"https:\/\/www.biolabeco.com.br\/\"},{\"@type\":\"ListItem\",\"position\":2,\"name\":\"\u00c9 tempo de sol (e de prote\u00e7\u00e3o!)\"}]},{\"@type\":\"WebSite\",\"@id\":\"https:\/\/www.biolabeco.com.br\/#website\",\"url\":\"https:\/\/www.biolabeco.com.br\/\",\"name\":\"Biolab\",\"description\":\"Na Biolab &amp; Co, ci\u00eancia e cuidado caminham juntos. Saiba como promovemos sa\u00fade com responsabilidade socioambiental e tecnologia.\",\"potentialAction\":[{\"@type\":\"SearchAction\",\"target\":{\"@type\":\"EntryPoint\",\"urlTemplate\":\"https:\/\/www.biolabeco.com.br\/?s={search_term_string}\"},\"query-input\":{\"@type\":\"PropertyValueSpecification\",\"valueRequired\":true,\"valueName\":\"search_term_string\"}}],\"inLanguage\":\"en-US\"},{\"@type\":\"Person\",\"@id\":\"https:\/\/www.biolabeco.com.br\/#\/schema\/person\/bb07d50e32d20028751837031a066fac\",\"name\":\"Yasmim Botelho\",\"image\":{\"@type\":\"ImageObject\",\"inLanguage\":\"en-US\",\"@id\":\"https:\/\/www.biolabeco.com.br\/#\/schema\/person\/image\/\",\"url\":\"https:\/\/secure.gravatar.com\/avatar\/9d0fea0daa82eb99e89f9f8c0e5ab7f7?s=96&d=mm&r=g\",\"contentUrl\":\"https:\/\/secure.gravatar.com\/avatar\/9d0fea0daa82eb99e89f9f8c0e5ab7f7?s=96&d=mm&r=g\",\"caption\":\"Yasmim Botelho\"},\"url\":\"https:\/\/www.biolabeco.com.br\/en\/author\/yalves\/\"}]}<\/script>\n<!-- \/ Yoast SEO Premium plugin. -->","yoast_head_json":{"title":"It's time for sun (and protection!) - Biolab &amp; Co","robots":{"index":"index","follow":"follow","max-snippet":"max-snippet:-1","max-image-preview":"max-image-preview:large","max-video-preview":"max-video-preview:-1"},"canonical":"https:\/\/www.biolabeco.com.br\/en\/blog\/skin-and-care\/its-time-for-sun-and-protection\/","og_locale":"en_US","og_type":"article","og_title":"\u00c9 tempo de sol (e de prote\u00e7\u00e3o!)","og_description":"Com a chegada do per\u00edodo mais quente do ano, \u00e9 momento de aproveitar os dias mais longos e as horas a mais de sol que o clima proporciona. Mas, como fazer isso de forma segura, mantendo a pele bonita e saud\u00e1vel? Nessa \u00e9poca, diversos fatores contribuem para o aumento da exposi\u00e7\u00e3o ao sol por longos [&hellip;]","og_url":"https:\/\/www.biolabeco.com.br\/en\/blog\/skin-and-care\/its-time-for-sun-and-protection\/","og_site_name":"Biolab &amp; Co","article_published_time":"2024-12-20T18:32:54+00:00","article_modified_time":"2025-12-09T17:42:45+00:00","og_image":[{"width":1200,"height":440,"url":"https:\/\/www.biolabeco.com.br\/wp-content\/uploads\/2024\/12\/header_2024-02-02-12h13m45s-3162-o_1hll5n9sq16ut1r8r1jc717am1ru47.jpg.webp","type":"image\/webp"}],"author":"Yasmim Botelho","twitter_card":"summary_large_image","twitter_misc":{"Written by":"Yasmim Botelho","Est. reading time":"3 minutes"},"schema":{"@context":"https:\/\/schema.org","@graph":[{"@type":"WebPage","@id":"https:\/\/www.biolabeco.com.br\/blog\/pele-e-cuidados\/e-tempo-de-sol-e-de-protecao\/","url":"https:\/\/www.biolabeco.com.br\/blog\/pele-e-cuidados\/e-tempo-de-sol-e-de-protecao\/","name":"It's time for sun (and protection!) - Biolab &amp; Co","isPartOf":{"@id":"https:\/\/www.biolabeco.com.br\/#website"},"primaryImageOfPage":{"@id":"https:\/\/www.biolabeco.com.br\/blog\/pele-e-cuidados\/e-tempo-de-sol-e-de-protecao\/#primaryimage"},"image":{"@id":"https:\/\/www.biolabeco.com.br\/blog\/pele-e-cuidados\/e-tempo-de-sol-e-de-protecao\/#primaryimage"},"thumbnailUrl":"https:\/\/www.biolabeco.com.br\/wp-content\/uploads\/2024\/12\/header_2024-02-02-12h13m45s-3162-o_1hll5n9sq16ut1r8r1jc717am1ru47.jpg.webp","datePublished":"2024-12-20T18:32:54+00:00","dateModified":"2025-12-09T17:42:45+00:00","author":{"@id":"https:\/\/www.biolabeco.com.br\/#\/schema\/person\/bb07d50e32d20028751837031a066fac"},"breadcrumb":{"@id":"https:\/\/www.biolabeco.com.br\/blog\/pele-e-cuidados\/e-tempo-de-sol-e-de-protecao\/#breadcrumb"},"inLanguage":"en-US","potentialAction":[{"@type":"ReadAction","target":["https:\/\/www.biolabeco.com.br\/blog\/pele-e-cuidados\/e-tempo-de-sol-e-de-protecao\/"]}]},{"@type":"ImageObject","inLanguage":"en-US","@id":"https:\/\/www.biolabeco.com.br\/blog\/pele-e-cuidados\/e-tempo-de-sol-e-de-protecao\/#primaryimage","url":"https:\/\/www.biolabeco.com.br\/wp-content\/uploads\/2024\/12\/header_2024-02-02-12h13m45s-3162-o_1hll5n9sq16ut1r8r1jc717am1ru47.jpg.webp","contentUrl":"https:\/\/www.biolabeco.com.br\/wp-content\/uploads\/2024\/12\/header_2024-02-02-12h13m45s-3162-o_1hll5n9sq16ut1r8r1jc717am1ru47.jpg.webp","width":1200,"height":440},{"@type":"BreadcrumbList","@id":"https:\/\/www.biolabeco.com.br\/blog\/pele-e-cuidados\/e-tempo-de-sol-e-de-protecao\/#breadcrumb","itemListElement":[{"@type":"ListItem","position":1,"name":"Home","item":"https:\/\/www.biolabeco.com.br\/"},{"@type":"ListItem","position":2,"name":"\u00c9 tempo de sol (e de prote\u00e7\u00e3o!)"}]},{"@type":"WebSite","@id":"https:\/\/www.biolabeco.com.br\/#website","url":"https:\/\/www.biolabeco.com.br\/","name":"Biolab","description":"At Biolab &amp; Co, science and care go hand in hand. Find out how we promote health with social and environmental responsibility and technology.","potentialAction":[{"@type":"SearchAction","target":{"@type":"EntryPoint","urlTemplate":"https:\/\/www.biolabeco.com.br\/?s={search_term_string}"},"query-input":{"@type":"PropertyValueSpecification","valueRequired":true,"valueName":"search_term_string"}}],"inLanguage":"en-US"},{"@type":"Person","@id":"https:\/\/www.biolabeco.com.br\/#\/schema\/person\/bb07d50e32d20028751837031a066fac","name":"Yasmim Botelho","image":{"@type":"ImageObject","inLanguage":"en-US","@id":"https:\/\/www.biolabeco.com.br\/#\/schema\/person\/image\/","url":"https:\/\/secure.gravatar.com\/avatar\/9d0fea0daa82eb99e89f9f8c0e5ab7f7?s=96&d=mm&r=g","contentUrl":"https:\/\/secure.gravatar.com\/avatar\/9d0fea0daa82eb99e89f9f8c0e5ab7f7?s=96&d=mm&r=g","caption":"Yasmim Botelho"},"url":"https:\/\/www.biolabeco.com.br\/en\/author\/yalves\/"}]}},"_links":{"self":[{"href":"https:\/\/www.biolabeco.com.br\/en\/wp-json\/wp\/v2\/posts\/514"}],"collection":[{"href":"https:\/\/www.biolabeco.com.br\/en\/wp-json\/wp\/v2\/posts"}],"about":[{"href":"https:\/\/www.biolabeco.com.br\/en\/wp-json\/wp\/v2\/types\/post"}],"author":[{"embeddable":true,"href":"https:\/\/www.biolabeco.com.br\/en\/wp-json\/wp\/v2\/users\/7"}],"replies":[{"embeddable":true,"href":"https:\/\/www.biolabeco.com.br\/en\/wp-json\/wp\/v2\/comments?post=514"}],"version-history":[{"count":1,"href":"https:\/\/www.biolabeco.com.br\/en\/wp-json\/wp\/v2\/posts\/514\/revisions"}],"predecessor-version":[{"id":14958,"href":"https:\/\/www.biolabeco.com.br\/en\/wp-json\/wp\/v2\/posts\/514\/revisions\/14958"}],"wp:featuredmedia":[{"embeddable":true,"href":"https:\/\/www.biolabeco.com.br\/en\/wp-json\/wp\/v2\/media\/14957"}],"wp:attachment":[{"href":"https:\/\/www.biolabeco.com.br\/en\/wp-json\/wp\/v2\/media?parent=514"}],"wp:term":[{"taxonomy":"category","embeddable":true,"href":"https:\/\/www.biolabeco.com.br\/en\/wp-json\/wp\/v2\/categories?post=514"},{"taxonomy":"post_tag","embeddable":true,"href":"https:\/\/www.biolabeco.com.br\/en\/wp-json\/wp\/v2\/tags?post=514"}],"curies":[{"name":"wp","href":"https:\/\/api.w.org\/{rel}","templated":true}]}}