{"id":534,"date":"2024-12-30T17:03:35","date_gmt":"2024-12-30T19:03:35","guid":{"rendered":"https:\/\/www.biolabemcasa.com.br\/?p=534"},"modified":"2025-12-09T14:43:06","modified_gmt":"2025-12-09T17:43:06","slug":"indisposition-may-be-an-indication-of-vitamin-b12-deficiency","status":"publish","type":"post","link":"https:\/\/www.biolabeco.com.br\/en\/blog\/mobilidade-e-atividade-fisica\/indisposicao-pode-ser-indicio-de-carencia-de-vitamina-b12\/","title":{"rendered":"Unwell? Could be an indication of vitamin B12 deficiency"},"content":{"rendered":"<p>Vitamin B12 plays a fundamental role in maintaining various functions in the human body and its presence is indispensable in a balanced diet.<\/p>\n<p>Also known as cobalamin, it is part of the B complex and is directly involved in the formation of blood cells and neurons, and is very important for maintaining the myelin sheath - the structure that conducts electrical impulses and integrates communication between neurons.<\/p>\n<p>B12 deficiency can cause neurological and hematological (blood) complications, as it is responsible for the functioning of various cells and maintaining metabolism and the nervous system, as well as taking part in DNA synthesis. When it comes to deficiency, a study carried out by the Brazilian Journal of Pathology and Laboratory Medicine estimates that 20% of the population in industrialized countries are deficient in the vitamin.<\/p>\n<p>Although neurological manifestations are predominant, a deficiency of this vitamin can affect other parts of the body, resulting in various complications, such as pernicious anemia, gastrointestinal dysfunctions and even cardiovascular problems.<\/p>\n<p>Not everyone has symptoms, many may be asymptomatic and discover the deficiency after a medical investigation. But in general, symptoms can include pallor and yellowish skin; extreme weakness and fatigue; shortness of breath and dizziness; reduced sense of touch, walking and vision problems, and lack of appetite and weight loss.<\/p>\n<p>Vitamin B12 can be found in foods of animal origin, such as fish, seafood, meat, dairy products and eggs. It has not been found in foods of plant origin. For this reason, it is common for vegetarians and vegans to be deficient in this vitamin. However, a lack of this vitamin can also be related to age and certain diseases of the gastrointestinal tract, such as celiac disease and Crohn's disease. Babies of mothers who don't eat meat and people who have undergone gastrointestinal procedures are also at risk.<\/p>\n<p>To find out if you are deficient in vitamin B12, you need to take laboratory tests. If you're in doubt, seek the advice of a professional to recommend the best form of supplementation. In fact, with advances in technology, you can find vegan supplement options that meet your daily needs.<\/p>\n<p><span style=\"font-size: 14px;\"><em>Sources:<\/em><\/span><\/p>\n<h6><span style=\"font-size: 14px;\"><em>https:\/\/www.biolabemcasa.com.br\/produtos\/ativb-1000mcg-com-30-comprimidos<\/em><\/span><\/h6>\n<h6>https:\/\/abran.org.br\/imprensa\/noticia\/associacao-da-ingestao-de-vitamina-b-12-de-laticinios-e-de-carnes-na-diminuicao-do-risco-de-baixo-status-e-deficiencia-de-vitamina-b-12<\/h6>\n<h6>https:\/\/codeagro.agricultura.sp.gov.br\/cesans\/artigo\/170\/vitamina-b12<\/h6>\n<blockquote class=\"wp-embedded-content\" data-secret=\"b5aAfIleev\"><p><a href=\"https:\/\/svb.org.br\/vegetarianismo-e-veganismo\/saude\/\">Health<\/a><\/p><\/blockquote>\n<p><iframe class=\"wp-embedded-content\" sandbox=\"allow-scripts\" security=\"restricted\" style=\"position: absolute; clip: rect(1px, 1px, 1px, 1px);\" title=\"&quot;Health&quot; - SVB\" src=\"https:\/\/svb.org.br\/vegetarianismo-e-veganismo\/saude\/embed\/#?secret=gK5QtYLvu2#?secret=b5aAfIleev\" data-secret=\"b5aAfIleev\" width=\"500\" height=\"282\" frameborder=\"0\" marginwidth=\"0\" marginheight=\"0\" scrolling=\"no\"><\/iframe><\/p>\n<h6>https:\/\/old.svb.org.br\/images\/livros\/alimentacao-vegetariana2019-web-.pdf<\/h6>\n<h6>https:\/\/www.scielo.br\/j\/jbpml\/a\/ds8PKDSTTBsXBhtfHqncT8M\/#:~:text=Em%20pa%C3%ADses%20industrializados%2C%20estudos%20epidemiol%C3%B3gicos,de%20vitamina%20usada%20no%20estudo).<\/h6>","protected":false},"excerpt":{"rendered":"<p>A vitamina B12 tem papel fundamental na manuten\u00e7\u00e3o de v\u00e1rias fun\u00e7\u00f5es do corpo humano e sua presen\u00e7a \u00e9 indispens\u00e1vel em uma alimenta\u00e7\u00e3o equilibrada. Tamb\u00e9m conhecida como cobalamina, ela faz parte do complexo B e est\u00e1 diretamente envolvida na forma\u00e7\u00e3o das c\u00e9lulas sangu\u00edneas e dos neur\u00f4nios, e \u00e9 muito importante para a manuten\u00e7\u00e3o da bainha de [&hellip;]<\/p>\n","protected":false},"author":7,"featured_media":14959,"comment_status":"closed","ping_status":"closed","sticky":false,"template":"","format":"standard","meta":{"_acf_changed":false,"footnotes":""},"categories":[1620,1618,1616],"tags":[],"acf":[],"yoast_head":"<!-- This site is optimized with the Yoast SEO Premium plugin v24.4 (Yoast SEO v24.4) - https:\/\/yoast.com\/wordpress\/plugins\/seo\/ -->\n<title>Indisposi\u00e7\u00e3o? Pode ser ind\u00edcio de car\u00eancia de vitamina B12 - Biolab &amp; Co<\/title>\n<meta name=\"robots\" content=\"index, follow, max-snippet:-1, max-image-preview:large, max-video-preview:-1\" \/>\n<link rel=\"canonical\" href=\"https:\/\/www.biolabeco.com.br\/en\/blog\/mobility-and-physical-activity\/indisposition-may-be-an-indication-of-vitamin-b12-deficiency\/\" \/>\n<meta property=\"og:locale\" content=\"en_US\" \/>\n<meta property=\"og:type\" content=\"article\" \/>\n<meta property=\"og:title\" content=\"Indisposi\u00e7\u00e3o? Pode ser ind\u00edcio de car\u00eancia de vitamina B12\" \/>\n<meta property=\"og:description\" content=\"A vitamina B12 tem papel fundamental na manuten\u00e7\u00e3o de v\u00e1rias fun\u00e7\u00f5es do corpo humano e sua presen\u00e7a \u00e9 indispens\u00e1vel em uma alimenta\u00e7\u00e3o equilibrada. Tamb\u00e9m conhecida como cobalamina, ela faz parte do complexo B e est\u00e1 diretamente envolvida na forma\u00e7\u00e3o das c\u00e9lulas sangu\u00edneas e dos neur\u00f4nios, e \u00e9 muito importante para a manuten\u00e7\u00e3o da bainha de [&hellip;]\" \/>\n<meta property=\"og:url\" content=\"https:\/\/www.biolabeco.com.br\/en\/blog\/mobility-and-physical-activity\/indisposition-may-be-an-indication-of-vitamin-b12-deficiency\/\" \/>\n<meta property=\"og:site_name\" content=\"Biolab &amp; Co\" \/>\n<meta property=\"article:published_time\" content=\"2024-12-30T19:03:35+00:00\" \/>\n<meta property=\"article:modified_time\" content=\"2025-12-09T17:43:06+00:00\" \/>\n<meta property=\"og:image\" content=\"https:\/\/www.biolabeco.com.br\/wp-content\/uploads\/2024\/12\/Banner-Blog-Viver-Bem-Indisposicao-Pode-ser-indicio-de-carencia-de-vitamina-B12.png.webp\" \/>\n\t<meta property=\"og:image:width\" content=\"1200\" \/>\n\t<meta property=\"og:image:height\" content=\"436\" \/>\n\t<meta property=\"og:image:type\" content=\"image\/webp\" \/>\n<meta name=\"author\" content=\"Yasmim Botelho\" \/>\n<meta name=\"twitter:card\" content=\"summary_large_image\" \/>\n<meta name=\"twitter:label1\" content=\"Written by\" \/>\n\t<meta name=\"twitter:data1\" content=\"Yasmim Botelho\" \/>\n\t<meta name=\"twitter:label2\" content=\"Est. reading time\" \/>\n\t<meta name=\"twitter:data2\" content=\"3 minutes\" \/>\n<script type=\"application\/ld+json\" class=\"yoast-schema-graph\">{\"@context\":\"https:\/\/schema.org\",\"@graph\":[{\"@type\":\"WebPage\",\"@id\":\"https:\/\/www.biolabeco.com.br\/blog\/mobilidade-e-atividade-fisica\/indisposicao-pode-ser-indicio-de-carencia-de-vitamina-b12\/\",\"url\":\"https:\/\/www.biolabeco.com.br\/blog\/mobilidade-e-atividade-fisica\/indisposicao-pode-ser-indicio-de-carencia-de-vitamina-b12\/\",\"name\":\"Indisposi\u00e7\u00e3o? Pode ser ind\u00edcio de car\u00eancia de vitamina B12 - Biolab &amp; Co\",\"isPartOf\":{\"@id\":\"https:\/\/www.biolabeco.com.br\/#website\"},\"primaryImageOfPage\":{\"@id\":\"https:\/\/www.biolabeco.com.br\/blog\/mobilidade-e-atividade-fisica\/indisposicao-pode-ser-indicio-de-carencia-de-vitamina-b12\/#primaryimage\"},\"image\":{\"@id\":\"https:\/\/www.biolabeco.com.br\/blog\/mobilidade-e-atividade-fisica\/indisposicao-pode-ser-indicio-de-carencia-de-vitamina-b12\/#primaryimage\"},\"thumbnailUrl\":\"https:\/\/www.biolabeco.com.br\/wp-content\/uploads\/2024\/12\/Banner-Blog-Viver-Bem-Indisposicao-Pode-ser-indicio-de-carencia-de-vitamina-B12.png.webp\",\"datePublished\":\"2024-12-30T19:03:35+00:00\",\"dateModified\":\"2025-12-09T17:43:06+00:00\",\"author\":{\"@id\":\"https:\/\/www.biolabeco.com.br\/#\/schema\/person\/bb07d50e32d20028751837031a066fac\"},\"breadcrumb\":{\"@id\":\"https:\/\/www.biolabeco.com.br\/blog\/mobilidade-e-atividade-fisica\/indisposicao-pode-ser-indicio-de-carencia-de-vitamina-b12\/#breadcrumb\"},\"inLanguage\":\"en-US\",\"potentialAction\":[{\"@type\":\"ReadAction\",\"target\":[\"https:\/\/www.biolabeco.com.br\/blog\/mobilidade-e-atividade-fisica\/indisposicao-pode-ser-indicio-de-carencia-de-vitamina-b12\/\"]}]},{\"@type\":\"ImageObject\",\"inLanguage\":\"en-US\",\"@id\":\"https:\/\/www.biolabeco.com.br\/blog\/mobilidade-e-atividade-fisica\/indisposicao-pode-ser-indicio-de-carencia-de-vitamina-b12\/#primaryimage\",\"url\":\"https:\/\/www.biolabeco.com.br\/wp-content\/uploads\/2024\/12\/Banner-Blog-Viver-Bem-Indisposicao-Pode-ser-indicio-de-carencia-de-vitamina-B12.png.webp\",\"contentUrl\":\"https:\/\/www.biolabeco.com.br\/wp-content\/uploads\/2024\/12\/Banner-Blog-Viver-Bem-Indisposicao-Pode-ser-indicio-de-carencia-de-vitamina-B12.png.webp\",\"width\":1200,\"height\":436},{\"@type\":\"BreadcrumbList\",\"@id\":\"https:\/\/www.biolabeco.com.br\/blog\/mobilidade-e-atividade-fisica\/indisposicao-pode-ser-indicio-de-carencia-de-vitamina-b12\/#breadcrumb\",\"itemListElement\":[{\"@type\":\"ListItem\",\"position\":1,\"name\":\"Home\",\"item\":\"https:\/\/www.biolabeco.com.br\/\"},{\"@type\":\"ListItem\",\"position\":2,\"name\":\"Indisposi\u00e7\u00e3o? Pode ser ind\u00edcio de car\u00eancia de vitamina B12\"}]},{\"@type\":\"WebSite\",\"@id\":\"https:\/\/www.biolabeco.com.br\/#website\",\"url\":\"https:\/\/www.biolabeco.com.br\/\",\"name\":\"Biolab\",\"description\":\"Na Biolab &amp; Co, ci\u00eancia e cuidado caminham juntos. Saiba como promovemos sa\u00fade com responsabilidade socioambiental e tecnologia.\",\"potentialAction\":[{\"@type\":\"SearchAction\",\"target\":{\"@type\":\"EntryPoint\",\"urlTemplate\":\"https:\/\/www.biolabeco.com.br\/?s={search_term_string}\"},\"query-input\":{\"@type\":\"PropertyValueSpecification\",\"valueRequired\":true,\"valueName\":\"search_term_string\"}}],\"inLanguage\":\"en-US\"},{\"@type\":\"Person\",\"@id\":\"https:\/\/www.biolabeco.com.br\/#\/schema\/person\/bb07d50e32d20028751837031a066fac\",\"name\":\"Yasmim Botelho\",\"image\":{\"@type\":\"ImageObject\",\"inLanguage\":\"en-US\",\"@id\":\"https:\/\/www.biolabeco.com.br\/#\/schema\/person\/image\/\",\"url\":\"https:\/\/secure.gravatar.com\/avatar\/9d0fea0daa82eb99e89f9f8c0e5ab7f7?s=96&d=mm&r=g\",\"contentUrl\":\"https:\/\/secure.gravatar.com\/avatar\/9d0fea0daa82eb99e89f9f8c0e5ab7f7?s=96&d=mm&r=g\",\"caption\":\"Yasmim Botelho\"},\"url\":\"https:\/\/www.biolabeco.com.br\/en\/author\/yalves\/\"}]}<\/script>\n<!-- \/ Yoast SEO Premium plugin. -->","yoast_head_json":{"title":"Feeling unwell? Could be an indication of vitamin B12 deficiency - Biolab &amp; Co","robots":{"index":"index","follow":"follow","max-snippet":"max-snippet:-1","max-image-preview":"max-image-preview:large","max-video-preview":"max-video-preview:-1"},"canonical":"https:\/\/www.biolabeco.com.br\/en\/blog\/mobility-and-physical-activity\/indisposition-may-be-an-indication-of-vitamin-b12-deficiency\/","og_locale":"en_US","og_type":"article","og_title":"Indisposi\u00e7\u00e3o? Pode ser ind\u00edcio de car\u00eancia de vitamina B12","og_description":"A vitamina B12 tem papel fundamental na manuten\u00e7\u00e3o de v\u00e1rias fun\u00e7\u00f5es do corpo humano e sua presen\u00e7a \u00e9 indispens\u00e1vel em uma alimenta\u00e7\u00e3o equilibrada. Tamb\u00e9m conhecida como cobalamina, ela faz parte do complexo B e est\u00e1 diretamente envolvida na forma\u00e7\u00e3o das c\u00e9lulas sangu\u00edneas e dos neur\u00f4nios, e \u00e9 muito importante para a manuten\u00e7\u00e3o da bainha de [&hellip;]","og_url":"https:\/\/www.biolabeco.com.br\/en\/blog\/mobility-and-physical-activity\/indisposition-may-be-an-indication-of-vitamin-b12-deficiency\/","og_site_name":"Biolab &amp; Co","article_published_time":"2024-12-30T19:03:35+00:00","article_modified_time":"2025-12-09T17:43:06+00:00","og_image":[{"width":1200,"height":436,"url":"https:\/\/www.biolabeco.com.br\/wp-content\/uploads\/2024\/12\/Banner-Blog-Viver-Bem-Indisposicao-Pode-ser-indicio-de-carencia-de-vitamina-B12.png.webp","type":"image\/webp"}],"author":"Yasmim Botelho","twitter_card":"summary_large_image","twitter_misc":{"Written by":"Yasmim Botelho","Est. reading time":"3 minutes"},"schema":{"@context":"https:\/\/schema.org","@graph":[{"@type":"WebPage","@id":"https:\/\/www.biolabeco.com.br\/blog\/mobilidade-e-atividade-fisica\/indisposicao-pode-ser-indicio-de-carencia-de-vitamina-b12\/","url":"https:\/\/www.biolabeco.com.br\/blog\/mobilidade-e-atividade-fisica\/indisposicao-pode-ser-indicio-de-carencia-de-vitamina-b12\/","name":"Feeling unwell? Could be an indication of vitamin B12 deficiency - Biolab &amp; Co","isPartOf":{"@id":"https:\/\/www.biolabeco.com.br\/#website"},"primaryImageOfPage":{"@id":"https:\/\/www.biolabeco.com.br\/blog\/mobilidade-e-atividade-fisica\/indisposicao-pode-ser-indicio-de-carencia-de-vitamina-b12\/#primaryimage"},"image":{"@id":"https:\/\/www.biolabeco.com.br\/blog\/mobilidade-e-atividade-fisica\/indisposicao-pode-ser-indicio-de-carencia-de-vitamina-b12\/#primaryimage"},"thumbnailUrl":"https:\/\/www.biolabeco.com.br\/wp-content\/uploads\/2024\/12\/Banner-Blog-Viver-Bem-Indisposicao-Pode-ser-indicio-de-carencia-de-vitamina-B12.png.webp","datePublished":"2024-12-30T19:03:35+00:00","dateModified":"2025-12-09T17:43:06+00:00","author":{"@id":"https:\/\/www.biolabeco.com.br\/#\/schema\/person\/bb07d50e32d20028751837031a066fac"},"breadcrumb":{"@id":"https:\/\/www.biolabeco.com.br\/blog\/mobilidade-e-atividade-fisica\/indisposicao-pode-ser-indicio-de-carencia-de-vitamina-b12\/#breadcrumb"},"inLanguage":"en-US","potentialAction":[{"@type":"ReadAction","target":["https:\/\/www.biolabeco.com.br\/blog\/mobilidade-e-atividade-fisica\/indisposicao-pode-ser-indicio-de-carencia-de-vitamina-b12\/"]}]},{"@type":"ImageObject","inLanguage":"en-US","@id":"https:\/\/www.biolabeco.com.br\/blog\/mobilidade-e-atividade-fisica\/indisposicao-pode-ser-indicio-de-carencia-de-vitamina-b12\/#primaryimage","url":"https:\/\/www.biolabeco.com.br\/wp-content\/uploads\/2024\/12\/Banner-Blog-Viver-Bem-Indisposicao-Pode-ser-indicio-de-carencia-de-vitamina-B12.png.webp","contentUrl":"https:\/\/www.biolabeco.com.br\/wp-content\/uploads\/2024\/12\/Banner-Blog-Viver-Bem-Indisposicao-Pode-ser-indicio-de-carencia-de-vitamina-B12.png.webp","width":1200,"height":436},{"@type":"BreadcrumbList","@id":"https:\/\/www.biolabeco.com.br\/blog\/mobilidade-e-atividade-fisica\/indisposicao-pode-ser-indicio-de-carencia-de-vitamina-b12\/#breadcrumb","itemListElement":[{"@type":"ListItem","position":1,"name":"Home","item":"https:\/\/www.biolabeco.com.br\/"},{"@type":"ListItem","position":2,"name":"Indisposi\u00e7\u00e3o? Pode ser ind\u00edcio de car\u00eancia de vitamina B12"}]},{"@type":"WebSite","@id":"https:\/\/www.biolabeco.com.br\/#website","url":"https:\/\/www.biolabeco.com.br\/","name":"Biolab","description":"At Biolab &amp; Co, science and care go hand in hand. Find out how we promote health with social and environmental responsibility and technology.","potentialAction":[{"@type":"SearchAction","target":{"@type":"EntryPoint","urlTemplate":"https:\/\/www.biolabeco.com.br\/?s={search_term_string}"},"query-input":{"@type":"PropertyValueSpecification","valueRequired":true,"valueName":"search_term_string"}}],"inLanguage":"en-US"},{"@type":"Person","@id":"https:\/\/www.biolabeco.com.br\/#\/schema\/person\/bb07d50e32d20028751837031a066fac","name":"Yasmim Botelho","image":{"@type":"ImageObject","inLanguage":"en-US","@id":"https:\/\/www.biolabeco.com.br\/#\/schema\/person\/image\/","url":"https:\/\/secure.gravatar.com\/avatar\/9d0fea0daa82eb99e89f9f8c0e5ab7f7?s=96&d=mm&r=g","contentUrl":"https:\/\/secure.gravatar.com\/avatar\/9d0fea0daa82eb99e89f9f8c0e5ab7f7?s=96&d=mm&r=g","caption":"Yasmim Botelho"},"url":"https:\/\/www.biolabeco.com.br\/en\/author\/yalves\/"}]}},"_links":{"self":[{"href":"https:\/\/www.biolabeco.com.br\/en\/wp-json\/wp\/v2\/posts\/534"}],"collection":[{"href":"https:\/\/www.biolabeco.com.br\/en\/wp-json\/wp\/v2\/posts"}],"about":[{"href":"https:\/\/www.biolabeco.com.br\/en\/wp-json\/wp\/v2\/types\/post"}],"author":[{"embeddable":true,"href":"https:\/\/www.biolabeco.com.br\/en\/wp-json\/wp\/v2\/users\/7"}],"replies":[{"embeddable":true,"href":"https:\/\/www.biolabeco.com.br\/en\/wp-json\/wp\/v2\/comments?post=534"}],"version-history":[{"count":1,"href":"https:\/\/www.biolabeco.com.br\/en\/wp-json\/wp\/v2\/posts\/534\/revisions"}],"predecessor-version":[{"id":14960,"href":"https:\/\/www.biolabeco.com.br\/en\/wp-json\/wp\/v2\/posts\/534\/revisions\/14960"}],"wp:featuredmedia":[{"embeddable":true,"href":"https:\/\/www.biolabeco.com.br\/en\/wp-json\/wp\/v2\/media\/14959"}],"wp:attachment":[{"href":"https:\/\/www.biolabeco.com.br\/en\/wp-json\/wp\/v2\/media?parent=534"}],"wp:term":[{"taxonomy":"category","embeddable":true,"href":"https:\/\/www.biolabeco.com.br\/en\/wp-json\/wp\/v2\/categories?post=534"},{"taxonomy":"post_tag","embeddable":true,"href":"https:\/\/www.biolabeco.com.br\/en\/wp-json\/wp\/v2\/tags?post=534"}],"curies":[{"name":"wp","href":"https:\/\/api.w.org\/{rel}","templated":true}]}}