{"id":560,"date":"2024-06-30T17:44:40","date_gmt":"2024-06-30T20:44:40","guid":{"rendered":"https:\/\/www.biolabemcasa.com.br\/?p=560"},"modified":"2025-12-09T14:36:08","modified_gmt":"2025-12-09T17:36:08","slug":"nasal-hydration-goes-well-with-winter","status":"publish","type":"post","link":"https:\/\/www.biolabeco.com.br\/en\/blog\/saude-geral\/hidratacao-nasal-combina-com-o-inverno\/","title":{"rendered":"Nasal hydration goes well with winter"},"content":{"rendered":"<p>The coldest time of the year is marked by low air humidity, which can increase the incidence of respiratory diseases and allergies. This is due to the high concentration of pollutants in the atmosphere, which, during cold weather, end up being deposited on the earth's surface, resulting in irritation of the mucous membranes and the ideal condition for the emergence of conditions such as asthma attacks, bronchitis, rhinitis and sinusitis.<\/p>\n<p>During this season, cold air can also irritate the airways and trigger allergic symptoms such as itching, runny nose and even shortness of breath. This is because the nose is the main gateway to the air we breathe. That's why it's important to maintain good nasal hygiene and hydration which, as well as relieving symptoms and cleaning the mucous membrane, can help prevent respiratory diseases. Neglecting to take care of your nose can increase the chances of infection by viruses or bacteria, which are responsible for problems such as otitis, tonsillitis and even pneumonia.<\/p>\n<p>To carry out proper hygiene, the ideal is to use sodium chloride-based nasal solutions, which should be placed in an appropriate nasal irrigator, repeating the procedure in both nostrils. While doing this in one nostril, keep your head tilted so that the water comes out the other side.<\/p>\n<p>For daily nasal moisturizing, <a href=\"https:\/\/www.biolabemcasa.com.br\/produtos\/sinusec-spray-nasal-com-30ml\" target=\"_blank\" rel=\"noopener\">nasal solutions<\/a> in spray format are the most suitable and can be used three times a day, 1 or 2 doses in each nostril, adjusting according to your nasal hygiene routine and the weather conditions in your area. When necessary, blow your nose to eliminate secretions that have already been fluidized by the solution.<\/p>\n<p>Although we can't directly control the weather, some measures can improve our health and quality of life:<\/p>\n<p>. Drink plenty of fluids.<\/p>\n<p>. Place cloths or buckets of water around the house, especially in the bedroom during sleep, or use air humidifiers.<\/p>\n<p>. Nasal washing can be done a few times a day.<\/p>\n<p>. Avoid carpets or curtains that accumulate dust.<\/p>\n<p>. Wear cotton clothes and blankets.<\/p>\n<p>. Limit prolonged exposure to air-conditioned environments.<\/p>\n<p>. Always keep the house clean and airy.<\/p>\n<p>Self-care is also in the simplest of everyday tasks, so get started!<\/p>\n<h6><em>Sources:<br \/>\nhttps:\/\/www.scielo.br\/j\/rboto\/a\/tCWPcZYQxNBD4xd9PKyZK7J\/?format=pdf&#038;lang=pt<\/p>\n<blockquote class=\"wp-embedded-content\" data-secret=\"RZNliwuZjM\"><p><a href=\"https:\/\/bvsms.saude.gov.br\/periodo-de-seca-pede-cuidados-especiais\/\">Drought period calls for special care<\/a><\/p><\/blockquote>\n<p><iframe class=\"wp-embedded-content\" sandbox=\"allow-scripts\" security=\"restricted\" style=\"position: absolute; clip: rect(1px, 1px, 1px, 1px);\" title=\"&quot;Drought period calls for special care&quot; - Biblioteca Virtual em Sa\u00fade MS\" src=\"https:\/\/bvsms.saude.gov.br\/periodo-de-seca-pede-cuidados-especiais\/embed\/#?secret=VjNbhsfVwb#?secret=RZNliwuZjM\" data-secret=\"RZNliwuZjM\" width=\"500\" height=\"282\" frameborder=\"0\" marginwidth=\"0\" marginheight=\"0\" scrolling=\"no\"><\/iframe><\/p>\n<blockquote class=\"wp-embedded-content\" data-secret=\"e7LjiN0ZBU\"><p><a href=\"https:\/\/bvsms.saude.gov.br\/27-5-inverno-aumenta-risco-de-doencas-respiratorias\/\">27\/5 - Winter increases the risk of respiratory diseases<\/a><\/p><\/blockquote>\n<p><iframe class=\"wp-embedded-content\" sandbox=\"allow-scripts\" security=\"restricted\" style=\"position: absolute; clip: rect(1px, 1px, 1px, 1px);\" title=\"&quot;27\/5 - Winter increases the risk of respiratory diseases&quot; - Biblioteca Virtual em Sa\u00fade MS\" src=\"https:\/\/bvsms.saude.gov.br\/27-5-inverno-aumenta-risco-de-doencas-respiratorias\/embed\/#?secret=dGpeZjeVSi#?secret=e7LjiN0ZBU\" data-secret=\"e7LjiN0ZBU\" width=\"500\" height=\"282\" frameborder=\"0\" marginwidth=\"0\" marginheight=\"0\" scrolling=\"no\"><\/iframe><br \/>\nhttps:\/\/www.spsp.org.br\/site\/asp\/recomendacoes\/Rec91_PedAmbulatorial.pdf<\/em><\/h6>","protected":false},"excerpt":{"rendered":"<p>A \u00e9poca mais fria do ano \u00e9 marcada pela baixa umidade do ar, que pode aumentar a incid\u00eancia de doen\u00e7as e alergias respirat\u00f3rias. Isso ocorre devido \u00e0 alta concentra\u00e7\u00e3o de poluentes na atmosfera, que, durante o frio, acabam sendo depositadas na superf\u00edcie terrestre resultando na irrita\u00e7\u00e3o da mucosa e na condi\u00e7\u00e3o ideal para o surgimento [&hellip;]<\/p>\n","protected":false},"author":7,"featured_media":14931,"comment_status":"closed","ping_status":"closed","sticky":false,"template":"","format":"standard","meta":{"_acf_changed":false,"footnotes":""},"categories":[1616],"tags":[],"acf":[],"yoast_head":"<!-- This site is optimized with the Yoast SEO Premium plugin v24.4 (Yoast SEO v24.4) - https:\/\/yoast.com\/wordpress\/plugins\/seo\/ -->\n<title>Hidrata\u00e7\u00e3o nasal combina com o inverno - Biolab &amp; Co<\/title>\n<meta name=\"robots\" content=\"index, follow, max-snippet:-1, max-image-preview:large, max-video-preview:-1\" \/>\n<link rel=\"canonical\" href=\"https:\/\/www.biolabeco.com.br\/en\/blog\/general-health\/nasal-hydration-goes-well-with-winter\/\" \/>\n<meta property=\"og:locale\" content=\"en_US\" \/>\n<meta property=\"og:type\" content=\"article\" \/>\n<meta property=\"og:title\" content=\"Hidrata\u00e7\u00e3o nasal combina com o inverno\" \/>\n<meta property=\"og:description\" content=\"A \u00e9poca mais fria do ano \u00e9 marcada pela baixa umidade do ar, que pode aumentar a incid\u00eancia de doen\u00e7as e alergias respirat\u00f3rias. Isso ocorre devido \u00e0 alta concentra\u00e7\u00e3o de poluentes na atmosfera, que, durante o frio, acabam sendo depositadas na superf\u00edcie terrestre resultando na irrita\u00e7\u00e3o da mucosa e na condi\u00e7\u00e3o ideal para o surgimento [&hellip;]\" \/>\n<meta property=\"og:url\" content=\"https:\/\/www.biolabeco.com.br\/en\/blog\/general-health\/nasal-hydration-goes-well-with-winter\/\" \/>\n<meta property=\"og:site_name\" content=\"Biolab &amp; Co\" \/>\n<meta property=\"article:published_time\" content=\"2024-06-30T20:44:40+00:00\" \/>\n<meta property=\"article:modified_time\" content=\"2025-12-09T17:36:08+00:00\" \/>\n<meta property=\"og:image\" content=\"https:\/\/www.biolabeco.com.br\/wp-content\/uploads\/2024\/06\/Banner-Blog-Viver-Bem-Hidratacao-nasal-combina-com-o-inverno.png.webp\" \/>\n\t<meta property=\"og:image:width\" content=\"1200\" \/>\n\t<meta property=\"og:image:height\" content=\"436\" \/>\n\t<meta property=\"og:image:type\" content=\"image\/webp\" \/>\n<meta name=\"author\" content=\"Yasmim Botelho\" \/>\n<meta name=\"twitter:card\" content=\"summary_large_image\" \/>\n<meta name=\"twitter:label1\" content=\"Written by\" \/>\n\t<meta name=\"twitter:data1\" content=\"Yasmim Botelho\" \/>\n\t<meta name=\"twitter:label2\" content=\"Est. reading time\" \/>\n\t<meta name=\"twitter:data2\" content=\"3 minutes\" \/>\n<script type=\"application\/ld+json\" class=\"yoast-schema-graph\">{\"@context\":\"https:\/\/schema.org\",\"@graph\":[{\"@type\":\"WebPage\",\"@id\":\"https:\/\/www.biolabeco.com.br\/en\/blog\/general-health\/nasal-hydration-goes-well-with-winter\/\",\"url\":\"https:\/\/www.biolabeco.com.br\/en\/blog\/general-health\/nasal-hydration-goes-well-with-winter\/\",\"name\":\"Hidrata\u00e7\u00e3o nasal combina com o inverno - Biolab &amp; Co\",\"isPartOf\":{\"@id\":\"https:\/\/www.biolabeco.com.br\/#website\"},\"primaryImageOfPage\":{\"@id\":\"https:\/\/www.biolabeco.com.br\/en\/blog\/general-health\/nasal-hydration-goes-well-with-winter\/#primaryimage\"},\"image\":{\"@id\":\"https:\/\/www.biolabeco.com.br\/en\/blog\/general-health\/nasal-hydration-goes-well-with-winter\/#primaryimage\"},\"thumbnailUrl\":\"https:\/\/www.biolabeco.com.br\/wp-content\/uploads\/2024\/06\/Banner-Blog-Viver-Bem-Hidratacao-nasal-combina-com-o-inverno.png.webp\",\"datePublished\":\"2024-06-30T20:44:40+00:00\",\"dateModified\":\"2025-12-09T17:36:08+00:00\",\"author\":{\"@id\":\"https:\/\/www.biolabeco.com.br\/#\/schema\/person\/bb07d50e32d20028751837031a066fac\"},\"breadcrumb\":{\"@id\":\"https:\/\/www.biolabeco.com.br\/en\/blog\/general-health\/nasal-hydration-goes-well-with-winter\/#breadcrumb\"},\"inLanguage\":\"en-US\",\"potentialAction\":[{\"@type\":\"ReadAction\",\"target\":[\"https:\/\/www.biolabeco.com.br\/en\/blog\/general-health\/nasal-hydration-goes-well-with-winter\/\"]}]},{\"@type\":\"ImageObject\",\"inLanguage\":\"en-US\",\"@id\":\"https:\/\/www.biolabeco.com.br\/en\/blog\/general-health\/nasal-hydration-goes-well-with-winter\/#primaryimage\",\"url\":\"https:\/\/www.biolabeco.com.br\/wp-content\/uploads\/2024\/06\/Banner-Blog-Viver-Bem-Hidratacao-nasal-combina-com-o-inverno.png.webp\",\"contentUrl\":\"https:\/\/www.biolabeco.com.br\/wp-content\/uploads\/2024\/06\/Banner-Blog-Viver-Bem-Hidratacao-nasal-combina-com-o-inverno.png.webp\",\"width\":1200,\"height\":436},{\"@type\":\"BreadcrumbList\",\"@id\":\"https:\/\/www.biolabeco.com.br\/en\/blog\/general-health\/nasal-hydration-goes-well-with-winter\/#breadcrumb\",\"itemListElement\":[{\"@type\":\"ListItem\",\"position\":1,\"name\":\"Home\",\"item\":\"https:\/\/www.biolabeco.com.br\/\"},{\"@type\":\"ListItem\",\"position\":2,\"name\":\"Hidrata\u00e7\u00e3o nasal combina com o inverno\"}]},{\"@type\":\"WebSite\",\"@id\":\"https:\/\/www.biolabeco.com.br\/#website\",\"url\":\"https:\/\/www.biolabeco.com.br\/\",\"name\":\"Biolab\",\"description\":\"Na Biolab &amp; Co, ci\u00eancia e cuidado caminham juntos. Saiba como promovemos sa\u00fade com responsabilidade socioambiental e tecnologia.\",\"potentialAction\":[{\"@type\":\"SearchAction\",\"target\":{\"@type\":\"EntryPoint\",\"urlTemplate\":\"https:\/\/www.biolabeco.com.br\/?s={search_term_string}\"},\"query-input\":{\"@type\":\"PropertyValueSpecification\",\"valueRequired\":true,\"valueName\":\"search_term_string\"}}],\"inLanguage\":\"en-US\"},{\"@type\":\"Person\",\"@id\":\"https:\/\/www.biolabeco.com.br\/#\/schema\/person\/bb07d50e32d20028751837031a066fac\",\"name\":\"Yasmim Botelho\",\"image\":{\"@type\":\"ImageObject\",\"inLanguage\":\"en-US\",\"@id\":\"https:\/\/www.biolabeco.com.br\/#\/schema\/person\/image\/\",\"url\":\"https:\/\/secure.gravatar.com\/avatar\/9d0fea0daa82eb99e89f9f8c0e5ab7f7?s=96&d=mm&r=g\",\"contentUrl\":\"https:\/\/secure.gravatar.com\/avatar\/9d0fea0daa82eb99e89f9f8c0e5ab7f7?s=96&d=mm&r=g\",\"caption\":\"Yasmim Botelho\"},\"url\":\"https:\/\/www.biolabeco.com.br\/en\/author\/yalves\/\"}]}<\/script>\n<!-- \/ Yoast SEO Premium plugin. -->","yoast_head_json":{"title":"Nasal hydration goes well with winter - Biolab &amp; Co","robots":{"index":"index","follow":"follow","max-snippet":"max-snippet:-1","max-image-preview":"max-image-preview:large","max-video-preview":"max-video-preview:-1"},"canonical":"https:\/\/www.biolabeco.com.br\/en\/blog\/general-health\/nasal-hydration-goes-well-with-winter\/","og_locale":"en_US","og_type":"article","og_title":"Hidrata\u00e7\u00e3o nasal combina com o inverno","og_description":"A \u00e9poca mais fria do ano \u00e9 marcada pela baixa umidade do ar, que pode aumentar a incid\u00eancia de doen\u00e7as e alergias respirat\u00f3rias. Isso ocorre devido \u00e0 alta concentra\u00e7\u00e3o de poluentes na atmosfera, que, durante o frio, acabam sendo depositadas na superf\u00edcie terrestre resultando na irrita\u00e7\u00e3o da mucosa e na condi\u00e7\u00e3o ideal para o surgimento [&hellip;]","og_url":"https:\/\/www.biolabeco.com.br\/en\/blog\/general-health\/nasal-hydration-goes-well-with-winter\/","og_site_name":"Biolab &amp; Co","article_published_time":"2024-06-30T20:44:40+00:00","article_modified_time":"2025-12-09T17:36:08+00:00","og_image":[{"width":1200,"height":436,"url":"https:\/\/www.biolabeco.com.br\/wp-content\/uploads\/2024\/06\/Banner-Blog-Viver-Bem-Hidratacao-nasal-combina-com-o-inverno.png.webp","type":"image\/webp"}],"author":"Yasmim Botelho","twitter_card":"summary_large_image","twitter_misc":{"Written by":"Yasmim Botelho","Est. reading time":"3 minutes"},"schema":{"@context":"https:\/\/schema.org","@graph":[{"@type":"WebPage","@id":"https:\/\/www.biolabeco.com.br\/en\/blog\/general-health\/nasal-hydration-goes-well-with-winter\/","url":"https:\/\/www.biolabeco.com.br\/en\/blog\/general-health\/nasal-hydration-goes-well-with-winter\/","name":"Nasal hydration goes well with winter - Biolab &amp; Co","isPartOf":{"@id":"https:\/\/www.biolabeco.com.br\/#website"},"primaryImageOfPage":{"@id":"https:\/\/www.biolabeco.com.br\/en\/blog\/general-health\/nasal-hydration-goes-well-with-winter\/#primaryimage"},"image":{"@id":"https:\/\/www.biolabeco.com.br\/en\/blog\/general-health\/nasal-hydration-goes-well-with-winter\/#primaryimage"},"thumbnailUrl":"https:\/\/www.biolabeco.com.br\/wp-content\/uploads\/2024\/06\/Banner-Blog-Viver-Bem-Hidratacao-nasal-combina-com-o-inverno.png.webp","datePublished":"2024-06-30T20:44:40+00:00","dateModified":"2025-12-09T17:36:08+00:00","author":{"@id":"https:\/\/www.biolabeco.com.br\/#\/schema\/person\/bb07d50e32d20028751837031a066fac"},"breadcrumb":{"@id":"https:\/\/www.biolabeco.com.br\/en\/blog\/general-health\/nasal-hydration-goes-well-with-winter\/#breadcrumb"},"inLanguage":"en-US","potentialAction":[{"@type":"ReadAction","target":["https:\/\/www.biolabeco.com.br\/en\/blog\/general-health\/nasal-hydration-goes-well-with-winter\/"]}]},{"@type":"ImageObject","inLanguage":"en-US","@id":"https:\/\/www.biolabeco.com.br\/en\/blog\/general-health\/nasal-hydration-goes-well-with-winter\/#primaryimage","url":"https:\/\/www.biolabeco.com.br\/wp-content\/uploads\/2024\/06\/Banner-Blog-Viver-Bem-Hidratacao-nasal-combina-com-o-inverno.png.webp","contentUrl":"https:\/\/www.biolabeco.com.br\/wp-content\/uploads\/2024\/06\/Banner-Blog-Viver-Bem-Hidratacao-nasal-combina-com-o-inverno.png.webp","width":1200,"height":436},{"@type":"BreadcrumbList","@id":"https:\/\/www.biolabeco.com.br\/en\/blog\/general-health\/nasal-hydration-goes-well-with-winter\/#breadcrumb","itemListElement":[{"@type":"ListItem","position":1,"name":"Home","item":"https:\/\/www.biolabeco.com.br\/"},{"@type":"ListItem","position":2,"name":"Hidrata\u00e7\u00e3o nasal combina com o inverno"}]},{"@type":"WebSite","@id":"https:\/\/www.biolabeco.com.br\/#website","url":"https:\/\/www.biolabeco.com.br\/","name":"Biolab","description":"At Biolab &amp; Co, science and care go hand in hand. Find out how we promote health with social and environmental responsibility and technology.","potentialAction":[{"@type":"SearchAction","target":{"@type":"EntryPoint","urlTemplate":"https:\/\/www.biolabeco.com.br\/?s={search_term_string}"},"query-input":{"@type":"PropertyValueSpecification","valueRequired":true,"valueName":"search_term_string"}}],"inLanguage":"en-US"},{"@type":"Person","@id":"https:\/\/www.biolabeco.com.br\/#\/schema\/person\/bb07d50e32d20028751837031a066fac","name":"Yasmim Botelho","image":{"@type":"ImageObject","inLanguage":"en-US","@id":"https:\/\/www.biolabeco.com.br\/#\/schema\/person\/image\/","url":"https:\/\/secure.gravatar.com\/avatar\/9d0fea0daa82eb99e89f9f8c0e5ab7f7?s=96&d=mm&r=g","contentUrl":"https:\/\/secure.gravatar.com\/avatar\/9d0fea0daa82eb99e89f9f8c0e5ab7f7?s=96&d=mm&r=g","caption":"Yasmim Botelho"},"url":"https:\/\/www.biolabeco.com.br\/en\/author\/yalves\/"}]}},"_links":{"self":[{"href":"https:\/\/www.biolabeco.com.br\/en\/wp-json\/wp\/v2\/posts\/560"}],"collection":[{"href":"https:\/\/www.biolabeco.com.br\/en\/wp-json\/wp\/v2\/posts"}],"about":[{"href":"https:\/\/www.biolabeco.com.br\/en\/wp-json\/wp\/v2\/types\/post"}],"author":[{"embeddable":true,"href":"https:\/\/www.biolabeco.com.br\/en\/wp-json\/wp\/v2\/users\/7"}],"replies":[{"embeddable":true,"href":"https:\/\/www.biolabeco.com.br\/en\/wp-json\/wp\/v2\/comments?post=560"}],"version-history":[{"count":1,"href":"https:\/\/www.biolabeco.com.br\/en\/wp-json\/wp\/v2\/posts\/560\/revisions"}],"predecessor-version":[{"id":14932,"href":"https:\/\/www.biolabeco.com.br\/en\/wp-json\/wp\/v2\/posts\/560\/revisions\/14932"}],"wp:featuredmedia":[{"embeddable":true,"href":"https:\/\/www.biolabeco.com.br\/en\/wp-json\/wp\/v2\/media\/14931"}],"wp:attachment":[{"href":"https:\/\/www.biolabeco.com.br\/en\/wp-json\/wp\/v2\/media?parent=560"}],"wp:term":[{"taxonomy":"category","embeddable":true,"href":"https:\/\/www.biolabeco.com.br\/en\/wp-json\/wp\/v2\/categories?post=560"},{"taxonomy":"post_tag","embeddable":true,"href":"https:\/\/www.biolabeco.com.br\/en\/wp-json\/wp\/v2\/tags?post=560"}],"curies":[{"name":"wp","href":"https:\/\/api.w.org\/{rel}","templated":true}]}}