{"id":673,"date":"2025-04-30T10:39:23","date_gmt":"2025-04-30T13:39:23","guid":{"rendered":"https:\/\/www.biolabemcasa.com.br\/?p=673"},"modified":"2025-12-09T14:51:18","modified_gmt":"2025-12-09T17:51:18","slug":"migraine-and-anxiety","status":"publish","type":"post","link":"https:\/\/www.biolabeco.com.br\/en\/blog\/saude-geral\/enxaqueca-e-ansiedade\/","title":{"rendered":"Migraine and anxiety: when body and mind talk together"},"content":{"rendered":"<p><span style=\"font-weight: 400;\">Do you experience frequent headaches, difficulty relaxing and anxiety that always seems to be lurking? These symptoms may seem separate, but they're actually more connected than you might think: migraine.<\/span><\/p>\n<p><span style=\"font-weight: 400;\">Studies show that <\/span><b>chronic migraine is often associated with mood disorders such as anxiety and depression<\/b><span style=\"font-weight: 400;\">. In other words, what begins with physical pain can be intertwined with emotional impacts - and vice versa.<\/span><\/p>\n<p>&nbsp;<\/p>\n<h3><b>Migraine: more than just a headache<\/b><\/h3>\n<p><span style=\"font-weight: 400;\">Migraine is a complex neurological condition, which can include symptoms such as:<\/span><\/p>\n<p><span style=\"font-weight: 400;\">- Intense throbbing pain, usually on one side of the head<\/span><\/p>\n<p><span style=\"font-weight: 400;\">- Nausea<\/span><\/p>\n<p><span style=\"font-weight: 400;\"><span style=\"vertical-align: inherit;\"><span style=\"vertical-align: inherit;\">- Sensitivity to light and sound<\/span><\/span><\/span><\/p>\n<p><span style=\"font-weight: 400;\">- Visual changes (aura)<\/span><\/p>\n<p><span style=\"font-weight: 400;\">But it goes beyond the physical aspect: many patients report that the crises are accompanied by <\/span><b>anticipatory anxiety<\/b><span style=\"font-weight: 400;\">The constant fear of when the next pain will come. This in itself has an impact on mental health.<\/span><\/p>\n<p>&nbsp;<\/p>\n<h3><b>The link with anxiety<\/b><\/h3>\n<p><span style=\"font-weight: 400;\">Research shows that people with migraines have <\/span><b>higher prevalence of anxiety disorders<\/b><span style=\"font-weight: 400;\">especially when the pain becomes frequent or disabling. According to a study published in 2023 in the journal <\/span><i><span style=\"font-weight: 400;\">Frontiers in Neurology<\/span><\/i><span style=\"font-weight: 400;\">This comorbidity can <\/span><b>intensify the symptoms of both conditions<\/b><span style=\"font-weight: 400;\">This creates a cycle of pain, emotional tension and worsening quality of life.<\/span><\/p>\n<p><span style=\"font-weight: 400;\">In addition <\/span><i><span style=\"font-weight: 400;\">American Migraine Foundation <\/span><\/i><span style=\"font-weight: 400;\">(AMF) points out that anxiety can affect the response to migraine treatment, which requires a broader approach involving both neurological and emotional care.<\/span><\/p>\n<p>&nbsp;<\/p>\n<h3><b>Why does it matter?<\/b><\/h3>\n<p><span style=\"font-weight: 400;\">Understanding this connection is essential to promoting more complete and individualized care. For Biolab, which works deeply in the central nervous system (CNS), talking about migraine is also talking about mental health - and vice versa.<\/span><\/p>\n<p><span style=\"font-weight: 400;\">Taking care of the body also means listening to the mind. And the earlier this conversation begins, the better the chances of receiving care, diagnosis and quality of life.<\/span><\/p>","protected":false},"excerpt":{"rendered":"<p>Voc\u00ea sente dor de cabe\u00e7a de modo frequente, dificuldade para relaxar e uma ansiedade que parece sempre \u00e0 espreita? Esses sintomas podem parecer separados, mas na verdade est\u00e3o mais conectados do que imaginamos: enxaqueca. Estudos informam que a enxaqueca cr\u00f4nica est\u00e1 frequentemente associada a transtornos de humor, como ansiedade e depress\u00e3o. Ou seja, o que [&hellip;]<\/p>\n","protected":false},"author":7,"featured_media":14989,"comment_status":"closed","ping_status":"open","sticky":false,"template":"","format":"standard","meta":{"_acf_changed":false,"footnotes":""},"categories":[1616,1626],"tags":[1630,1631,1632],"acf":[],"yoast_head":"<!-- This site is optimized with the Yoast SEO Premium plugin v24.4 (Yoast SEO v24.4) - https:\/\/yoast.com\/wordpress\/plugins\/seo\/ -->\n<title>Enxaqueca e ansiedade: quando o corpo e a mente falam juntos - Biolab &amp; Co<\/title>\n<meta name=\"robots\" content=\"index, follow, max-snippet:-1, max-image-preview:large, max-video-preview:-1\" \/>\n<link rel=\"canonical\" href=\"https:\/\/www.biolabeco.com.br\/en\/blog\/general-health\/migraine-and-anxiety\/\" \/>\n<meta property=\"og:locale\" content=\"en_US\" \/>\n<meta property=\"og:type\" content=\"article\" \/>\n<meta property=\"og:title\" content=\"Enxaqueca e ansiedade: quando o corpo e a mente falam juntos\" \/>\n<meta property=\"og:description\" content=\"Voc\u00ea sente dor de cabe\u00e7a de modo frequente, dificuldade para relaxar e uma ansiedade que parece sempre \u00e0 espreita? Esses sintomas podem parecer separados, mas na verdade est\u00e3o mais conectados do que imaginamos: enxaqueca. Estudos informam que a enxaqueca cr\u00f4nica est\u00e1 frequentemente associada a transtornos de humor, como ansiedade e depress\u00e3o. Ou seja, o que [&hellip;]\" \/>\n<meta property=\"og:url\" content=\"https:\/\/www.biolabeco.com.br\/en\/blog\/general-health\/migraine-and-anxiety\/\" \/>\n<meta property=\"og:site_name\" content=\"Biolab &amp; Co\" \/>\n<meta property=\"article:published_time\" content=\"2025-04-30T13:39:23+00:00\" \/>\n<meta property=\"article:modified_time\" content=\"2025-12-09T17:51:18+00:00\" \/>\n<meta property=\"og:image\" content=\"https:\/\/www.biolabeco.com.br\/wp-content\/uploads\/2025\/04\/DIG0010-25F_DIGITAL_PROFUNDAMENTE_BLOGPOST_v2-1.png.webp\" \/>\n\t<meta property=\"og:image:width\" content=\"1200\" \/>\n\t<meta property=\"og:image:height\" content=\"436\" \/>\n\t<meta property=\"og:image:type\" content=\"image\/webp\" \/>\n<meta name=\"author\" content=\"Yasmim Botelho\" \/>\n<meta name=\"twitter:card\" content=\"summary_large_image\" \/>\n<meta name=\"twitter:label1\" content=\"Written by\" \/>\n\t<meta name=\"twitter:data1\" content=\"Yasmim Botelho\" \/>\n\t<meta name=\"twitter:label2\" content=\"Est. reading time\" \/>\n\t<meta name=\"twitter:data2\" content=\"2 minutes\" \/>\n<script type=\"application\/ld+json\" class=\"yoast-schema-graph\">{\"@context\":\"https:\/\/schema.org\",\"@graph\":[{\"@type\":\"WebPage\",\"@id\":\"https:\/\/www.biolabeco.com.br\/es\/blog\/salud-general\/migrana-y-ansiedad\/\",\"url\":\"https:\/\/www.biolabeco.com.br\/es\/blog\/salud-general\/migrana-y-ansiedad\/\",\"name\":\"Enxaqueca e ansiedade: quando o corpo e a mente falam juntos - Biolab &amp; Co\",\"isPartOf\":{\"@id\":\"https:\/\/www.biolabeco.com.br\/#website\"},\"primaryImageOfPage\":{\"@id\":\"https:\/\/www.biolabeco.com.br\/es\/blog\/salud-general\/migrana-y-ansiedad\/#primaryimage\"},\"image\":{\"@id\":\"https:\/\/www.biolabeco.com.br\/es\/blog\/salud-general\/migrana-y-ansiedad\/#primaryimage\"},\"thumbnailUrl\":\"https:\/\/www.biolabeco.com.br\/wp-content\/uploads\/2025\/04\/DIG0010-25F_DIGITAL_PROFUNDAMENTE_BLOGPOST_v2-1.png.webp\",\"datePublished\":\"2025-04-30T13:39:23+00:00\",\"dateModified\":\"2025-12-09T17:51:18+00:00\",\"author\":{\"@id\":\"https:\/\/www.biolabeco.com.br\/#\/schema\/person\/bb07d50e32d20028751837031a066fac\"},\"breadcrumb\":{\"@id\":\"https:\/\/www.biolabeco.com.br\/es\/blog\/salud-general\/migrana-y-ansiedad\/#breadcrumb\"},\"inLanguage\":\"en-US\",\"potentialAction\":[{\"@type\":\"ReadAction\",\"target\":[\"https:\/\/www.biolabeco.com.br\/es\/blog\/salud-general\/migrana-y-ansiedad\/\"]}]},{\"@type\":\"ImageObject\",\"inLanguage\":\"en-US\",\"@id\":\"https:\/\/www.biolabeco.com.br\/es\/blog\/salud-general\/migrana-y-ansiedad\/#primaryimage\",\"url\":\"https:\/\/www.biolabeco.com.br\/wp-content\/uploads\/2025\/04\/DIG0010-25F_DIGITAL_PROFUNDAMENTE_BLOGPOST_v2-1.png.webp\",\"contentUrl\":\"https:\/\/www.biolabeco.com.br\/wp-content\/uploads\/2025\/04\/DIG0010-25F_DIGITAL_PROFUNDAMENTE_BLOGPOST_v2-1.png.webp\",\"width\":1200,\"height\":436},{\"@type\":\"BreadcrumbList\",\"@id\":\"https:\/\/www.biolabeco.com.br\/es\/blog\/salud-general\/migrana-y-ansiedad\/#breadcrumb\",\"itemListElement\":[{\"@type\":\"ListItem\",\"position\":1,\"name\":\"Home\",\"item\":\"https:\/\/www.biolabeco.com.br\/\"},{\"@type\":\"ListItem\",\"position\":2,\"name\":\"Enxaqueca e ansiedade: quando o corpo e a mente falam juntos\"}]},{\"@type\":\"WebSite\",\"@id\":\"https:\/\/www.biolabeco.com.br\/#website\",\"url\":\"https:\/\/www.biolabeco.com.br\/\",\"name\":\"Biolab\",\"description\":\"Na Biolab &amp; Co, ci\u00eancia e cuidado caminham juntos. Saiba como promovemos sa\u00fade com responsabilidade socioambiental e tecnologia.\",\"potentialAction\":[{\"@type\":\"SearchAction\",\"target\":{\"@type\":\"EntryPoint\",\"urlTemplate\":\"https:\/\/www.biolabeco.com.br\/?s={search_term_string}\"},\"query-input\":{\"@type\":\"PropertyValueSpecification\",\"valueRequired\":true,\"valueName\":\"search_term_string\"}}],\"inLanguage\":\"en-US\"},{\"@type\":\"Person\",\"@id\":\"https:\/\/www.biolabeco.com.br\/#\/schema\/person\/bb07d50e32d20028751837031a066fac\",\"name\":\"Yasmim Botelho\",\"image\":{\"@type\":\"ImageObject\",\"inLanguage\":\"en-US\",\"@id\":\"https:\/\/www.biolabeco.com.br\/#\/schema\/person\/image\/\",\"url\":\"https:\/\/secure.gravatar.com\/avatar\/9d0fea0daa82eb99e89f9f8c0e5ab7f7?s=96&d=mm&r=g\",\"contentUrl\":\"https:\/\/secure.gravatar.com\/avatar\/9d0fea0daa82eb99e89f9f8c0e5ab7f7?s=96&d=mm&r=g\",\"caption\":\"Yasmim Botelho\"},\"url\":\"https:\/\/www.biolabeco.com.br\/en\/author\/yalves\/\"}]}<\/script>\n<!-- \/ Yoast SEO Premium plugin. -->","yoast_head_json":{"title":"Migraine and anxiety: when body and mind talk together - Biolab &amp; Co","robots":{"index":"index","follow":"follow","max-snippet":"max-snippet:-1","max-image-preview":"max-image-preview:large","max-video-preview":"max-video-preview:-1"},"canonical":"https:\/\/www.biolabeco.com.br\/en\/blog\/general-health\/migraine-and-anxiety\/","og_locale":"en_US","og_type":"article","og_title":"Enxaqueca e ansiedade: quando o corpo e a mente falam juntos","og_description":"Voc\u00ea sente dor de cabe\u00e7a de modo frequente, dificuldade para relaxar e uma ansiedade que parece sempre \u00e0 espreita? Esses sintomas podem parecer separados, mas na verdade est\u00e3o mais conectados do que imaginamos: enxaqueca. Estudos informam que a enxaqueca cr\u00f4nica est\u00e1 frequentemente associada a transtornos de humor, como ansiedade e depress\u00e3o. Ou seja, o que [&hellip;]","og_url":"https:\/\/www.biolabeco.com.br\/en\/blog\/general-health\/migraine-and-anxiety\/","og_site_name":"Biolab &amp; Co","article_published_time":"2025-04-30T13:39:23+00:00","article_modified_time":"2025-12-09T17:51:18+00:00","og_image":[{"width":1200,"height":436,"url":"https:\/\/www.biolabeco.com.br\/wp-content\/uploads\/2025\/04\/DIG0010-25F_DIGITAL_PROFUNDAMENTE_BLOGPOST_v2-1.png.webp","type":"image\/webp"}],"author":"Yasmim Botelho","twitter_card":"summary_large_image","twitter_misc":{"Written by":"Yasmim Botelho","Est. reading time":"2 minutes"},"schema":{"@context":"https:\/\/schema.org","@graph":[{"@type":"WebPage","@id":"https:\/\/www.biolabeco.com.br\/es\/blog\/salud-general\/migrana-y-ansiedad\/","url":"https:\/\/www.biolabeco.com.br\/es\/blog\/salud-general\/migrana-y-ansiedad\/","name":"Migraine and anxiety: when body and mind talk together - Biolab &amp; Co","isPartOf":{"@id":"https:\/\/www.biolabeco.com.br\/#website"},"primaryImageOfPage":{"@id":"https:\/\/www.biolabeco.com.br\/es\/blog\/salud-general\/migrana-y-ansiedad\/#primaryimage"},"image":{"@id":"https:\/\/www.biolabeco.com.br\/es\/blog\/salud-general\/migrana-y-ansiedad\/#primaryimage"},"thumbnailUrl":"https:\/\/www.biolabeco.com.br\/wp-content\/uploads\/2025\/04\/DIG0010-25F_DIGITAL_PROFUNDAMENTE_BLOGPOST_v2-1.png.webp","datePublished":"2025-04-30T13:39:23+00:00","dateModified":"2025-12-09T17:51:18+00:00","author":{"@id":"https:\/\/www.biolabeco.com.br\/#\/schema\/person\/bb07d50e32d20028751837031a066fac"},"breadcrumb":{"@id":"https:\/\/www.biolabeco.com.br\/es\/blog\/salud-general\/migrana-y-ansiedad\/#breadcrumb"},"inLanguage":"en-US","potentialAction":[{"@type":"ReadAction","target":["https:\/\/www.biolabeco.com.br\/es\/blog\/salud-general\/migrana-y-ansiedad\/"]}]},{"@type":"ImageObject","inLanguage":"en-US","@id":"https:\/\/www.biolabeco.com.br\/es\/blog\/salud-general\/migrana-y-ansiedad\/#primaryimage","url":"https:\/\/www.biolabeco.com.br\/wp-content\/uploads\/2025\/04\/DIG0010-25F_DIGITAL_PROFUNDAMENTE_BLOGPOST_v2-1.png.webp","contentUrl":"https:\/\/www.biolabeco.com.br\/wp-content\/uploads\/2025\/04\/DIG0010-25F_DIGITAL_PROFUNDAMENTE_BLOGPOST_v2-1.png.webp","width":1200,"height":436},{"@type":"BreadcrumbList","@id":"https:\/\/www.biolabeco.com.br\/es\/blog\/salud-general\/migrana-y-ansiedad\/#breadcrumb","itemListElement":[{"@type":"ListItem","position":1,"name":"Home","item":"https:\/\/www.biolabeco.com.br\/"},{"@type":"ListItem","position":2,"name":"Enxaqueca e ansiedade: quando o corpo e a mente falam juntos"}]},{"@type":"WebSite","@id":"https:\/\/www.biolabeco.com.br\/#website","url":"https:\/\/www.biolabeco.com.br\/","name":"Biolab","description":"At Biolab &amp; Co, science and care go hand in hand. Find out how we promote health with social and environmental responsibility and technology.","potentialAction":[{"@type":"SearchAction","target":{"@type":"EntryPoint","urlTemplate":"https:\/\/www.biolabeco.com.br\/?s={search_term_string}"},"query-input":{"@type":"PropertyValueSpecification","valueRequired":true,"valueName":"search_term_string"}}],"inLanguage":"en-US"},{"@type":"Person","@id":"https:\/\/www.biolabeco.com.br\/#\/schema\/person\/bb07d50e32d20028751837031a066fac","name":"Yasmim Botelho","image":{"@type":"ImageObject","inLanguage":"en-US","@id":"https:\/\/www.biolabeco.com.br\/#\/schema\/person\/image\/","url":"https:\/\/secure.gravatar.com\/avatar\/9d0fea0daa82eb99e89f9f8c0e5ab7f7?s=96&d=mm&r=g","contentUrl":"https:\/\/secure.gravatar.com\/avatar\/9d0fea0daa82eb99e89f9f8c0e5ab7f7?s=96&d=mm&r=g","caption":"Yasmim Botelho"},"url":"https:\/\/www.biolabeco.com.br\/en\/author\/yalves\/"}]}},"_links":{"self":[{"href":"https:\/\/www.biolabeco.com.br\/en\/wp-json\/wp\/v2\/posts\/673"}],"collection":[{"href":"https:\/\/www.biolabeco.com.br\/en\/wp-json\/wp\/v2\/posts"}],"about":[{"href":"https:\/\/www.biolabeco.com.br\/en\/wp-json\/wp\/v2\/types\/post"}],"author":[{"embeddable":true,"href":"https:\/\/www.biolabeco.com.br\/en\/wp-json\/wp\/v2\/users\/7"}],"replies":[{"embeddable":true,"href":"https:\/\/www.biolabeco.com.br\/en\/wp-json\/wp\/v2\/comments?post=673"}],"version-history":[{"count":1,"href":"https:\/\/www.biolabeco.com.br\/en\/wp-json\/wp\/v2\/posts\/673\/revisions"}],"predecessor-version":[{"id":14990,"href":"https:\/\/www.biolabeco.com.br\/en\/wp-json\/wp\/v2\/posts\/673\/revisions\/14990"}],"wp:featuredmedia":[{"embeddable":true,"href":"https:\/\/www.biolabeco.com.br\/en\/wp-json\/wp\/v2\/media\/14989"}],"wp:attachment":[{"href":"https:\/\/www.biolabeco.com.br\/en\/wp-json\/wp\/v2\/media?parent=673"}],"wp:term":[{"taxonomy":"category","embeddable":true,"href":"https:\/\/www.biolabeco.com.br\/en\/wp-json\/wp\/v2\/categories?post=673"},{"taxonomy":"post_tag","embeddable":true,"href":"https:\/\/www.biolabeco.com.br\/en\/wp-json\/wp\/v2\/tags?post=673"}],"curies":[{"name":"wp","href":"https:\/\/api.w.org\/{rel}","templated":true}]}}