{"id":694,"date":"2025-05-22T14:18:31","date_gmt":"2025-05-22T17:18:31","guid":{"rendered":"https:\/\/www.biolabemcasa.com.br\/?p=694"},"modified":"2025-12-09T14:52:28","modified_gmt":"2025-12-09T17:52:28","slug":"symptoms-that-dont-show-up-on-tests-depression-and-neurological-diseases","status":"publish","type":"post","link":"https:\/\/www.biolabeco.com.br\/en\/blog\/saude-mental\/sintomas-que-nao-aparecem-nos-exames-a-depressao-e-as-doencas-neurologicas\/","title":{"rendered":"Symptoms that don't show up on tests: depression and neurological diseases"},"content":{"rendered":"<p><i><span style=\"font-weight: 400;\">Understand the connection between neurological diseases and depression - and why this relationship deserves your attention.<\/span><\/i><\/p>\n<p><span style=\"font-weight: 400;\">Often, when we think of neurological diseases, the physical symptoms are the first that come to mind: tremors, memory loss, motor changes. But what about the emotional impact? What we feel is also part of what the body expresses and, in many cases, depression is one of the first signs worth listening out for.<\/span><\/p>\n<p><span style=\"font-weight: 400;\">Depression is a common and serious disorder, which according to the Pan American Health Organization (PAHO) affects more than 300 million people worldwide. It can arise from a combination of genetic, biological and environmental factors and is often present in individuals facing neurological conditions such as epilepsy, Parkinson's disease, Alzheimer's disease, multiple sclerosis and other neurodegenerative diseases. In some situations, depressive symptoms appear even before more visible changes in the disease.<\/span><\/p>\n<h3><b>The emotional impact of neurological diseases<\/b><\/h3>\n<p><span style=\"font-weight: 400;\">Science shows that patients with neurological diseases have a higher risk of developing depression and, in more serious cases, suicidal ideation or behavior. This is because, in addition to the physical and cognitive challenges, these conditions often bring feelings of loss of autonomy, fear of the future, changes in routine and social interaction.<\/span><\/p>\n<p><span style=\"font-weight: 400;\">In the case of Parkinson's disease, for example, studies show that depression can be present from the earliest stages of the illness - and in some cases even precede the diagnosis by years. Something similar occurs with pathologies such as multiple sclerosis and Alzheimer's disease, which also have a direct impact on the patient's emotional health, especially at the time of diagnosis or during the more pronounced stages of evolution.<\/span><\/p>\n<h3><b>A watchful eye can save lives<\/b><\/h3>\n<p><span style=\"font-weight: 400;\">In many cases, the symptoms of depression - such as apathy, persistent sadness, loss of interest and changes in sleep or appetite - can be mistaken for manifestations of the neurological condition itself. That's why it's essential for health professionals, family members and the patients themselves to pay attention to aspects such as changes in behavior, feelings of hopelessness or social isolation.<\/span><\/p>\n<p><span style=\"font-weight: 400;\">The good news is that, with proper monitoring, it is possible to offer emotional support and effective treatments that significantly improve quality of life.<\/span><\/p>\n<p><span style=\"font-weight: 400;\">Taking care of the mind is an essential part of treating neurological diseases. For this reason, neurologists, psychiatrists and other professionals must work together to consider not only the physical symptoms but also the emotional health and well-being of the patient.<\/span><\/p>\n<p><span style=\"font-weight: 400;\">A <a href=\"https:\/\/www.biolabfarma.com.br\/\" target=\"_blank\" rel=\"noopener\">Biolab<\/a> believes in this comprehensive care and supports doctors and patients, since it offers a <a href=\"https:\/\/www.biolabemcasa.com.br\/categorias\/saude-mental\/saude-mental-ansiedade-depressao\" target=\"_blank\" rel=\"noopener\">quality product portfolio<\/a>based on constant research and a commitment to health.<\/span><\/p>","protected":false},"excerpt":{"rendered":"<p>Entenda a conex\u00e3o entre doen\u00e7as neurol\u00f3gicas e depress\u00e3o \u2014 e porque essa rela\u00e7\u00e3o merece a sua aten\u00e7\u00e3o. Muitas vezes, quando pensamos em doen\u00e7as neurol\u00f3gicas, os sintomas f\u00edsicos s\u00e3o os primeiros que v\u00eam \u00e0 mente: tremores, perda de mem\u00f3ria, altera\u00e7\u00f5es motoras. Mas e o impacto emocional? O que sentimos tamb\u00e9m faz parte do que o corpo [&hellip;]<\/p>\n","protected":false},"author":7,"featured_media":14993,"comment_status":"closed","ping_status":"closed","sticky":false,"template":"","format":"standard","meta":{"_acf_changed":false,"footnotes":""},"categories":[1626],"tags":[1635,1636,1637,1638,1639],"acf":[],"yoast_head":"<!-- This site is optimized with the Yoast SEO Premium plugin v24.4 (Yoast SEO v24.4) - https:\/\/yoast.com\/wordpress\/plugins\/seo\/ -->\n<title>Sintomas que n\u00e3o aparecem nos exames: a depress\u00e3o e as doen\u00e7as neurol\u00f3gicas - Biolab &amp; Co<\/title>\n<meta name=\"robots\" content=\"index, follow, max-snippet:-1, max-image-preview:large, max-video-preview:-1\" \/>\n<link rel=\"canonical\" href=\"https:\/\/www.biolabeco.com.br\/en\/blog\/mental-health\/symptoms-that-dont-show-up-on-tests-depression-and-neurological-diseases\/\" \/>\n<meta property=\"og:locale\" content=\"en_US\" \/>\n<meta property=\"og:type\" content=\"article\" \/>\n<meta property=\"og:title\" content=\"Sintomas que n\u00e3o aparecem nos exames: a depress\u00e3o e as doen\u00e7as neurol\u00f3gicas\" \/>\n<meta property=\"og:description\" content=\"Entenda a conex\u00e3o entre doen\u00e7as neurol\u00f3gicas e depress\u00e3o \u2014 e porque essa rela\u00e7\u00e3o merece a sua aten\u00e7\u00e3o. Muitas vezes, quando pensamos em doen\u00e7as neurol\u00f3gicas, os sintomas f\u00edsicos s\u00e3o os primeiros que v\u00eam \u00e0 mente: tremores, perda de mem\u00f3ria, altera\u00e7\u00f5es motoras. Mas e o impacto emocional? O que sentimos tamb\u00e9m faz parte do que o corpo [&hellip;]\" \/>\n<meta property=\"og:url\" content=\"https:\/\/www.biolabeco.com.br\/en\/blog\/mental-health\/symptoms-that-dont-show-up-on-tests-depression-and-neurological-diseases\/\" \/>\n<meta property=\"og:site_name\" content=\"Biolab &amp; Co\" \/>\n<meta property=\"article:published_time\" content=\"2025-05-22T17:18:31+00:00\" \/>\n<meta property=\"article:modified_time\" content=\"2025-12-09T17:52:28+00:00\" \/>\n<meta property=\"og:image\" content=\"https:\/\/www.biolabeco.com.br\/wp-content\/uploads\/2025\/05\/Banner-Blog-Viver-Bem-Sintomas-que-nao-aparecem-nos-exames.png.webp\" \/>\n\t<meta property=\"og:image:width\" content=\"1200\" \/>\n\t<meta property=\"og:image:height\" content=\"436\" \/>\n\t<meta property=\"og:image:type\" content=\"image\/webp\" \/>\n<meta name=\"author\" content=\"Yasmim Botelho\" \/>\n<meta name=\"twitter:card\" content=\"summary_large_image\" \/>\n<meta name=\"twitter:label1\" content=\"Written by\" \/>\n\t<meta name=\"twitter:data1\" content=\"Yasmim Botelho\" \/>\n\t<meta name=\"twitter:label2\" content=\"Est. reading time\" \/>\n\t<meta name=\"twitter:data2\" content=\"3 minutes\" \/>\n<script type=\"application\/ld+json\" class=\"yoast-schema-graph\">{\"@context\":\"https:\/\/schema.org\",\"@graph\":[{\"@type\":\"WebPage\",\"@id\":\"https:\/\/www.biolabeco.com.br\/blog\/saude-mental\/sintomas-que-nao-aparecem-nos-exames-a-depressao-e-as-doencas-neurologicas\/\",\"url\":\"https:\/\/www.biolabeco.com.br\/blog\/saude-mental\/sintomas-que-nao-aparecem-nos-exames-a-depressao-e-as-doencas-neurologicas\/\",\"name\":\"Sintomas que n\u00e3o aparecem nos exames: a depress\u00e3o e as doen\u00e7as neurol\u00f3gicas - Biolab &amp; Co\",\"isPartOf\":{\"@id\":\"https:\/\/www.biolabeco.com.br\/#website\"},\"primaryImageOfPage\":{\"@id\":\"https:\/\/www.biolabeco.com.br\/blog\/saude-mental\/sintomas-que-nao-aparecem-nos-exames-a-depressao-e-as-doencas-neurologicas\/#primaryimage\"},\"image\":{\"@id\":\"https:\/\/www.biolabeco.com.br\/blog\/saude-mental\/sintomas-que-nao-aparecem-nos-exames-a-depressao-e-as-doencas-neurologicas\/#primaryimage\"},\"thumbnailUrl\":\"https:\/\/www.biolabeco.com.br\/wp-content\/uploads\/2025\/05\/Banner-Blog-Viver-Bem-Sintomas-que-nao-aparecem-nos-exames.png.webp\",\"datePublished\":\"2025-05-22T17:18:31+00:00\",\"dateModified\":\"2025-12-09T17:52:28+00:00\",\"author\":{\"@id\":\"https:\/\/www.biolabeco.com.br\/#\/schema\/person\/bb07d50e32d20028751837031a066fac\"},\"breadcrumb\":{\"@id\":\"https:\/\/www.biolabeco.com.br\/blog\/saude-mental\/sintomas-que-nao-aparecem-nos-exames-a-depressao-e-as-doencas-neurologicas\/#breadcrumb\"},\"inLanguage\":\"en-US\",\"potentialAction\":[{\"@type\":\"ReadAction\",\"target\":[\"https:\/\/www.biolabeco.com.br\/blog\/saude-mental\/sintomas-que-nao-aparecem-nos-exames-a-depressao-e-as-doencas-neurologicas\/\"]}]},{\"@type\":\"ImageObject\",\"inLanguage\":\"en-US\",\"@id\":\"https:\/\/www.biolabeco.com.br\/blog\/saude-mental\/sintomas-que-nao-aparecem-nos-exames-a-depressao-e-as-doencas-neurologicas\/#primaryimage\",\"url\":\"https:\/\/www.biolabeco.com.br\/wp-content\/uploads\/2025\/05\/Banner-Blog-Viver-Bem-Sintomas-que-nao-aparecem-nos-exames.png.webp\",\"contentUrl\":\"https:\/\/www.biolabeco.com.br\/wp-content\/uploads\/2025\/05\/Banner-Blog-Viver-Bem-Sintomas-que-nao-aparecem-nos-exames.png.webp\",\"width\":1200,\"height\":436},{\"@type\":\"BreadcrumbList\",\"@id\":\"https:\/\/www.biolabeco.com.br\/blog\/saude-mental\/sintomas-que-nao-aparecem-nos-exames-a-depressao-e-as-doencas-neurologicas\/#breadcrumb\",\"itemListElement\":[{\"@type\":\"ListItem\",\"position\":1,\"name\":\"Home\",\"item\":\"https:\/\/www.biolabeco.com.br\/\"},{\"@type\":\"ListItem\",\"position\":2,\"name\":\"Sintomas que n\u00e3o aparecem nos exames: a depress\u00e3o e as doen\u00e7as neurol\u00f3gicas\"}]},{\"@type\":\"WebSite\",\"@id\":\"https:\/\/www.biolabeco.com.br\/#website\",\"url\":\"https:\/\/www.biolabeco.com.br\/\",\"name\":\"Biolab\",\"description\":\"Na Biolab &amp; Co, ci\u00eancia e cuidado caminham juntos. Saiba como promovemos sa\u00fade com responsabilidade socioambiental e tecnologia.\",\"potentialAction\":[{\"@type\":\"SearchAction\",\"target\":{\"@type\":\"EntryPoint\",\"urlTemplate\":\"https:\/\/www.biolabeco.com.br\/?s={search_term_string}\"},\"query-input\":{\"@type\":\"PropertyValueSpecification\",\"valueRequired\":true,\"valueName\":\"search_term_string\"}}],\"inLanguage\":\"en-US\"},{\"@type\":\"Person\",\"@id\":\"https:\/\/www.biolabeco.com.br\/#\/schema\/person\/bb07d50e32d20028751837031a066fac\",\"name\":\"Yasmim Botelho\",\"image\":{\"@type\":\"ImageObject\",\"inLanguage\":\"en-US\",\"@id\":\"https:\/\/www.biolabeco.com.br\/#\/schema\/person\/image\/\",\"url\":\"https:\/\/secure.gravatar.com\/avatar\/9d0fea0daa82eb99e89f9f8c0e5ab7f7?s=96&d=mm&r=g\",\"contentUrl\":\"https:\/\/secure.gravatar.com\/avatar\/9d0fea0daa82eb99e89f9f8c0e5ab7f7?s=96&d=mm&r=g\",\"caption\":\"Yasmim Botelho\"},\"url\":\"https:\/\/www.biolabeco.com.br\/en\/author\/yalves\/\"}]}<\/script>\n<!-- \/ Yoast SEO Premium plugin. -->","yoast_head_json":{"title":"Symptoms that don't show up on tests: depression and neurological diseases - Biolab &amp; Co","robots":{"index":"index","follow":"follow","max-snippet":"max-snippet:-1","max-image-preview":"max-image-preview:large","max-video-preview":"max-video-preview:-1"},"canonical":"https:\/\/www.biolabeco.com.br\/en\/blog\/mental-health\/symptoms-that-dont-show-up-on-tests-depression-and-neurological-diseases\/","og_locale":"en_US","og_type":"article","og_title":"Sintomas que n\u00e3o aparecem nos exames: a depress\u00e3o e as doen\u00e7as neurol\u00f3gicas","og_description":"Entenda a conex\u00e3o entre doen\u00e7as neurol\u00f3gicas e depress\u00e3o \u2014 e porque essa rela\u00e7\u00e3o merece a sua aten\u00e7\u00e3o. Muitas vezes, quando pensamos em doen\u00e7as neurol\u00f3gicas, os sintomas f\u00edsicos s\u00e3o os primeiros que v\u00eam \u00e0 mente: tremores, perda de mem\u00f3ria, altera\u00e7\u00f5es motoras. Mas e o impacto emocional? O que sentimos tamb\u00e9m faz parte do que o corpo [&hellip;]","og_url":"https:\/\/www.biolabeco.com.br\/en\/blog\/mental-health\/symptoms-that-dont-show-up-on-tests-depression-and-neurological-diseases\/","og_site_name":"Biolab &amp; Co","article_published_time":"2025-05-22T17:18:31+00:00","article_modified_time":"2025-12-09T17:52:28+00:00","og_image":[{"width":1200,"height":436,"url":"https:\/\/www.biolabeco.com.br\/wp-content\/uploads\/2025\/05\/Banner-Blog-Viver-Bem-Sintomas-que-nao-aparecem-nos-exames.png.webp","type":"image\/webp"}],"author":"Yasmim Botelho","twitter_card":"summary_large_image","twitter_misc":{"Written by":"Yasmim Botelho","Est. reading time":"3 minutes"},"schema":{"@context":"https:\/\/schema.org","@graph":[{"@type":"WebPage","@id":"https:\/\/www.biolabeco.com.br\/blog\/saude-mental\/sintomas-que-nao-aparecem-nos-exames-a-depressao-e-as-doencas-neurologicas\/","url":"https:\/\/www.biolabeco.com.br\/blog\/saude-mental\/sintomas-que-nao-aparecem-nos-exames-a-depressao-e-as-doencas-neurologicas\/","name":"Symptoms that don't show up on tests: depression and neurological diseases - Biolab &amp; Co","isPartOf":{"@id":"https:\/\/www.biolabeco.com.br\/#website"},"primaryImageOfPage":{"@id":"https:\/\/www.biolabeco.com.br\/blog\/saude-mental\/sintomas-que-nao-aparecem-nos-exames-a-depressao-e-as-doencas-neurologicas\/#primaryimage"},"image":{"@id":"https:\/\/www.biolabeco.com.br\/blog\/saude-mental\/sintomas-que-nao-aparecem-nos-exames-a-depressao-e-as-doencas-neurologicas\/#primaryimage"},"thumbnailUrl":"https:\/\/www.biolabeco.com.br\/wp-content\/uploads\/2025\/05\/Banner-Blog-Viver-Bem-Sintomas-que-nao-aparecem-nos-exames.png.webp","datePublished":"2025-05-22T17:18:31+00:00","dateModified":"2025-12-09T17:52:28+00:00","author":{"@id":"https:\/\/www.biolabeco.com.br\/#\/schema\/person\/bb07d50e32d20028751837031a066fac"},"breadcrumb":{"@id":"https:\/\/www.biolabeco.com.br\/blog\/saude-mental\/sintomas-que-nao-aparecem-nos-exames-a-depressao-e-as-doencas-neurologicas\/#breadcrumb"},"inLanguage":"en-US","potentialAction":[{"@type":"ReadAction","target":["https:\/\/www.biolabeco.com.br\/blog\/saude-mental\/sintomas-que-nao-aparecem-nos-exames-a-depressao-e-as-doencas-neurologicas\/"]}]},{"@type":"ImageObject","inLanguage":"en-US","@id":"https:\/\/www.biolabeco.com.br\/blog\/saude-mental\/sintomas-que-nao-aparecem-nos-exames-a-depressao-e-as-doencas-neurologicas\/#primaryimage","url":"https:\/\/www.biolabeco.com.br\/wp-content\/uploads\/2025\/05\/Banner-Blog-Viver-Bem-Sintomas-que-nao-aparecem-nos-exames.png.webp","contentUrl":"https:\/\/www.biolabeco.com.br\/wp-content\/uploads\/2025\/05\/Banner-Blog-Viver-Bem-Sintomas-que-nao-aparecem-nos-exames.png.webp","width":1200,"height":436},{"@type":"BreadcrumbList","@id":"https:\/\/www.biolabeco.com.br\/blog\/saude-mental\/sintomas-que-nao-aparecem-nos-exames-a-depressao-e-as-doencas-neurologicas\/#breadcrumb","itemListElement":[{"@type":"ListItem","position":1,"name":"Home","item":"https:\/\/www.biolabeco.com.br\/"},{"@type":"ListItem","position":2,"name":"Sintomas que n\u00e3o aparecem nos exames: a depress\u00e3o e as doen\u00e7as neurol\u00f3gicas"}]},{"@type":"WebSite","@id":"https:\/\/www.biolabeco.com.br\/#website","url":"https:\/\/www.biolabeco.com.br\/","name":"Biolab","description":"At Biolab &amp; Co, science and care go hand in hand. Find out how we promote health with social and environmental responsibility and technology.","potentialAction":[{"@type":"SearchAction","target":{"@type":"EntryPoint","urlTemplate":"https:\/\/www.biolabeco.com.br\/?s={search_term_string}"},"query-input":{"@type":"PropertyValueSpecification","valueRequired":true,"valueName":"search_term_string"}}],"inLanguage":"en-US"},{"@type":"Person","@id":"https:\/\/www.biolabeco.com.br\/#\/schema\/person\/bb07d50e32d20028751837031a066fac","name":"Yasmim Botelho","image":{"@type":"ImageObject","inLanguage":"en-US","@id":"https:\/\/www.biolabeco.com.br\/#\/schema\/person\/image\/","url":"https:\/\/secure.gravatar.com\/avatar\/9d0fea0daa82eb99e89f9f8c0e5ab7f7?s=96&d=mm&r=g","contentUrl":"https:\/\/secure.gravatar.com\/avatar\/9d0fea0daa82eb99e89f9f8c0e5ab7f7?s=96&d=mm&r=g","caption":"Yasmim Botelho"},"url":"https:\/\/www.biolabeco.com.br\/en\/author\/yalves\/"}]}},"_links":{"self":[{"href":"https:\/\/www.biolabeco.com.br\/en\/wp-json\/wp\/v2\/posts\/694"}],"collection":[{"href":"https:\/\/www.biolabeco.com.br\/en\/wp-json\/wp\/v2\/posts"}],"about":[{"href":"https:\/\/www.biolabeco.com.br\/en\/wp-json\/wp\/v2\/types\/post"}],"author":[{"embeddable":true,"href":"https:\/\/www.biolabeco.com.br\/en\/wp-json\/wp\/v2\/users\/7"}],"replies":[{"embeddable":true,"href":"https:\/\/www.biolabeco.com.br\/en\/wp-json\/wp\/v2\/comments?post=694"}],"version-history":[{"count":1,"href":"https:\/\/www.biolabeco.com.br\/en\/wp-json\/wp\/v2\/posts\/694\/revisions"}],"predecessor-version":[{"id":14994,"href":"https:\/\/www.biolabeco.com.br\/en\/wp-json\/wp\/v2\/posts\/694\/revisions\/14994"}],"wp:featuredmedia":[{"embeddable":true,"href":"https:\/\/www.biolabeco.com.br\/en\/wp-json\/wp\/v2\/media\/14993"}],"wp:attachment":[{"href":"https:\/\/www.biolabeco.com.br\/en\/wp-json\/wp\/v2\/media?parent=694"}],"wp:term":[{"taxonomy":"category","embeddable":true,"href":"https:\/\/www.biolabeco.com.br\/en\/wp-json\/wp\/v2\/categories?post=694"},{"taxonomy":"post_tag","embeddable":true,"href":"https:\/\/www.biolabeco.com.br\/en\/wp-json\/wp\/v2\/tags?post=694"}],"curies":[{"name":"wp","href":"https:\/\/api.w.org\/{rel}","templated":true}]}}