{"id":733,"date":"2025-07-21T09:53:01","date_gmt":"2025-07-21T12:53:01","guid":{"rendered":"https:\/\/www.biolabemcasa.com.br\/?p=733"},"modified":"2025-12-09T14:53:40","modified_gmt":"2025-12-09T17:53:40","slug":"what-is-the-relationship-between-blood-pressure-and-cognitive-decline","status":"publish","type":"post","link":"https:\/\/www.biolabeco.com.br\/en\/blog\/prevencao-e-imunidade\/qual-e-a-relacao-entre-a-pressao-arterial-e-o-declinio-cognitivo\/","title":{"rendered":"What is the relationship between blood pressure and cognitive decline?"},"content":{"rendered":"<p>A <a href=\"https:\/\/www.biolabemcasa.com.br\/categorias\/saude-cardiovascular\/saude-cardiovascular-hipertensao\" target=\"_blank\" rel=\"noopener\">hypertension<\/a> Blood pressure is one of the most common chronic conditions among Brazilians. But what many people still don't know is that uncontrolled blood pressure doesn't just affect the cardiovascular system. Recent studies show an important relationship between hypertension and cognitive decline, including more serious forms such as dementia.<\/p>\n<p>According to recent studies, such as the one published in the scientific journal <em>Neurology<\/em>Keeping blood pressure under control can significantly reduce the risk of developing dementia.<\/p>\n<p><strong>But why is that?<\/strong><\/p>\n<p>The brain is one of the organs most sensitive to variations in blood pressure. When blood pressure is constantly high or spikes frequently, the blood vessels that supply essential areas of the brain can be damaged over time. This reduces oxygenation and favors the accumulation of lesions that compromise memory, reasoning and other cognitive functions.<\/p>\n<p>In addition, irregular blood pressure is also associated with a higher risk of accelerated cognitive decline. These variations can damage the brain's small vessels and contribute to the development of changes typical of vascular dementia. <strong>It is therefore essential to monitor and control not only high blood pressure but also stable blood pressure levels in order to protect long-term brain health.<\/strong><\/p>\n<p>The good news is that this scenario can be avoided. Blood pressure control, through medical monitoring, the use of appropriate medication and lifestyle changes, is a powerful tool for protecting the brain.<\/p>\n<p>Here are some actions that help keep blood pressure levels under control and, what's more, benefit cognitive health:<\/p>\n<ul>\n<li>Reduce your intake of salt, ultra-processed foods and saturated fats;<\/li>\n<li>Engage in regular physical activity, even if it's light;<\/li>\n<li>Manage daily stress through psychological support, meditation or other relaxation strategies;<\/li>\n<li>Take the medication as advised by your healthcare professional;<\/li>\n<li>Regular follow-up with a cardiologist and\/or neurologist.<\/li>\n<\/ul>\n<p>Remember that these tips are just general health care guidelines. Always rely on the help of the health professional you trust to develop an individualized care plan.<\/p>\n<p>Sources:<\/p>\n<ul>\n<li><a href=\"https:\/\/www.neurology.org\/doi\/10.1212\/WNL.0000000000209715\">https:\/\/www.neurology.org\/doi\/10.1212\/WNL.0000000000209715<\/a><\/li>\n<li><a href=\"https:\/\/www.neurology.org\/doi\/10.1212\/WNL.0000000000213334\">https:\/\/www.neurology.org\/doi\/10.1212\/WNL.0000000000213334<\/a><\/li>\n<li><a href=\"https:\/\/www.neurology.org\/doi\/10.1212\/WNL.0000000000210151\">https:\/\/www.neurology.org\/doi\/10.1212\/WNL.0000000000210151<\/a><\/li>\n<\/ul>","protected":false},"excerpt":{"rendered":"<p>A hipertens\u00e3o arterial \u00e9 uma das condi\u00e7\u00f5es cr\u00f4nicas mais comuns entre os brasileiros. Mas o que muita gente ainda n\u00e3o sabe \u00e9 que a press\u00e3o arterial descontrolada n\u00e3o afeta apenas o sistema cardiovascular. Estudos recentes mostram uma rela\u00e7\u00e3o importante entre a hipertens\u00e3o e o decl\u00ednio cognitivo, inclusive formas mais graves, como a dem\u00eancia. De acordo [&hellip;]<\/p>\n","protected":false},"author":7,"featured_media":14999,"comment_status":"closed","ping_status":"closed","sticky":false,"template":"","format":"standard","meta":{"_acf_changed":false,"footnotes":""},"categories":[1618,1614,1616],"tags":[1650,1612,1651,1652,1653,1654],"acf":[],"yoast_head":"<!-- This site is optimized with the Yoast SEO Premium plugin v24.4 (Yoast SEO v24.4) - https:\/\/yoast.com\/wordpress\/plugins\/seo\/ -->\n<title>Qual \u00e9 a rela\u00e7\u00e3o entre a press\u00e3o arterial e o decl\u00ednio cognitivo? - Biolab &amp; Co<\/title>\n<meta name=\"robots\" content=\"index, follow, max-snippet:-1, max-image-preview:large, max-video-preview:-1\" \/>\n<link rel=\"canonical\" href=\"https:\/\/www.biolabeco.com.br\/en\/blog\/prevention-and-immunity\/what-is-the-relationship-between-blood-pressure-and-cognitive-decline\/\" \/>\n<meta property=\"og:locale\" content=\"en_US\" \/>\n<meta property=\"og:type\" content=\"article\" \/>\n<meta property=\"og:title\" content=\"Qual \u00e9 a rela\u00e7\u00e3o entre a press\u00e3o arterial e o decl\u00ednio cognitivo?\" \/>\n<meta property=\"og:description\" content=\"A hipertens\u00e3o arterial \u00e9 uma das condi\u00e7\u00f5es cr\u00f4nicas mais comuns entre os brasileiros. Mas o que muita gente ainda n\u00e3o sabe \u00e9 que a press\u00e3o arterial descontrolada n\u00e3o afeta apenas o sistema cardiovascular. Estudos recentes mostram uma rela\u00e7\u00e3o importante entre a hipertens\u00e3o e o decl\u00ednio cognitivo, inclusive formas mais graves, como a dem\u00eancia. De acordo [&hellip;]\" \/>\n<meta property=\"og:url\" content=\"https:\/\/www.biolabeco.com.br\/en\/blog\/prevention-and-immunity\/what-is-the-relationship-between-blood-pressure-and-cognitive-decline\/\" \/>\n<meta property=\"og:site_name\" content=\"Biolab &amp; Co\" \/>\n<meta property=\"article:published_time\" content=\"2025-07-21T12:53:01+00:00\" \/>\n<meta property=\"article:modified_time\" content=\"2025-12-09T17:53:40+00:00\" \/>\n<meta property=\"og:image\" content=\"https:\/\/www.biolabeco.com.br\/wp-content\/uploads\/2025\/07\/iStock-1491274818-2-e1753796989193.jpg.webp\" \/>\n\t<meta property=\"og:image:width\" content=\"1254\" \/>\n\t<meta property=\"og:image:height\" content=\"486\" \/>\n\t<meta property=\"og:image:type\" content=\"image\/webp\" \/>\n<meta name=\"author\" content=\"Yasmim Botelho\" \/>\n<meta name=\"twitter:card\" content=\"summary_large_image\" \/>\n<meta name=\"twitter:label1\" content=\"Written by\" \/>\n\t<meta name=\"twitter:data1\" content=\"Yasmim Botelho\" \/>\n\t<meta name=\"twitter:label2\" content=\"Est. reading time\" \/>\n\t<meta name=\"twitter:data2\" content=\"2 minutes\" \/>\n<script type=\"application\/ld+json\" class=\"yoast-schema-graph\">{\"@context\":\"https:\/\/schema.org\",\"@graph\":[{\"@type\":\"WebPage\",\"@id\":\"https:\/\/www.biolabeco.com.br\/blog\/prevencao-e-imunidade\/qual-e-a-relacao-entre-a-pressao-arterial-e-o-declinio-cognitivo\/\",\"url\":\"https:\/\/www.biolabeco.com.br\/blog\/prevencao-e-imunidade\/qual-e-a-relacao-entre-a-pressao-arterial-e-o-declinio-cognitivo\/\",\"name\":\"Qual \u00e9 a rela\u00e7\u00e3o entre a press\u00e3o arterial e o decl\u00ednio cognitivo? - Biolab &amp; Co\",\"isPartOf\":{\"@id\":\"https:\/\/www.biolabeco.com.br\/#website\"},\"primaryImageOfPage\":{\"@id\":\"https:\/\/www.biolabeco.com.br\/blog\/prevencao-e-imunidade\/qual-e-a-relacao-entre-a-pressao-arterial-e-o-declinio-cognitivo\/#primaryimage\"},\"image\":{\"@id\":\"https:\/\/www.biolabeco.com.br\/blog\/prevencao-e-imunidade\/qual-e-a-relacao-entre-a-pressao-arterial-e-o-declinio-cognitivo\/#primaryimage\"},\"thumbnailUrl\":\"https:\/\/www.biolabeco.com.br\/wp-content\/uploads\/2025\/07\/iStock-1491274818-2-e1753796989193.jpg.webp\",\"datePublished\":\"2025-07-21T12:53:01+00:00\",\"dateModified\":\"2025-12-09T17:53:40+00:00\",\"author\":{\"@id\":\"https:\/\/www.biolabeco.com.br\/#\/schema\/person\/bb07d50e32d20028751837031a066fac\"},\"breadcrumb\":{\"@id\":\"https:\/\/www.biolabeco.com.br\/blog\/prevencao-e-imunidade\/qual-e-a-relacao-entre-a-pressao-arterial-e-o-declinio-cognitivo\/#breadcrumb\"},\"inLanguage\":\"en-US\",\"potentialAction\":[{\"@type\":\"ReadAction\",\"target\":[\"https:\/\/www.biolabeco.com.br\/blog\/prevencao-e-imunidade\/qual-e-a-relacao-entre-a-pressao-arterial-e-o-declinio-cognitivo\/\"]}]},{\"@type\":\"ImageObject\",\"inLanguage\":\"en-US\",\"@id\":\"https:\/\/www.biolabeco.com.br\/blog\/prevencao-e-imunidade\/qual-e-a-relacao-entre-a-pressao-arterial-e-o-declinio-cognitivo\/#primaryimage\",\"url\":\"https:\/\/www.biolabeco.com.br\/wp-content\/uploads\/2025\/07\/iStock-1491274818-2-e1753796989193.jpg.webp\",\"contentUrl\":\"https:\/\/www.biolabeco.com.br\/wp-content\/uploads\/2025\/07\/iStock-1491274818-2-e1753796989193.jpg.webp\",\"width\":1254,\"height\":486},{\"@type\":\"BreadcrumbList\",\"@id\":\"https:\/\/www.biolabeco.com.br\/blog\/prevencao-e-imunidade\/qual-e-a-relacao-entre-a-pressao-arterial-e-o-declinio-cognitivo\/#breadcrumb\",\"itemListElement\":[{\"@type\":\"ListItem\",\"position\":1,\"name\":\"Home\",\"item\":\"https:\/\/www.biolabeco.com.br\/\"},{\"@type\":\"ListItem\",\"position\":2,\"name\":\"Qual \u00e9 a rela\u00e7\u00e3o entre a press\u00e3o arterial e o decl\u00ednio cognitivo?\"}]},{\"@type\":\"WebSite\",\"@id\":\"https:\/\/www.biolabeco.com.br\/#website\",\"url\":\"https:\/\/www.biolabeco.com.br\/\",\"name\":\"Biolab\",\"description\":\"Na Biolab &amp; Co, ci\u00eancia e cuidado caminham juntos. Saiba como promovemos sa\u00fade com responsabilidade socioambiental e tecnologia.\",\"potentialAction\":[{\"@type\":\"SearchAction\",\"target\":{\"@type\":\"EntryPoint\",\"urlTemplate\":\"https:\/\/www.biolabeco.com.br\/?s={search_term_string}\"},\"query-input\":{\"@type\":\"PropertyValueSpecification\",\"valueRequired\":true,\"valueName\":\"search_term_string\"}}],\"inLanguage\":\"en-US\"},{\"@type\":\"Person\",\"@id\":\"https:\/\/www.biolabeco.com.br\/#\/schema\/person\/bb07d50e32d20028751837031a066fac\",\"name\":\"Yasmim Botelho\",\"image\":{\"@type\":\"ImageObject\",\"inLanguage\":\"en-US\",\"@id\":\"https:\/\/www.biolabeco.com.br\/#\/schema\/person\/image\/\",\"url\":\"https:\/\/secure.gravatar.com\/avatar\/9d0fea0daa82eb99e89f9f8c0e5ab7f7?s=96&d=mm&r=g\",\"contentUrl\":\"https:\/\/secure.gravatar.com\/avatar\/9d0fea0daa82eb99e89f9f8c0e5ab7f7?s=96&d=mm&r=g\",\"caption\":\"Yasmim Botelho\"},\"url\":\"https:\/\/www.biolabeco.com.br\/en\/author\/yalves\/\"}]}<\/script>\n<!-- \/ Yoast SEO Premium plugin. -->","yoast_head_json":{"title":"What is the relationship between blood pressure and cognitive decline? - Biolab &amp; Co","robots":{"index":"index","follow":"follow","max-snippet":"max-snippet:-1","max-image-preview":"max-image-preview:large","max-video-preview":"max-video-preview:-1"},"canonical":"https:\/\/www.biolabeco.com.br\/en\/blog\/prevention-and-immunity\/what-is-the-relationship-between-blood-pressure-and-cognitive-decline\/","og_locale":"en_US","og_type":"article","og_title":"Qual \u00e9 a rela\u00e7\u00e3o entre a press\u00e3o arterial e o decl\u00ednio cognitivo?","og_description":"A hipertens\u00e3o arterial \u00e9 uma das condi\u00e7\u00f5es cr\u00f4nicas mais comuns entre os brasileiros. Mas o que muita gente ainda n\u00e3o sabe \u00e9 que a press\u00e3o arterial descontrolada n\u00e3o afeta apenas o sistema cardiovascular. Estudos recentes mostram uma rela\u00e7\u00e3o importante entre a hipertens\u00e3o e o decl\u00ednio cognitivo, inclusive formas mais graves, como a dem\u00eancia. De acordo [&hellip;]","og_url":"https:\/\/www.biolabeco.com.br\/en\/blog\/prevention-and-immunity\/what-is-the-relationship-between-blood-pressure-and-cognitive-decline\/","og_site_name":"Biolab &amp; Co","article_published_time":"2025-07-21T12:53:01+00:00","article_modified_time":"2025-12-09T17:53:40+00:00","og_image":[{"width":1254,"height":486,"url":"https:\/\/www.biolabeco.com.br\/wp-content\/uploads\/2025\/07\/iStock-1491274818-2-e1753796989193.jpg.webp","type":"image\/webp"}],"author":"Yasmim Botelho","twitter_card":"summary_large_image","twitter_misc":{"Written by":"Yasmim Botelho","Est. reading time":"2 minutes"},"schema":{"@context":"https:\/\/schema.org","@graph":[{"@type":"WebPage","@id":"https:\/\/www.biolabeco.com.br\/blog\/prevencao-e-imunidade\/qual-e-a-relacao-entre-a-pressao-arterial-e-o-declinio-cognitivo\/","url":"https:\/\/www.biolabeco.com.br\/blog\/prevencao-e-imunidade\/qual-e-a-relacao-entre-a-pressao-arterial-e-o-declinio-cognitivo\/","name":"What is the relationship between blood pressure and cognitive decline? - Biolab &amp; Co","isPartOf":{"@id":"https:\/\/www.biolabeco.com.br\/#website"},"primaryImageOfPage":{"@id":"https:\/\/www.biolabeco.com.br\/blog\/prevencao-e-imunidade\/qual-e-a-relacao-entre-a-pressao-arterial-e-o-declinio-cognitivo\/#primaryimage"},"image":{"@id":"https:\/\/www.biolabeco.com.br\/blog\/prevencao-e-imunidade\/qual-e-a-relacao-entre-a-pressao-arterial-e-o-declinio-cognitivo\/#primaryimage"},"thumbnailUrl":"https:\/\/www.biolabeco.com.br\/wp-content\/uploads\/2025\/07\/iStock-1491274818-2-e1753796989193.jpg.webp","datePublished":"2025-07-21T12:53:01+00:00","dateModified":"2025-12-09T17:53:40+00:00","author":{"@id":"https:\/\/www.biolabeco.com.br\/#\/schema\/person\/bb07d50e32d20028751837031a066fac"},"breadcrumb":{"@id":"https:\/\/www.biolabeco.com.br\/blog\/prevencao-e-imunidade\/qual-e-a-relacao-entre-a-pressao-arterial-e-o-declinio-cognitivo\/#breadcrumb"},"inLanguage":"en-US","potentialAction":[{"@type":"ReadAction","target":["https:\/\/www.biolabeco.com.br\/blog\/prevencao-e-imunidade\/qual-e-a-relacao-entre-a-pressao-arterial-e-o-declinio-cognitivo\/"]}]},{"@type":"ImageObject","inLanguage":"en-US","@id":"https:\/\/www.biolabeco.com.br\/blog\/prevencao-e-imunidade\/qual-e-a-relacao-entre-a-pressao-arterial-e-o-declinio-cognitivo\/#primaryimage","url":"https:\/\/www.biolabeco.com.br\/wp-content\/uploads\/2025\/07\/iStock-1491274818-2-e1753796989193.jpg.webp","contentUrl":"https:\/\/www.biolabeco.com.br\/wp-content\/uploads\/2025\/07\/iStock-1491274818-2-e1753796989193.jpg.webp","width":1254,"height":486},{"@type":"BreadcrumbList","@id":"https:\/\/www.biolabeco.com.br\/blog\/prevencao-e-imunidade\/qual-e-a-relacao-entre-a-pressao-arterial-e-o-declinio-cognitivo\/#breadcrumb","itemListElement":[{"@type":"ListItem","position":1,"name":"Home","item":"https:\/\/www.biolabeco.com.br\/"},{"@type":"ListItem","position":2,"name":"Qual \u00e9 a rela\u00e7\u00e3o entre a press\u00e3o arterial e o decl\u00ednio cognitivo?"}]},{"@type":"WebSite","@id":"https:\/\/www.biolabeco.com.br\/#website","url":"https:\/\/www.biolabeco.com.br\/","name":"Biolab","description":"At Biolab &amp; Co, science and care go hand in hand. Find out how we promote health with social and environmental responsibility and technology.","potentialAction":[{"@type":"SearchAction","target":{"@type":"EntryPoint","urlTemplate":"https:\/\/www.biolabeco.com.br\/?s={search_term_string}"},"query-input":{"@type":"PropertyValueSpecification","valueRequired":true,"valueName":"search_term_string"}}],"inLanguage":"en-US"},{"@type":"Person","@id":"https:\/\/www.biolabeco.com.br\/#\/schema\/person\/bb07d50e32d20028751837031a066fac","name":"Yasmim Botelho","image":{"@type":"ImageObject","inLanguage":"en-US","@id":"https:\/\/www.biolabeco.com.br\/#\/schema\/person\/image\/","url":"https:\/\/secure.gravatar.com\/avatar\/9d0fea0daa82eb99e89f9f8c0e5ab7f7?s=96&d=mm&r=g","contentUrl":"https:\/\/secure.gravatar.com\/avatar\/9d0fea0daa82eb99e89f9f8c0e5ab7f7?s=96&d=mm&r=g","caption":"Yasmim Botelho"},"url":"https:\/\/www.biolabeco.com.br\/en\/author\/yalves\/"}]}},"_links":{"self":[{"href":"https:\/\/www.biolabeco.com.br\/en\/wp-json\/wp\/v2\/posts\/733"}],"collection":[{"href":"https:\/\/www.biolabeco.com.br\/en\/wp-json\/wp\/v2\/posts"}],"about":[{"href":"https:\/\/www.biolabeco.com.br\/en\/wp-json\/wp\/v2\/types\/post"}],"author":[{"embeddable":true,"href":"https:\/\/www.biolabeco.com.br\/en\/wp-json\/wp\/v2\/users\/7"}],"replies":[{"embeddable":true,"href":"https:\/\/www.biolabeco.com.br\/en\/wp-json\/wp\/v2\/comments?post=733"}],"version-history":[{"count":1,"href":"https:\/\/www.biolabeco.com.br\/en\/wp-json\/wp\/v2\/posts\/733\/revisions"}],"predecessor-version":[{"id":15000,"href":"https:\/\/www.biolabeco.com.br\/en\/wp-json\/wp\/v2\/posts\/733\/revisions\/15000"}],"wp:featuredmedia":[{"embeddable":true,"href":"https:\/\/www.biolabeco.com.br\/en\/wp-json\/wp\/v2\/media\/14999"}],"wp:attachment":[{"href":"https:\/\/www.biolabeco.com.br\/en\/wp-json\/wp\/v2\/media?parent=733"}],"wp:term":[{"taxonomy":"category","embeddable":true,"href":"https:\/\/www.biolabeco.com.br\/en\/wp-json\/wp\/v2\/categories?post=733"},{"taxonomy":"post_tag","embeddable":true,"href":"https:\/\/www.biolabeco.com.br\/en\/wp-json\/wp\/v2\/tags?post=733"}],"curies":[{"name":"wp","href":"https:\/\/api.w.org\/{rel}","templated":true}]}}