{"id":16838,"date":"2026-04-22T12:24:12","date_gmt":"2026-04-22T15:24:12","guid":{"rendered":"https:\/\/www.biolabeco.com.br\/?post_type=imprensa&#038;p=16838"},"modified":"2026-04-27T12:25:08","modified_gmt":"2026-04-27T15:25:08","slug":"biolab-lanza-la-marca-biolab-co-para-consolidar-su-ecosistema-y-acelerar-su-expansion-mundial","status":"publish","type":"imprensa","link":"https:\/\/www.biolabeco.com.br\/es\/imprensa\/biolab-lanca-marca-biolab-co-para-consolidar-ecossistema-e-acelerar-expansao-global\/","title":{"rendered":"Biolab lanza la marca Biolab &amp; Co. para consolidar su ecosistema y acelerar su expansi\u00f3n mundial"},"content":{"rendered":"<p><em>Com faturamento de R$ 3,2 bilh\u00f5es em 2025, grupo adota modelo &#8220;house of brands&#8221; e unifica unidades de neg\u00f3cios sob nova identidade visual<\/em><\/p>\n\n\n\n<p>A Biolab Farmac\u00eautica anunciou o lan\u00e7amento da Biolab &amp; Co., nova marca institucional que passa a abrigar todo o ecossistema do grupo. Sob o modelo de house of brands, a iniciativa visa unificar a arquitetura corporativa e fortalecer a comunica\u00e7\u00e3o com seus diversos p\u00fablicos \u2014 desde a classe m\u00e9dica e pacientes at\u00e9 o setor veterin\u00e1rio e parceiros internacionais.<\/p>\n\n\n\n<p>Atualmente, a Biolab &amp; Co. integra seis unidades de neg\u00f3cios estrat\u00e9gicas: Biolab Farmac\u00eautica (l\u00edder em cardiologia), Biolab Gen\u00e9ricos, Avert Biolab Sa\u00fade Animal, Avert Sa\u00fade Humana, Pet Nutrition e a canadense Exzell Pharma.<\/p>\n\n\n\n<p><strong>Nova Identidade: Confian\u00e7a e Humaniza\u00e7\u00e3o<\/strong><\/p>\n\n\n\n<p>A transi\u00e7\u00e3o para a Biolab &amp; Co. traz uma nova identidade visual desenvolvida pela ag\u00eancia AR Propaganda. O projeto adota o azul marinho como cor mestre, simbolizando a solidez necess\u00e1ria para o mercado B2B e a confian\u00e7a para o consumidor final. A comunica\u00e7\u00e3o tamb\u00e9m assume um tom mais humano e &#8220;multiesp\u00e9cie&#8221;, estampando pessoas reais e pets para refletir a diversidade do portf\u00f3lio.<\/p>\n\n\n\n<p>\u201cA marca traduz a maturidade do nosso grupo. No Brasil, refor\u00e7amos nossa competitividade, enquanto no cen\u00e1rio internacional, uma identidade \u00fanica facilita a entrada em novos pa\u00edses e acelera parcerias estrat\u00e9gicas\u201d, afirma Fabio Amorosino, CEO da Biolab &amp; Co.<\/p>\n\n\n\n<p><strong>Estrutura Robusta e Expans\u00e3o Fabril<\/strong><\/p>\n\n\n\n<p>El grupo termin\u00f3 2025 con resultados significativos y una infraestructura preparada para el crecimiento previsto para 2026:<\/p>\n\n\n\n<p>Faturamento: R$ 3,2 bilh\u00f5es em 2025.<\/p>\n\n\n\n<p>For\u00e7a de Vendas: 1.800 profissionais realizando 320 mil visitas m\u00e9dicas mensais.<\/p>\n\n\n\n<p>Capacidade Produtiva: Al\u00e9m das tr\u00eas f\u00e1bricas em S\u00e3o Paulo, o grupo expande opera\u00e7\u00f5es com o novo complexo de Pouso Alegre (MG), com 100 mil m\u00b2 e capacidade para 400 milh\u00f5es de unidades de medicamentos por ano.<\/p>\n\n\n\n<p>Inova\u00e7\u00e3o: Dois centros de PD&amp;I no Brasil e um centro pr\u00f3prio no Canad\u00e1, sendo a \u00fanica farmac\u00eautica brasileira com centro de pesquisa fora do pa\u00eds.<\/p>\n\n\n\n<p><strong>Governan\u00e7a e Estrat\u00e9gia Global<\/strong><\/p>\n\n\n\n<p>A Biolab &amp; Co. mant\u00e9m a tagline \u201cViva a Evolu\u00e7\u00e3o!\u201d, refor\u00e7ando o DNA cient\u00edfico da empresa fundada pelos irm\u00e3os Cleiton e Paulo de Castro Marques com Dante Alario J\u00fanior. O fortalecimento da marca tamb\u00e9m acompanha o aprimoramento da governan\u00e7a corporativa.<\/p>\n\n\n\n<p>O conselho consultivo do grupo conta com nomes de peso do mercado, como C\u00e1ssio Casseb (ex-BB), Jo\u00e3o Bezerra Leite (ex-Ita\u00fa), Paulo Gandolfi (CEO da 3M Brasil) e, mais recentemente, Adriano Treve (ex-Roche), que assume como conselheiro internacional para apoiar a entrada em novos mercados na Am\u00e9rica Central, Ar\u00e1bia Saudita e outros territ\u00f3rios estrat\u00e9gicos.<\/p>\n\n\n\n<p>Para Tati Marques, \u00e0 frente da comunica\u00e7\u00e3o do grupo, o momento \u00e9 de integra\u00e7\u00e3o. &#8220;A Biolab &amp; Co. une a tradi\u00e7\u00e3o constru\u00edda pelos fundadores \u00e0 moderniza\u00e7\u00e3o necess\u00e1ria para uma empresa global que entrega confian\u00e7a e inova\u00e7\u00e3o em todas as suas frentes&#8221;, conclui.<\/p>\n\n\n\n<p>Confira a mat\u00e9ria tamb\u00e9m no site: <a href=\"https:\/\/adnews.com.br\/post\/biolab-lanca-marca-biolab-and-co-para-consolidar-ecossistema-e-acelerar-expansao-global\">Biolab lanza la marca Biolab &amp; Co. para consolidar su ecosistema y acelerar su expansi\u00f3n mundial<\/a><\/p>","protected":false},"featured_media":16407,"template":"","categories":[1577],"acf":[],"yoast_head":"<!-- This site is optimized with the Yoast SEO Premium plugin v24.4 (Yoast SEO v24.4) - https:\/\/yoast.com\/wordpress\/plugins\/seo\/ -->\n<title>Biolab lan\u00e7a marca Biolab &amp; Co. para consolidar ecossistema e acelerar expans\u00e3o global - Biolab &amp; Co<\/title>\n<meta name=\"description\" content=\"A Biolab Farmac\u00eautica anunciou o lan\u00e7amento da Biolab &amp; Co., nova marca institucional que passa a abrigar todo o ecossistema do grupo.\" \/>\n<meta name=\"robots\" content=\"index, follow, max-snippet:-1, max-image-preview:large, max-video-preview:-1\" \/>\n<link rel=\"canonical\" href=\"https:\/\/www.biolabeco.com.br\/es\/prensa\/biolab-lanza-la-marca-biolab-co-para-consolidar-su-ecosistema-y-acelerar-su-expansion-mundial\/\" \/>\n<meta property=\"og:locale\" content=\"es_ES\" \/>\n<meta property=\"og:type\" content=\"article\" \/>\n<meta property=\"og:title\" content=\"Biolab lan\u00e7a marca Biolab &amp; Co. para consolidar ecossistema e acelerar expans\u00e3o global\" \/>\n<meta property=\"og:description\" content=\"A Biolab Farmac\u00eautica anunciou o lan\u00e7amento da Biolab &amp; Co., nova marca institucional que passa a abrigar todo o ecossistema do grupo.\" \/>\n<meta property=\"og:url\" content=\"https:\/\/www.biolabeco.com.br\/es\/prensa\/biolab-lanza-la-marca-biolab-co-para-consolidar-su-ecosistema-y-acelerar-su-expansion-mundial\/\" \/>\n<meta property=\"og:site_name\" content=\"Biolab &amp; Co\" \/>\n<meta property=\"article:modified_time\" content=\"2026-04-27T15:25:08+00:00\" \/>\n<meta property=\"og:image\" content=\"https:\/\/www.biolabeco.com.br\/wp-content\/uploads\/2026\/03\/Home_Portugues-scaled.jpg\" \/>\n\t<meta property=\"og:image:width\" content=\"2560\" \/>\n\t<meta property=\"og:image:height\" content=\"1440\" \/>\n\t<meta property=\"og:image:type\" content=\"image\/jpeg\" \/>\n<meta name=\"twitter:card\" content=\"summary_large_image\" \/>\n<meta name=\"twitter:label1\" content=\"Est. reading time\" \/>\n\t<meta name=\"twitter:data1\" content=\"3 minutes\" \/>\n<script type=\"application\/ld+json\" class=\"yoast-schema-graph\">{\"@context\":\"https:\/\/schema.org\",\"@graph\":[{\"@type\":\"WebPage\",\"@id\":\"https:\/\/www.biolabeco.com.br\/imprensa\/biolab-lanca-marca-biolab-co-para-consolidar-ecossistema-e-acelerar-expansao-global\/\",\"url\":\"https:\/\/www.biolabeco.com.br\/imprensa\/biolab-lanca-marca-biolab-co-para-consolidar-ecossistema-e-acelerar-expansao-global\/\",\"name\":\"Biolab lan\u00e7a marca Biolab &amp; Co. para consolidar ecossistema e acelerar expans\u00e3o global - Biolab &amp; Co\",\"isPartOf\":{\"@id\":\"https:\/\/www.biolabeco.com.br\/#website\"},\"primaryImageOfPage\":{\"@id\":\"https:\/\/www.biolabeco.com.br\/imprensa\/biolab-lanca-marca-biolab-co-para-consolidar-ecossistema-e-acelerar-expansao-global\/#primaryimage\"},\"image\":{\"@id\":\"https:\/\/www.biolabeco.com.br\/imprensa\/biolab-lanca-marca-biolab-co-para-consolidar-ecossistema-e-acelerar-expansao-global\/#primaryimage\"},\"thumbnailUrl\":\"https:\/\/www.biolabeco.com.br\/wp-content\/uploads\/2026\/03\/Home_Portugues-scaled.jpg\",\"datePublished\":\"2026-04-22T15:24:12+00:00\",\"dateModified\":\"2026-04-27T15:25:08+00:00\",\"description\":\"A Biolab Farmac\u00eautica anunciou o lan\u00e7amento da Biolab & Co., nova marca institucional que passa a abrigar todo o ecossistema do grupo.\",\"breadcrumb\":{\"@id\":\"https:\/\/www.biolabeco.com.br\/imprensa\/biolab-lanca-marca-biolab-co-para-consolidar-ecossistema-e-acelerar-expansao-global\/#breadcrumb\"},\"inLanguage\":\"es-ES\",\"potentialAction\":[{\"@type\":\"ReadAction\",\"target\":[\"https:\/\/www.biolabeco.com.br\/imprensa\/biolab-lanca-marca-biolab-co-para-consolidar-ecossistema-e-acelerar-expansao-global\/\"]}]},{\"@type\":\"ImageObject\",\"inLanguage\":\"es-ES\",\"@id\":\"https:\/\/www.biolabeco.com.br\/imprensa\/biolab-lanca-marca-biolab-co-para-consolidar-ecossistema-e-acelerar-expansao-global\/#primaryimage\",\"url\":\"https:\/\/www.biolabeco.com.br\/wp-content\/uploads\/2026\/03\/Home_Portugues-scaled.jpg\",\"contentUrl\":\"https:\/\/www.biolabeco.com.br\/wp-content\/uploads\/2026\/03\/Home_Portugues-scaled.jpg\",\"width\":2560,\"height\":1440},{\"@type\":\"BreadcrumbList\",\"@id\":\"https:\/\/www.biolabeco.com.br\/imprensa\/biolab-lanca-marca-biolab-co-para-consolidar-ecossistema-e-acelerar-expansao-global\/#breadcrumb\",\"itemListElement\":[{\"@type\":\"ListItem\",\"position\":1,\"name\":\"Home\",\"item\":\"https:\/\/www.biolabeco.com.br\/\"},{\"@type\":\"ListItem\",\"position\":2,\"name\":\"Biolab lan\u00e7a marca Biolab &amp; Co. para consolidar ecossistema e acelerar expans\u00e3o global\"}]},{\"@type\":\"WebSite\",\"@id\":\"https:\/\/www.biolabeco.com.br\/#website\",\"url\":\"https:\/\/www.biolabeco.com.br\/\",\"name\":\"Biolab\",\"description\":\"Na Biolab &amp; Co, ci\u00eancia e cuidado caminham juntos. Saiba como promovemos sa\u00fade com responsabilidade socioambiental e tecnologia.\",\"potentialAction\":[{\"@type\":\"SearchAction\",\"target\":{\"@type\":\"EntryPoint\",\"urlTemplate\":\"https:\/\/www.biolabeco.com.br\/?s={search_term_string}\"},\"query-input\":{\"@type\":\"PropertyValueSpecification\",\"valueRequired\":true,\"valueName\":\"search_term_string\"}}],\"inLanguage\":\"es-ES\"}]}<\/script>\n<!-- \/ Yoast SEO Premium plugin. -->","yoast_head_json":{"title":"Biolab lanza la marca Biolab &amp; Co. para consolidar su ecosistema y acelerar su expansi\u00f3n global - Biolab &amp; Co","description":"Biolab Farmac\u00eautica ha anunciado el lanzamiento de Biolab &amp; Co, una nueva marca institucional que englobar\u00e1 todo el ecosistema del grupo.","robots":{"index":"index","follow":"follow","max-snippet":"max-snippet:-1","max-image-preview":"max-image-preview:large","max-video-preview":"max-video-preview:-1"},"canonical":"https:\/\/www.biolabeco.com.br\/es\/prensa\/biolab-lanza-la-marca-biolab-co-para-consolidar-su-ecosistema-y-acelerar-su-expansion-mundial\/","og_locale":"es_ES","og_type":"article","og_title":"Biolab lan\u00e7a marca Biolab &amp; Co. para consolidar ecossistema e acelerar expans\u00e3o global","og_description":"A Biolab Farmac\u00eautica anunciou o lan\u00e7amento da Biolab & Co., nova marca institucional que passa a abrigar todo o ecossistema do grupo.","og_url":"https:\/\/www.biolabeco.com.br\/es\/prensa\/biolab-lanza-la-marca-biolab-co-para-consolidar-su-ecosistema-y-acelerar-su-expansion-mundial\/","og_site_name":"Biolab &amp; Co","article_modified_time":"2026-04-27T15:25:08+00:00","og_image":[{"width":2560,"height":1440,"url":"https:\/\/www.biolabeco.com.br\/wp-content\/uploads\/2026\/03\/Home_Portugues-scaled.jpg","type":"image\/jpeg"}],"twitter_card":"summary_large_image","twitter_misc":{"Est. reading time":"3 minutes"},"schema":{"@context":"https:\/\/schema.org","@graph":[{"@type":"WebPage","@id":"https:\/\/www.biolabeco.com.br\/imprensa\/biolab-lanca-marca-biolab-co-para-consolidar-ecossistema-e-acelerar-expansao-global\/","url":"https:\/\/www.biolabeco.com.br\/imprensa\/biolab-lanca-marca-biolab-co-para-consolidar-ecossistema-e-acelerar-expansao-global\/","name":"Biolab lanza la marca Biolab &amp; Co. para consolidar su ecosistema y acelerar su expansi\u00f3n global - Biolab &amp; Co","isPartOf":{"@id":"https:\/\/www.biolabeco.com.br\/#website"},"primaryImageOfPage":{"@id":"https:\/\/www.biolabeco.com.br\/imprensa\/biolab-lanca-marca-biolab-co-para-consolidar-ecossistema-e-acelerar-expansao-global\/#primaryimage"},"image":{"@id":"https:\/\/www.biolabeco.com.br\/imprensa\/biolab-lanca-marca-biolab-co-para-consolidar-ecossistema-e-acelerar-expansao-global\/#primaryimage"},"thumbnailUrl":"https:\/\/www.biolabeco.com.br\/wp-content\/uploads\/2026\/03\/Home_Portugues-scaled.jpg","datePublished":"2026-04-22T15:24:12+00:00","dateModified":"2026-04-27T15:25:08+00:00","description":"Biolab Farmac\u00eautica ha anunciado el lanzamiento de Biolab &amp; Co, una nueva marca institucional que englobar\u00e1 todo el ecosistema del grupo.","breadcrumb":{"@id":"https:\/\/www.biolabeco.com.br\/imprensa\/biolab-lanca-marca-biolab-co-para-consolidar-ecossistema-e-acelerar-expansao-global\/#breadcrumb"},"inLanguage":"es-ES","potentialAction":[{"@type":"ReadAction","target":["https:\/\/www.biolabeco.com.br\/imprensa\/biolab-lanca-marca-biolab-co-para-consolidar-ecossistema-e-acelerar-expansao-global\/"]}]},{"@type":"ImageObject","inLanguage":"es-ES","@id":"https:\/\/www.biolabeco.com.br\/imprensa\/biolab-lanca-marca-biolab-co-para-consolidar-ecossistema-e-acelerar-expansao-global\/#primaryimage","url":"https:\/\/www.biolabeco.com.br\/wp-content\/uploads\/2026\/03\/Home_Portugues-scaled.jpg","contentUrl":"https:\/\/www.biolabeco.com.br\/wp-content\/uploads\/2026\/03\/Home_Portugues-scaled.jpg","width":2560,"height":1440},{"@type":"BreadcrumbList","@id":"https:\/\/www.biolabeco.com.br\/imprensa\/biolab-lanca-marca-biolab-co-para-consolidar-ecossistema-e-acelerar-expansao-global\/#breadcrumb","itemListElement":[{"@type":"ListItem","position":1,"name":"Home","item":"https:\/\/www.biolabeco.com.br\/"},{"@type":"ListItem","position":2,"name":"Biolab lan\u00e7a marca Biolab &amp; Co. para consolidar ecossistema e acelerar expans\u00e3o global"}]},{"@type":"WebSite","@id":"https:\/\/www.biolabeco.com.br\/#website","url":"https:\/\/www.biolabeco.com.br\/","name":"biolaboratorio","description":"En Biolab &amp; Co, la ciencia y el cuidado van de la mano. Descubra c\u00f3mo promovemos la salud con responsabilidad socioambiental y tecnolog\u00eda.","potentialAction":[{"@type":"SearchAction","target":{"@type":"EntryPoint","urlTemplate":"https:\/\/www.biolabeco.com.br\/?s={search_term_string}"},"query-input":{"@type":"PropertyValueSpecification","valueRequired":true,"valueName":"search_term_string"}}],"inLanguage":"es-ES"}]}},"_links":{"self":[{"href":"https:\/\/www.biolabeco.com.br\/es\/wp-json\/wp\/v2\/imprensa\/16838"}],"collection":[{"href":"https:\/\/www.biolabeco.com.br\/es\/wp-json\/wp\/v2\/imprensa"}],"about":[{"href":"https:\/\/www.biolabeco.com.br\/es\/wp-json\/wp\/v2\/types\/imprensa"}],"version-history":[{"count":1,"href":"https:\/\/www.biolabeco.com.br\/es\/wp-json\/wp\/v2\/imprensa\/16838\/revisions"}],"predecessor-version":[{"id":16839,"href":"https:\/\/www.biolabeco.com.br\/es\/wp-json\/wp\/v2\/imprensa\/16838\/revisions\/16839"}],"wp:featuredmedia":[{"embeddable":true,"href":"https:\/\/www.biolabeco.com.br\/es\/wp-json\/wp\/v2\/media\/16407"}],"wp:attachment":[{"href":"https:\/\/www.biolabeco.com.br\/es\/wp-json\/wp\/v2\/media?parent=16838"}],"wp:term":[{"taxonomy":"category","embeddable":true,"href":"https:\/\/www.biolabeco.com.br\/es\/wp-json\/wp\/v2\/categories?post=16838"}],"curies":[{"name":"wp","href":"https:\/\/api.w.org\/{rel}","templated":true}]}}