{"id":14918,"date":"2025-01-05T16:25:29","date_gmt":"2025-01-05T18:25:29","guid":{"rendered":"https:\/\/www.biolabemcasa.com.br\/?p=511"},"modified":"2025-12-09T14:44:03","modified_gmt":"2025-12-09T17:44:03","slug":"como-esta-tu-nivel-de-vitamina-d","status":"publish","type":"post","link":"https:\/\/www.biolabeco.com.br\/es\/blog\/prevencao-e-imunidade\/como-esta-o-seu-nivel-de-vitamina-d\/","title":{"rendered":"\u00bfCu\u00e1l es su nivel de vitamina D?"},"content":{"rendered":"<p>Los estilos de vida modernos hacen m\u00e1s dif\u00edcil mantener unos niveles adecuados de vitamina D. Esto se debe, entre otras razones, a que el ajetreo de la vida cotidiana dificulta una exposici\u00f3n solar suficiente.<\/p>\n<p>Pero, \u00bfsabe cu\u00e1l es la relaci\u00f3n entre el sol y la vitamina D? Aunque se la suele llamar vitamina D, en realidad es una hormona, el colecalciferol, que produce el organismo. Puede obtenerse a trav\u00e9s de los alimentos, pero alrededor del 90% de la vitamina D se obtiene a trav\u00e9s de la s\u00edntesis cut\u00e1nea. Aqu\u00ed es donde entra en juego el papel del sol: cuando nos exponemos a los rayos solares (UVB), en contacto con la piel, son los responsables de activar la producci\u00f3n de la hormona en nuestro organismo.<\/p>\n<p>Seg\u00fan un estudio publicado en el American Journal of Clinical Nutrition, se calcula que alrededor de 1.000 millones de personas en todo el mundo presentan una deficiencia o insuficiencia de vitamina D en su organismo. Se trata de un problema grave porque su insuficiencia repercute directamente en los sistemas muscular, \u00f3seo e inmunitario. Esta vitamina facilita la absorci\u00f3n del calcio, contribuyendo a la formaci\u00f3n y mantenimiento de huesos y dientes. Su acci\u00f3n se extiende tambi\u00e9n al sistema muscular y a la respuesta inmunitaria.<\/p>\n<p>Aunque la carencia de vitamina D es un problema general, hay grupos m\u00e1s vulnerables, como las personas con una exposici\u00f3n solar limitada, los ancianos de m\u00e1s de 60 a\u00f1os, las personas obesas o que sufren s\u00edndromes de mala absorci\u00f3n en el tubo digestivo, los enfermos de osteoporosis, las mujeres embarazadas, los diab\u00e9ticos, los enfermos de c\u00e1ncer, las enfermedades autoinmunes, las enfermedades renales cr\u00f3nicas y los enfermos de insuficiencia hep\u00e1tica.<\/p>\n<p>La carencia de esta vitamina puede provocar diversos problemas, como dolor muscular, debilidad y dolor \u00f3seo, adem\u00e1s de desencadenar depresi\u00f3n. Pero la mayor\u00eda de la gente no muestra ning\u00fan s\u00edntoma, sobre todo al principio. Por eso es esencial vigilar los niveles de vitamina D del organismo yendo al m\u00e9dico con regularidad y haci\u00e9ndose an\u00e1lisis rutinarios.<\/p>\n<p>He aqu\u00ed algunos consejos que le ayudar\u00e1n a mantener unos buenos niveles de esta importante hormona:<\/p>\n<p>. De cinco a diez minutos de exposici\u00f3n solar al d\u00eda, fuera de las horas de exposici\u00f3n solar intensa, como las piernas, la espalda, el vientre o incluso las palmas de las manos y las plantas de los pies.<\/p>\n<p>. Incluye en tu men\u00fa alimentos que aporten este nutriente, como pescados de agua salada como las sardinas y el salm\u00f3n, carnes rojas, leche, huevos, frutos secos y nueces, alubias, col rizada, espinacas y champi\u00f1ones.<\/p>\n<p>Un estilo de vida m\u00e1s sano, especialmente si se combina con <a href=\"https:\/\/www.biolabemcasa.com.br\/produtos\/doss-zinco-2000ui-com-30-capsulas\" target=\"_blank\" rel=\"noopener\">la suplementaci\u00f3n puede garantizar unos buenos niveles de vitamina D<\/a> en el organismo, evitando los efectos negativos debidos a su carencia. La introducci\u00f3n de cualquier suplemento en la dieta debe ser supervisada por un profesional de la salud.<\/p>\n<p>Aproveche la \u00e9poca m\u00e1s soleada del a\u00f1o para exponerse al sol de forma responsable. La Sociedad Brasile\u00f1a de Dermatolog\u00eda recomienda actitudes que minimicen la intensidad de la exposici\u00f3n al sol, como evitar la exposici\u00f3n en las horas en que la radiaci\u00f3n solar es m\u00e1s intensa (de 10 a 15 horas), usar ropas y sombreros que protejan de la irradiaci\u00f3n directa del sol y, en las zonas descubiertas de la piel, utilizar protector solar.<\/p>\n<p>Habla con un m\u00e9dico de confianza e incluye nuevos h\u00e1bitos en tu rutina.<\/p>\n<p><em><span style=\"font-size: 14px;\">Fuentes:<\/span><\/em><\/p>\n<h6>https:\/\/agencia.fiocruz.br\/estudo-revela-que-brasileiros-tem-deficiencia-de-vitamina-d-mesmo-no-verao<\/h6>\n<h6>https:\/\/ajcn.nutrition.org\/article\/S0002-9165(23)05057-8\/fulltext<\/h6>\n<h6>https:\/\/www.gov.br\/saude\/pt-br\/assuntos\/noticias\/2022\/agosto\/essencial-para-o-corpo-vitamina-d-tem-como-principal-forma-de-absorcao-a-exposicao-correta-ao-sol<\/h6>\n<h6>Comunicado de prensa oficial del SBD sobre el c\u00e1ncer de piel, la protecci\u00f3n solar y la vitamina D. Disponible en: https:\/\/www.sbd.org.br\/comunicado-oficial-da-sbd-sobre-cancer-da-pele-protecao-solar-e-vitamina-d\/. Consultado el: 09 enero 2024.<\/h6>\n<h6>CIENT\u00cdFICO, Conselho; DE PAULA, Leila Cristina Pedroso. Hipovitaminosis D en pediatr\u00eda: recomendaciones para diagn\u00f3stico, tratamiento y prevenci\u00f3n. Disponible en: https:\/\/www.sbp.com.br\/fileadmin\/user_upload\/2016\/12\/Endcrino-Hipovitaminose-D.pdf. Consultado el: 09 enero 2024.<\/h6>","protected":false},"excerpt":{"rendered":"<p>O estilo de vida moderno torna mais dif\u00edcil manter os n\u00edveis adequados de vitamina D. Isso porque, entre outros motivos, a correria do dia a dia dificulta a exposi\u00e7\u00e3o ao sol. Mas voc\u00ea sabe qual a rela\u00e7\u00e3o entre o sol e a vitamina D? Apesar de usualmente ser chamada de\u00a0 vitamina D, na verdade\u00a0 se [&hellip;]<\/p>\n","protected":false},"author":7,"featured_media":14963,"comment_status":"closed","ping_status":"closed","sticky":false,"template":"","format":"standard","meta":{"_acf_changed":false,"footnotes":""},"categories":[1618,1616],"tags":[],"acf":[],"yoast_head":"<!-- This site is optimized with the Yoast SEO Premium plugin v24.4 (Yoast SEO v24.4) - https:\/\/yoast.com\/wordpress\/plugins\/seo\/ -->\n<title>Como est\u00e1 o seu n\u00edvel de vitamina D? - Biolab &amp; Co<\/title>\n<meta name=\"robots\" content=\"index, follow, max-snippet:-1, max-image-preview:large, max-video-preview:-1\" \/>\n<link rel=\"canonical\" href=\"https:\/\/www.biolabeco.com.br\/es\/blog\/prevencion-e-inmunidad\/como-esta-tu-nivel-de-vitamina-d\/\" \/>\n<meta property=\"og:locale\" content=\"es_ES\" \/>\n<meta property=\"og:type\" content=\"article\" \/>\n<meta property=\"og:title\" content=\"Como est\u00e1 o seu n\u00edvel de vitamina D?\" \/>\n<meta property=\"og:description\" content=\"O estilo de vida moderno torna mais dif\u00edcil manter os n\u00edveis adequados de vitamina D. Isso porque, entre outros motivos, a correria do dia a dia dificulta a exposi\u00e7\u00e3o ao sol. Mas voc\u00ea sabe qual a rela\u00e7\u00e3o entre o sol e a vitamina D? Apesar de usualmente ser chamada de\u00a0 vitamina D, na verdade\u00a0 se [&hellip;]\" \/>\n<meta property=\"og:url\" content=\"https:\/\/www.biolabeco.com.br\/es\/blog\/prevencion-e-inmunidad\/como-esta-tu-nivel-de-vitamina-d\/\" \/>\n<meta property=\"og:site_name\" content=\"Biolab &amp; Co\" \/>\n<meta property=\"article:published_time\" content=\"2025-01-05T18:25:29+00:00\" \/>\n<meta property=\"article:modified_time\" content=\"2025-12-09T17:44:03+00:00\" \/>\n<meta property=\"og:image\" content=\"https:\/\/www.biolabeco.com.br\/wp-content\/uploads\/2025\/01\/Banner-Blog-Viver-Bem-Como-esta-o-seu-nivel-de-vitamina-D.png.webp\" \/>\n\t<meta property=\"og:image:width\" content=\"1200\" \/>\n\t<meta property=\"og:image:height\" content=\"436\" \/>\n\t<meta property=\"og:image:type\" content=\"image\/webp\" \/>\n<meta name=\"author\" content=\"Yasmim Botelho\" \/>\n<meta name=\"twitter:card\" content=\"summary_large_image\" \/>\n<meta name=\"twitter:label1\" content=\"Written by\" \/>\n\t<meta name=\"twitter:data1\" content=\"Yasmim Botelho\" \/>\n\t<meta name=\"twitter:label2\" content=\"Est. reading time\" \/>\n\t<meta name=\"twitter:data2\" content=\"4 minutes\" \/>\n<script type=\"application\/ld+json\" class=\"yoast-schema-graph\">{\"@context\":\"https:\/\/schema.org\",\"@graph\":[{\"@type\":\"WebPage\",\"@id\":\"https:\/\/www.biolabeco.com.br\/en\/blog\/prevention-and-immunity\/how-is-your-vitamin-d-level\/\",\"url\":\"https:\/\/www.biolabeco.com.br\/en\/blog\/prevention-and-immunity\/how-is-your-vitamin-d-level\/\",\"name\":\"Como est\u00e1 o seu n\u00edvel de vitamina D? - Biolab &amp; Co\",\"isPartOf\":{\"@id\":\"https:\/\/www.biolabeco.com.br\/#website\"},\"primaryImageOfPage\":{\"@id\":\"https:\/\/www.biolabeco.com.br\/en\/blog\/prevention-and-immunity\/how-is-your-vitamin-d-level\/#primaryimage\"},\"image\":{\"@id\":\"https:\/\/www.biolabeco.com.br\/en\/blog\/prevention-and-immunity\/how-is-your-vitamin-d-level\/#primaryimage\"},\"thumbnailUrl\":\"https:\/\/www.biolabeco.com.br\/wp-content\/uploads\/2025\/01\/Banner-Blog-Viver-Bem-Como-esta-o-seu-nivel-de-vitamina-D.png.webp\",\"datePublished\":\"2025-01-05T18:25:29+00:00\",\"dateModified\":\"2025-12-09T17:44:03+00:00\",\"author\":{\"@id\":\"https:\/\/www.biolabeco.com.br\/#\/schema\/person\/bb07d50e32d20028751837031a066fac\"},\"breadcrumb\":{\"@id\":\"https:\/\/www.biolabeco.com.br\/en\/blog\/prevention-and-immunity\/how-is-your-vitamin-d-level\/#breadcrumb\"},\"inLanguage\":\"es-ES\",\"potentialAction\":[{\"@type\":\"ReadAction\",\"target\":[\"https:\/\/www.biolabeco.com.br\/en\/blog\/prevention-and-immunity\/how-is-your-vitamin-d-level\/\"]}]},{\"@type\":\"ImageObject\",\"inLanguage\":\"es-ES\",\"@id\":\"https:\/\/www.biolabeco.com.br\/en\/blog\/prevention-and-immunity\/how-is-your-vitamin-d-level\/#primaryimage\",\"url\":\"https:\/\/www.biolabeco.com.br\/wp-content\/uploads\/2025\/01\/Banner-Blog-Viver-Bem-Como-esta-o-seu-nivel-de-vitamina-D.png.webp\",\"contentUrl\":\"https:\/\/www.biolabeco.com.br\/wp-content\/uploads\/2025\/01\/Banner-Blog-Viver-Bem-Como-esta-o-seu-nivel-de-vitamina-D.png.webp\",\"width\":1200,\"height\":436},{\"@type\":\"BreadcrumbList\",\"@id\":\"https:\/\/www.biolabeco.com.br\/en\/blog\/prevention-and-immunity\/how-is-your-vitamin-d-level\/#breadcrumb\",\"itemListElement\":[{\"@type\":\"ListItem\",\"position\":1,\"name\":\"Home\",\"item\":\"https:\/\/www.biolabeco.com.br\/\"},{\"@type\":\"ListItem\",\"position\":2,\"name\":\"Como est\u00e1 o seu n\u00edvel de vitamina D?\"}]},{\"@type\":\"WebSite\",\"@id\":\"https:\/\/www.biolabeco.com.br\/#website\",\"url\":\"https:\/\/www.biolabeco.com.br\/\",\"name\":\"Biolab\",\"description\":\"Na Biolab &amp; Co, ci\u00eancia e cuidado caminham juntos. Saiba como promovemos sa\u00fade com responsabilidade socioambiental e tecnologia.\",\"potentialAction\":[{\"@type\":\"SearchAction\",\"target\":{\"@type\":\"EntryPoint\",\"urlTemplate\":\"https:\/\/www.biolabeco.com.br\/?s={search_term_string}\"},\"query-input\":{\"@type\":\"PropertyValueSpecification\",\"valueRequired\":true,\"valueName\":\"search_term_string\"}}],\"inLanguage\":\"es-ES\"},{\"@type\":\"Person\",\"@id\":\"https:\/\/www.biolabeco.com.br\/#\/schema\/person\/bb07d50e32d20028751837031a066fac\",\"name\":\"Yasmim Botelho\",\"image\":{\"@type\":\"ImageObject\",\"inLanguage\":\"es-ES\",\"@id\":\"https:\/\/www.biolabeco.com.br\/#\/schema\/person\/image\/\",\"url\":\"https:\/\/secure.gravatar.com\/avatar\/9d0fea0daa82eb99e89f9f8c0e5ab7f7?s=96&d=mm&r=g\",\"contentUrl\":\"https:\/\/secure.gravatar.com\/avatar\/9d0fea0daa82eb99e89f9f8c0e5ab7f7?s=96&d=mm&r=g\",\"caption\":\"Yasmim Botelho\"},\"url\":\"https:\/\/www.biolabeco.com.br\/es\/author\/yalves\/\"}]}<\/script>\n<!-- \/ Yoast SEO Premium plugin. -->","yoast_head_json":{"title":"\u00bfCu\u00e1l es su nivel de vitamina D? - Biolab &amp; Co","robots":{"index":"index","follow":"follow","max-snippet":"max-snippet:-1","max-image-preview":"max-image-preview:large","max-video-preview":"max-video-preview:-1"},"canonical":"https:\/\/www.biolabeco.com.br\/es\/blog\/prevencion-e-inmunidad\/como-esta-tu-nivel-de-vitamina-d\/","og_locale":"es_ES","og_type":"article","og_title":"Como est\u00e1 o seu n\u00edvel de vitamina D?","og_description":"O estilo de vida moderno torna mais dif\u00edcil manter os n\u00edveis adequados de vitamina D. Isso porque, entre outros motivos, a correria do dia a dia dificulta a exposi\u00e7\u00e3o ao sol. Mas voc\u00ea sabe qual a rela\u00e7\u00e3o entre o sol e a vitamina D? Apesar de usualmente ser chamada de\u00a0 vitamina D, na verdade\u00a0 se [&hellip;]","og_url":"https:\/\/www.biolabeco.com.br\/es\/blog\/prevencion-e-inmunidad\/como-esta-tu-nivel-de-vitamina-d\/","og_site_name":"Biolab &amp; Co","article_published_time":"2025-01-05T18:25:29+00:00","article_modified_time":"2025-12-09T17:44:03+00:00","og_image":[{"width":1200,"height":436,"url":"https:\/\/www.biolabeco.com.br\/wp-content\/uploads\/2025\/01\/Banner-Blog-Viver-Bem-Como-esta-o-seu-nivel-de-vitamina-D.png.webp","type":"image\/webp"}],"author":"Yasmim Botelho","twitter_card":"summary_large_image","twitter_misc":{"Written by":"Yasmim Botelho","Est. reading time":"4 minutes"},"schema":{"@context":"https:\/\/schema.org","@graph":[{"@type":"WebPage","@id":"https:\/\/www.biolabeco.com.br\/en\/blog\/prevention-and-immunity\/how-is-your-vitamin-d-level\/","url":"https:\/\/www.biolabeco.com.br\/en\/blog\/prevention-and-immunity\/how-is-your-vitamin-d-level\/","name":"\u00bfCu\u00e1l es su nivel de vitamina D? - Biolab &amp; Co","isPartOf":{"@id":"https:\/\/www.biolabeco.com.br\/#website"},"primaryImageOfPage":{"@id":"https:\/\/www.biolabeco.com.br\/en\/blog\/prevention-and-immunity\/how-is-your-vitamin-d-level\/#primaryimage"},"image":{"@id":"https:\/\/www.biolabeco.com.br\/en\/blog\/prevention-and-immunity\/how-is-your-vitamin-d-level\/#primaryimage"},"thumbnailUrl":"https:\/\/www.biolabeco.com.br\/wp-content\/uploads\/2025\/01\/Banner-Blog-Viver-Bem-Como-esta-o-seu-nivel-de-vitamina-D.png.webp","datePublished":"2025-01-05T18:25:29+00:00","dateModified":"2025-12-09T17:44:03+00:00","author":{"@id":"https:\/\/www.biolabeco.com.br\/#\/schema\/person\/bb07d50e32d20028751837031a066fac"},"breadcrumb":{"@id":"https:\/\/www.biolabeco.com.br\/en\/blog\/prevention-and-immunity\/how-is-your-vitamin-d-level\/#breadcrumb"},"inLanguage":"es-ES","potentialAction":[{"@type":"ReadAction","target":["https:\/\/www.biolabeco.com.br\/en\/blog\/prevention-and-immunity\/how-is-your-vitamin-d-level\/"]}]},{"@type":"ImageObject","inLanguage":"es-ES","@id":"https:\/\/www.biolabeco.com.br\/en\/blog\/prevention-and-immunity\/how-is-your-vitamin-d-level\/#primaryimage","url":"https:\/\/www.biolabeco.com.br\/wp-content\/uploads\/2025\/01\/Banner-Blog-Viver-Bem-Como-esta-o-seu-nivel-de-vitamina-D.png.webp","contentUrl":"https:\/\/www.biolabeco.com.br\/wp-content\/uploads\/2025\/01\/Banner-Blog-Viver-Bem-Como-esta-o-seu-nivel-de-vitamina-D.png.webp","width":1200,"height":436},{"@type":"BreadcrumbList","@id":"https:\/\/www.biolabeco.com.br\/en\/blog\/prevention-and-immunity\/how-is-your-vitamin-d-level\/#breadcrumb","itemListElement":[{"@type":"ListItem","position":1,"name":"Home","item":"https:\/\/www.biolabeco.com.br\/"},{"@type":"ListItem","position":2,"name":"Como est\u00e1 o seu n\u00edvel de vitamina D?"}]},{"@type":"WebSite","@id":"https:\/\/www.biolabeco.com.br\/#website","url":"https:\/\/www.biolabeco.com.br\/","name":"biolaboratorio","description":"En Biolab &amp; Co, la ciencia y el cuidado van de la mano. Descubra c\u00f3mo promovemos la salud con responsabilidad socioambiental y tecnolog\u00eda.","potentialAction":[{"@type":"SearchAction","target":{"@type":"EntryPoint","urlTemplate":"https:\/\/www.biolabeco.com.br\/?s={search_term_string}"},"query-input":{"@type":"PropertyValueSpecification","valueRequired":true,"valueName":"search_term_string"}}],"inLanguage":"es-ES"},{"@type":"Person","@id":"https:\/\/www.biolabeco.com.br\/#\/schema\/person\/bb07d50e32d20028751837031a066fac","name":"Yasmim Botelho","image":{"@type":"ImageObject","inLanguage":"es-ES","@id":"https:\/\/www.biolabeco.com.br\/#\/schema\/person\/image\/","url":"https:\/\/secure.gravatar.com\/avatar\/9d0fea0daa82eb99e89f9f8c0e5ab7f7?s=96&d=mm&r=g","contentUrl":"https:\/\/secure.gravatar.com\/avatar\/9d0fea0daa82eb99e89f9f8c0e5ab7f7?s=96&d=mm&r=g","caption":"Yasmim Botelho"},"url":"https:\/\/www.biolabeco.com.br\/es\/author\/yalves\/"}]}},"_links":{"self":[{"href":"https:\/\/www.biolabeco.com.br\/es\/wp-json\/wp\/v2\/posts\/14918"}],"collection":[{"href":"https:\/\/www.biolabeco.com.br\/es\/wp-json\/wp\/v2\/posts"}],"about":[{"href":"https:\/\/www.biolabeco.com.br\/es\/wp-json\/wp\/v2\/types\/post"}],"author":[{"embeddable":true,"href":"https:\/\/www.biolabeco.com.br\/es\/wp-json\/wp\/v2\/users\/7"}],"replies":[{"embeddable":true,"href":"https:\/\/www.biolabeco.com.br\/es\/wp-json\/wp\/v2\/comments?post=14918"}],"version-history":[{"count":1,"href":"https:\/\/www.biolabeco.com.br\/es\/wp-json\/wp\/v2\/posts\/14918\/revisions"}],"predecessor-version":[{"id":14964,"href":"https:\/\/www.biolabeco.com.br\/es\/wp-json\/wp\/v2\/posts\/14918\/revisions\/14964"}],"wp:featuredmedia":[{"embeddable":true,"href":"https:\/\/www.biolabeco.com.br\/es\/wp-json\/wp\/v2\/media\/14963"}],"wp:attachment":[{"href":"https:\/\/www.biolabeco.com.br\/es\/wp-json\/wp\/v2\/media?parent=14918"}],"wp:term":[{"taxonomy":"category","embeddable":true,"href":"https:\/\/www.biolabeco.com.br\/es\/wp-json\/wp\/v2\/categories?post=14918"},{"taxonomy":"post_tag","embeddable":true,"href":"https:\/\/www.biolabeco.com.br\/es\/wp-json\/wp\/v2\/tags?post=14918"}],"curies":[{"name":"wp","href":"https:\/\/api.w.org\/{rel}","templated":true}]}}