{"id":14921,"date":"2025-01-25T17:27:49","date_gmt":"2025-01-25T19:27:49","guid":{"rendered":"https:\/\/www.biolabemcasa.com.br\/?p=547"},"modified":"2025-12-09T14:45:45","modified_gmt":"2025-12-09T17:45:45","slug":"dermatitis-atopica-en-la-infancia-y-advertencia-para-los-padres","status":"publish","type":"post","link":"https:\/\/www.biolabeco.com.br\/es\/blog\/gravidez-e-saude-infantil\/na-infancia-dermatite-atopica-e-alerta-para-os-pais\/","title":{"rendered":"La dermatitis at\u00f3pica infantil es una llamada de atenci\u00f3n para los padres"},"content":{"rendered":"<p>La piel seca y el picor son las principales caracter\u00edsticas de la dermatitis at\u00f3pica, una enfermedad inflamatoria cr\u00f3nica que afecta a alrededor de 20% de los ni\u00f1os en el primer a\u00f1o de vida, seg\u00fan la Asociaci\u00f3n Brasile\u00f1a de Alergia e Inmunolog\u00eda (ASBAI). El inicio de la enfermedad no contagiosa suele ocurrir en el primer a\u00f1o de vida y se mantiene intensa hasta los cinco a\u00f1os, con per\u00edodos de mejor\u00eda y empeoramiento. En ni\u00f1os y beb\u00e9s, la dermatitis at\u00f3pica suele aparecer en los codos, la cara o las rodillas y, posiblemente, en otras zonas del cuerpo. En los ni\u00f1os mayores, las lesiones se localizan en los pliegues del cuerpo, como el cuello, los codos, detr\u00e1s de las rodillas, las manos y los tobillos. Son zonas m\u00e1s secas, oscuras y gruesas y, en los casos m\u00e1s graves, pueden afectar a gran parte del cuerpo.<\/p>\n<p>La dermatitis at\u00f3pica es de origen gen\u00e9tico, es decir, no se transmite por contacto. Sin embargo, al tratarse de una enfermedad cr\u00f3nica, diversos factores pueden desencadenar brotes espont\u00e1neos, como sustancias perfumadas, ropa de lana y fibras sint\u00e9ticas, ba\u00f1os calientes prolongados, estr\u00e9s emocional, contaminaci\u00f3n ambiental, cambios de temperatura, alimentos e infecciones.<\/p>\n<p>A\u00fan se desconoce la causa exacta de la enfermedad, pero los m\u00e9dicos creen que una combinaci\u00f3n de piel seca e irritable y un mal funcionamiento del sistema inmunitario del organismo son algunas de las causas m\u00e1s probables. Sin embargo, la propia piel seca provoca picor. Cuando el ni\u00f1o se rasca, deja entrar sustancias irritantes, que pueden desencadenar nuevos brotes o incluso empeorar lesiones preexistentes. Este ciclo de picor, lesiones y picor suele ser largo y afecta a la calidad de vida de los ni\u00f1os, caus\u00e1ndoles problemas de sue\u00f1o e irritabilidad.<\/p>\n<p>La piel at\u00f3pica es siempre muy seca, por eso es importante tener cuidado al ba\u00f1arse para reducir la sequedad, como evitar el uso de jabones, estropajos y agua muy caliente. El uso diario de cremas hidratantes corporales para controlar la dermatitis at\u00f3pica es esencial para aliviar los s\u00edntomas y reducir el n\u00famero de brotes. Adem\u00e1s, mantener el entorno limpio y aireado contribuye a la eficacia del tratamiento.<\/p>\n<p>Una vez que haya reconocido los signos, es esencial que acuda a un dermat\u00f3logo para iniciar el tratamiento adecuado. Para prevenir los brotes, aqu\u00ed tienes algunos consejos que pueden ayudarte:<\/p>\n<p>. El ba\u00f1o debe ser r\u00e1pido y limitarse a una vez al d\u00eda, ya que demasiado puede eliminar la humedad natural de la piel.<\/p>\n<p>. Prefiera jabones y <a href=\"https:\/\/www.biolabemcasa.com.br\/produtos\/hidrakids-da-locao-bisnaga-com-200g\" target=\"_blank\" rel=\"noopener\">hidratantes para pieles sensibles<\/a> e hipoalerg\u00e9nico.<\/p>\n<p>. Opta por prendas de algod\u00f3n, incluso para el uniforme del colegio... porque son suaves y ligeras, ayudan a que la piel no se caliente demasiado.<\/p>\n<p>. Procura lavar la ropa de tu hijo con jab\u00f3n l\u00edquido, sin suavizante, y haz un doble aclarado al final... as\u00ed evitar\u00e1s que queden restos de producto.<\/p>\n<p>. Corte con frecuencia las u\u00f1as de su hijo... as\u00ed reducir\u00e1 las lesiones.<\/p>\n<p>. Quita las etiquetas de las camisetas y no olvides lavar la ropa nueva antes de pon\u00e9rtela.<\/p>\n<p><span style=\"font-size: 14px;\"><em>Fuentes:\u00a0<\/em><\/span><\/p>\n<h6>https:\/\/www.spsp.org.br\/2011\/04\/27\/dermatite_atopica_ou_eczema_infantil\/<br \/>\nhttps:\/\/www.sbp.com.br\/especiais\/pediatria-para-familias\/doencas\/dermatite-atopica-que-doenca-e-esta\/<br \/>\nhttps:\/\/www.scielo.br\/j\/rprs\/a\/pf6NDckWfFt9RmWqnRbRqTb\/?lang=pt<\/p>\n<blockquote class=\"wp-embedded-content\" data-secret=\"wRSHPEzmYv\"><p><a href=\"https:\/\/bvsms.saude.gov.br\/dermatite-atopica\/\">Dermatitis at\u00f3pica<\/a><\/p><\/blockquote>\n<p><iframe class=\"wp-embedded-content\" sandbox=\"allow-scripts\" security=\"restricted\" style=\"position: absolute; clip: rect(1px, 1px, 1px, 1px);\" title=\"&quot;Dermatitis at\u00f3pica&quot; - Biblioteca Virtual em Sa\u00fade MS\" src=\"https:\/\/bvsms.saude.gov.br\/dermatite-atopica\/embed\/#?secret=GErIF9gDkJ#?secret=wRSHPEzmYv\" data-secret=\"wRSHPEzmYv\" width=\"500\" height=\"282\" frameborder=\"0\" marginwidth=\"0\" marginheight=\"0\" scrolling=\"no\"><\/iframe><\/p>\n<blockquote class=\"wp-embedded-content\" data-secret=\"Tt3UKccnUg\"><p><a href=\"https:\/\/www.sbd.org.br\/doencas\/dermatite-atopica\/\">Dermatitis at\u00f3pica<\/a><\/p><\/blockquote>\n<p><iframe class=\"wp-embedded-content\" sandbox=\"allow-scripts\" security=\"restricted\" style=\"position: absolute; clip: rect(1px, 1px, 1px, 1px);\" title=\"&quot;Dermatitis at\u00f3pica&quot; - SBD\" src=\"https:\/\/www.sbd.org.br\/doencas\/dermatite-atopica\/embed\/#?secret=C321KZYk0T#?secret=Tt3UKccnUg\" data-secret=\"Tt3UKccnUg\" width=\"500\" height=\"282\" frameborder=\"0\" marginwidth=\"0\" marginheight=\"0\" scrolling=\"no\"><\/iframe><br \/>\nhttps:\/\/asbai.org.br\/dos-20-das-criancas-com-dermatite-atopica-5-apresentam-a-forma-mais-grave-da-doenca-2\/#:~:text=Cerca%20de%2020%25%20das%20crian%C3%A7as,aparece%20em%203%25%20dos%20adultos<\/h6>","protected":false},"excerpt":{"rendered":"<p>Pele seca e coceira s\u00e3o as principais caracter\u00edsticas da dermatite at\u00f3pica, condi\u00e7\u00e3o inflamat\u00f3ria cr\u00f4nica que afeta cerca de 20% de crian\u00e7as no primeiro ano de vida, de acordo com a Associa\u00e7\u00e3o Brasileira de Alergia e Imunologia (ASBAI). O aparecimento da doen\u00e7a n\u00e3o contagiosa, ocorre geralmente no primeiro ano de vida e segue intensa at\u00e9 os [&hellip;]<\/p>\n","protected":false},"author":7,"featured_media":14969,"comment_status":"closed","ping_status":"open","sticky":false,"template":"","format":"standard","meta":{"_acf_changed":false,"footnotes":""},"categories":[1622,1619],"tags":[],"acf":[],"yoast_head":"<!-- This site is optimized with the Yoast SEO Premium plugin v24.4 (Yoast SEO v24.4) - https:\/\/yoast.com\/wordpress\/plugins\/seo\/ -->\n<title>Na inf\u00e2ncia, dermatite at\u00f3pica \u00e9 alerta para os pais - Biolab &amp; Co<\/title>\n<meta name=\"robots\" content=\"index, follow, max-snippet:-1, max-image-preview:large, max-video-preview:-1\" \/>\n<link rel=\"canonical\" href=\"https:\/\/www.biolabeco.com.br\/es\/blog\/embarazo-y-salud-infantil\/dermatitis-atopica-en-la-infancia-y-advertencia-para-los-padres\/\" \/>\n<meta property=\"og:locale\" content=\"es_ES\" \/>\n<meta property=\"og:type\" content=\"article\" \/>\n<meta property=\"og:title\" content=\"Na inf\u00e2ncia, dermatite at\u00f3pica \u00e9 alerta para os pais\" \/>\n<meta property=\"og:description\" content=\"Pele seca e coceira s\u00e3o as principais caracter\u00edsticas da dermatite at\u00f3pica, condi\u00e7\u00e3o inflamat\u00f3ria cr\u00f4nica que afeta cerca de 20% de crian\u00e7as no primeiro ano de vida, de acordo com a Associa\u00e7\u00e3o Brasileira de Alergia e Imunologia (ASBAI). O aparecimento da doen\u00e7a n\u00e3o contagiosa, ocorre geralmente no primeiro ano de vida e segue intensa at\u00e9 os [&hellip;]\" \/>\n<meta property=\"og:url\" content=\"https:\/\/www.biolabeco.com.br\/es\/blog\/embarazo-y-salud-infantil\/dermatitis-atopica-en-la-infancia-y-advertencia-para-los-padres\/\" \/>\n<meta property=\"og:site_name\" content=\"Biolab &amp; Co\" \/>\n<meta property=\"article:published_time\" content=\"2025-01-25T19:27:49+00:00\" \/>\n<meta property=\"article:modified_time\" content=\"2025-12-09T17:45:45+00:00\" \/>\n<meta property=\"og:image\" content=\"https:\/\/www.biolabeco.com.br\/wp-content\/uploads\/2025\/01\/Banner-Blog-Viver-Bem-Na-infancia-dermatite-atopica-e-alerta-para-os-pais.png.webp\" \/>\n\t<meta property=\"og:image:width\" content=\"1200\" \/>\n\t<meta property=\"og:image:height\" content=\"436\" \/>\n\t<meta property=\"og:image:type\" content=\"image\/webp\" \/>\n<meta name=\"author\" content=\"Yasmim Botelho\" \/>\n<meta name=\"twitter:card\" content=\"summary_large_image\" \/>\n<meta name=\"twitter:label1\" content=\"Written by\" \/>\n\t<meta name=\"twitter:data1\" content=\"Yasmim Botelho\" \/>\n\t<meta name=\"twitter:label2\" content=\"Est. reading time\" \/>\n\t<meta name=\"twitter:data2\" content=\"3 minutes\" \/>\n<script type=\"application\/ld+json\" class=\"yoast-schema-graph\">{\"@context\":\"https:\/\/schema.org\",\"@graph\":[{\"@type\":\"WebPage\",\"@id\":\"https:\/\/www.biolabeco.com.br\/blog\/gravidez-e-saude-infantil\/na-infancia-dermatite-atopica-e-alerta-para-os-pais\/\",\"url\":\"https:\/\/www.biolabeco.com.br\/blog\/gravidez-e-saude-infantil\/na-infancia-dermatite-atopica-e-alerta-para-os-pais\/\",\"name\":\"Na inf\u00e2ncia, dermatite at\u00f3pica \u00e9 alerta para os pais - Biolab &amp; Co\",\"isPartOf\":{\"@id\":\"https:\/\/www.biolabeco.com.br\/#website\"},\"primaryImageOfPage\":{\"@id\":\"https:\/\/www.biolabeco.com.br\/blog\/gravidez-e-saude-infantil\/na-infancia-dermatite-atopica-e-alerta-para-os-pais\/#primaryimage\"},\"image\":{\"@id\":\"https:\/\/www.biolabeco.com.br\/blog\/gravidez-e-saude-infantil\/na-infancia-dermatite-atopica-e-alerta-para-os-pais\/#primaryimage\"},\"thumbnailUrl\":\"https:\/\/www.biolabeco.com.br\/wp-content\/uploads\/2025\/01\/Banner-Blog-Viver-Bem-Na-infancia-dermatite-atopica-e-alerta-para-os-pais.png.webp\",\"datePublished\":\"2025-01-25T19:27:49+00:00\",\"dateModified\":\"2025-12-09T17:45:45+00:00\",\"author\":{\"@id\":\"https:\/\/www.biolabeco.com.br\/#\/schema\/person\/bb07d50e32d20028751837031a066fac\"},\"breadcrumb\":{\"@id\":\"https:\/\/www.biolabeco.com.br\/blog\/gravidez-e-saude-infantil\/na-infancia-dermatite-atopica-e-alerta-para-os-pais\/#breadcrumb\"},\"inLanguage\":\"es-ES\",\"potentialAction\":[{\"@type\":\"ReadAction\",\"target\":[\"https:\/\/www.biolabeco.com.br\/blog\/gravidez-e-saude-infantil\/na-infancia-dermatite-atopica-e-alerta-para-os-pais\/\"]}]},{\"@type\":\"ImageObject\",\"inLanguage\":\"es-ES\",\"@id\":\"https:\/\/www.biolabeco.com.br\/blog\/gravidez-e-saude-infantil\/na-infancia-dermatite-atopica-e-alerta-para-os-pais\/#primaryimage\",\"url\":\"https:\/\/www.biolabeco.com.br\/wp-content\/uploads\/2025\/01\/Banner-Blog-Viver-Bem-Na-infancia-dermatite-atopica-e-alerta-para-os-pais.png.webp\",\"contentUrl\":\"https:\/\/www.biolabeco.com.br\/wp-content\/uploads\/2025\/01\/Banner-Blog-Viver-Bem-Na-infancia-dermatite-atopica-e-alerta-para-os-pais.png.webp\",\"width\":1200,\"height\":436},{\"@type\":\"BreadcrumbList\",\"@id\":\"https:\/\/www.biolabeco.com.br\/blog\/gravidez-e-saude-infantil\/na-infancia-dermatite-atopica-e-alerta-para-os-pais\/#breadcrumb\",\"itemListElement\":[{\"@type\":\"ListItem\",\"position\":1,\"name\":\"Home\",\"item\":\"https:\/\/www.biolabeco.com.br\/\"},{\"@type\":\"ListItem\",\"position\":2,\"name\":\"Na inf\u00e2ncia, dermatite at\u00f3pica \u00e9 alerta para os pais\"}]},{\"@type\":\"WebSite\",\"@id\":\"https:\/\/www.biolabeco.com.br\/#website\",\"url\":\"https:\/\/www.biolabeco.com.br\/\",\"name\":\"Biolab\",\"description\":\"Na Biolab &amp; Co, ci\u00eancia e cuidado caminham juntos. Saiba como promovemos sa\u00fade com responsabilidade socioambiental e tecnologia.\",\"potentialAction\":[{\"@type\":\"SearchAction\",\"target\":{\"@type\":\"EntryPoint\",\"urlTemplate\":\"https:\/\/www.biolabeco.com.br\/?s={search_term_string}\"},\"query-input\":{\"@type\":\"PropertyValueSpecification\",\"valueRequired\":true,\"valueName\":\"search_term_string\"}}],\"inLanguage\":\"es-ES\"},{\"@type\":\"Person\",\"@id\":\"https:\/\/www.biolabeco.com.br\/#\/schema\/person\/bb07d50e32d20028751837031a066fac\",\"name\":\"Yasmim Botelho\",\"image\":{\"@type\":\"ImageObject\",\"inLanguage\":\"es-ES\",\"@id\":\"https:\/\/www.biolabeco.com.br\/#\/schema\/person\/image\/\",\"url\":\"https:\/\/secure.gravatar.com\/avatar\/9d0fea0daa82eb99e89f9f8c0e5ab7f7?s=96&d=mm&r=g\",\"contentUrl\":\"https:\/\/secure.gravatar.com\/avatar\/9d0fea0daa82eb99e89f9f8c0e5ab7f7?s=96&d=mm&r=g\",\"caption\":\"Yasmim Botelho\"},\"url\":\"https:\/\/www.biolabeco.com.br\/es\/author\/yalves\/\"}]}<\/script>\n<!-- \/ Yoast SEO Premium plugin. -->","yoast_head_json":{"title":"La dermatitis at\u00f3pica infantil, una llamada de atenci\u00f3n para los padres - Biolab &amp; Co","robots":{"index":"index","follow":"follow","max-snippet":"max-snippet:-1","max-image-preview":"max-image-preview:large","max-video-preview":"max-video-preview:-1"},"canonical":"https:\/\/www.biolabeco.com.br\/es\/blog\/embarazo-y-salud-infantil\/dermatitis-atopica-en-la-infancia-y-advertencia-para-los-padres\/","og_locale":"es_ES","og_type":"article","og_title":"Na inf\u00e2ncia, dermatite at\u00f3pica \u00e9 alerta para os pais","og_description":"Pele seca e coceira s\u00e3o as principais caracter\u00edsticas da dermatite at\u00f3pica, condi\u00e7\u00e3o inflamat\u00f3ria cr\u00f4nica que afeta cerca de 20% de crian\u00e7as no primeiro ano de vida, de acordo com a Associa\u00e7\u00e3o Brasileira de Alergia e Imunologia (ASBAI). O aparecimento da doen\u00e7a n\u00e3o contagiosa, ocorre geralmente no primeiro ano de vida e segue intensa at\u00e9 os [&hellip;]","og_url":"https:\/\/www.biolabeco.com.br\/es\/blog\/embarazo-y-salud-infantil\/dermatitis-atopica-en-la-infancia-y-advertencia-para-los-padres\/","og_site_name":"Biolab &amp; Co","article_published_time":"2025-01-25T19:27:49+00:00","article_modified_time":"2025-12-09T17:45:45+00:00","og_image":[{"width":1200,"height":436,"url":"https:\/\/www.biolabeco.com.br\/wp-content\/uploads\/2025\/01\/Banner-Blog-Viver-Bem-Na-infancia-dermatite-atopica-e-alerta-para-os-pais.png.webp","type":"image\/webp"}],"author":"Yasmim Botelho","twitter_card":"summary_large_image","twitter_misc":{"Written by":"Yasmim Botelho","Est. reading time":"3 minutes"},"schema":{"@context":"https:\/\/schema.org","@graph":[{"@type":"WebPage","@id":"https:\/\/www.biolabeco.com.br\/blog\/gravidez-e-saude-infantil\/na-infancia-dermatite-atopica-e-alerta-para-os-pais\/","url":"https:\/\/www.biolabeco.com.br\/blog\/gravidez-e-saude-infantil\/na-infancia-dermatite-atopica-e-alerta-para-os-pais\/","name":"La dermatitis at\u00f3pica infantil, una llamada de atenci\u00f3n para los padres - Biolab &amp; Co","isPartOf":{"@id":"https:\/\/www.biolabeco.com.br\/#website"},"primaryImageOfPage":{"@id":"https:\/\/www.biolabeco.com.br\/blog\/gravidez-e-saude-infantil\/na-infancia-dermatite-atopica-e-alerta-para-os-pais\/#primaryimage"},"image":{"@id":"https:\/\/www.biolabeco.com.br\/blog\/gravidez-e-saude-infantil\/na-infancia-dermatite-atopica-e-alerta-para-os-pais\/#primaryimage"},"thumbnailUrl":"https:\/\/www.biolabeco.com.br\/wp-content\/uploads\/2025\/01\/Banner-Blog-Viver-Bem-Na-infancia-dermatite-atopica-e-alerta-para-os-pais.png.webp","datePublished":"2025-01-25T19:27:49+00:00","dateModified":"2025-12-09T17:45:45+00:00","author":{"@id":"https:\/\/www.biolabeco.com.br\/#\/schema\/person\/bb07d50e32d20028751837031a066fac"},"breadcrumb":{"@id":"https:\/\/www.biolabeco.com.br\/blog\/gravidez-e-saude-infantil\/na-infancia-dermatite-atopica-e-alerta-para-os-pais\/#breadcrumb"},"inLanguage":"es-ES","potentialAction":[{"@type":"ReadAction","target":["https:\/\/www.biolabeco.com.br\/blog\/gravidez-e-saude-infantil\/na-infancia-dermatite-atopica-e-alerta-para-os-pais\/"]}]},{"@type":"ImageObject","inLanguage":"es-ES","@id":"https:\/\/www.biolabeco.com.br\/blog\/gravidez-e-saude-infantil\/na-infancia-dermatite-atopica-e-alerta-para-os-pais\/#primaryimage","url":"https:\/\/www.biolabeco.com.br\/wp-content\/uploads\/2025\/01\/Banner-Blog-Viver-Bem-Na-infancia-dermatite-atopica-e-alerta-para-os-pais.png.webp","contentUrl":"https:\/\/www.biolabeco.com.br\/wp-content\/uploads\/2025\/01\/Banner-Blog-Viver-Bem-Na-infancia-dermatite-atopica-e-alerta-para-os-pais.png.webp","width":1200,"height":436},{"@type":"BreadcrumbList","@id":"https:\/\/www.biolabeco.com.br\/blog\/gravidez-e-saude-infantil\/na-infancia-dermatite-atopica-e-alerta-para-os-pais\/#breadcrumb","itemListElement":[{"@type":"ListItem","position":1,"name":"Home","item":"https:\/\/www.biolabeco.com.br\/"},{"@type":"ListItem","position":2,"name":"Na inf\u00e2ncia, dermatite at\u00f3pica \u00e9 alerta para os pais"}]},{"@type":"WebSite","@id":"https:\/\/www.biolabeco.com.br\/#website","url":"https:\/\/www.biolabeco.com.br\/","name":"biolaboratorio","description":"En Biolab &amp; Co, la ciencia y el cuidado van de la mano. Descubra c\u00f3mo promovemos la salud con responsabilidad socioambiental y tecnolog\u00eda.","potentialAction":[{"@type":"SearchAction","target":{"@type":"EntryPoint","urlTemplate":"https:\/\/www.biolabeco.com.br\/?s={search_term_string}"},"query-input":{"@type":"PropertyValueSpecification","valueRequired":true,"valueName":"search_term_string"}}],"inLanguage":"es-ES"},{"@type":"Person","@id":"https:\/\/www.biolabeco.com.br\/#\/schema\/person\/bb07d50e32d20028751837031a066fac","name":"Yasmim Botelho","image":{"@type":"ImageObject","inLanguage":"es-ES","@id":"https:\/\/www.biolabeco.com.br\/#\/schema\/person\/image\/","url":"https:\/\/secure.gravatar.com\/avatar\/9d0fea0daa82eb99e89f9f8c0e5ab7f7?s=96&d=mm&r=g","contentUrl":"https:\/\/secure.gravatar.com\/avatar\/9d0fea0daa82eb99e89f9f8c0e5ab7f7?s=96&d=mm&r=g","caption":"Yasmim Botelho"},"url":"https:\/\/www.biolabeco.com.br\/es\/author\/yalves\/"}]}},"_links":{"self":[{"href":"https:\/\/www.biolabeco.com.br\/es\/wp-json\/wp\/v2\/posts\/14921"}],"collection":[{"href":"https:\/\/www.biolabeco.com.br\/es\/wp-json\/wp\/v2\/posts"}],"about":[{"href":"https:\/\/www.biolabeco.com.br\/es\/wp-json\/wp\/v2\/types\/post"}],"author":[{"embeddable":true,"href":"https:\/\/www.biolabeco.com.br\/es\/wp-json\/wp\/v2\/users\/7"}],"replies":[{"embeddable":true,"href":"https:\/\/www.biolabeco.com.br\/es\/wp-json\/wp\/v2\/comments?post=14921"}],"version-history":[{"count":1,"href":"https:\/\/www.biolabeco.com.br\/es\/wp-json\/wp\/v2\/posts\/14921\/revisions"}],"predecessor-version":[{"id":14970,"href":"https:\/\/www.biolabeco.com.br\/es\/wp-json\/wp\/v2\/posts\/14921\/revisions\/14970"}],"wp:featuredmedia":[{"embeddable":true,"href":"https:\/\/www.biolabeco.com.br\/es\/wp-json\/wp\/v2\/media\/14969"}],"wp:attachment":[{"href":"https:\/\/www.biolabeco.com.br\/es\/wp-json\/wp\/v2\/media?parent=14921"}],"wp:term":[{"taxonomy":"category","embeddable":true,"href":"https:\/\/www.biolabeco.com.br\/es\/wp-json\/wp\/v2\/categories?post=14921"},{"taxonomy":"post_tag","embeddable":true,"href":"https:\/\/www.biolabeco.com.br\/es\/wp-json\/wp\/v2\/tags?post=14921"}],"curies":[{"name":"wp","href":"https:\/\/api.w.org\/{rel}","templated":true}]}}