{"id":14922,"date":"2025-01-08T17:36:32","date_gmt":"2025-01-08T19:36:32","guid":{"rendered":"https:\/\/www.biolabemcasa.com.br\/?p=553"},"modified":"2025-12-09T14:44:34","modified_gmt":"2025-12-09T17:44:34","slug":"cuida-tu-movilidad-y-librate-de-la-artrosis","status":"publish","type":"post","link":"https:\/\/www.biolabeco.com.br\/es\/blog\/mobilidade-e-atividade-fisica\/cuide-da-sua-mobilidade-e-passe-longe-da-osteoartrite\/","title":{"rendered":"Cuida tu movilidad y al\u00e9jate de la artrosis."},"content":{"rendered":"<p>La famosa expresi\u00f3n \"dolor en las articulaciones\" se oye con bastante frecuencia en nuestra vida cotidiana, pero \u00bfsab\u00eda que estas molestias suelen estar relacionadas con algo mayor? As\u00ed es, estas molestias en las articulaciones pueden indicar un proceso inflamatorio en las mismas, la artrosis.<\/p>\n<p>La artrosis se caracteriza por el desgaste del cart\u00edlago articular y cambios \u00f3seos, y es m\u00e1s frecuente en rodillas, caderas y manos. El resultado es dolor, hinchaz\u00f3n y dificultad para realizar movimientos. Las causas de esta afecci\u00f3n van desde factores gen\u00e9ticos, traumatismos e inestabilidad articular, hasta la obesidad, as\u00ed como afecciones m\u00e9dicas preexistentes como la artritis reumatoide o infecciones articulares.<\/p>\n<p>Existen varios enfoques para tratar esta afecci\u00f3n, que var\u00edan en funci\u00f3n de la gravedad de la enfermedad. Puede incluir tratamiento farmacol\u00f3gico y quir\u00fargico, destinado a reducir el dolor, mejorar la movilidad, aumentar la calidad de vida y ralentizar la progresi\u00f3n de la enfermedad. Un tratamiento adecuado es fundamental para prevenir la discapacidad funcional y restablecer el estilo de vida habitual.<\/p>\n<p>Aunque no es posible prevenir el desarrollo de la artrosis, s\u00ed podemos adoptar medidas para reducir el riesgo o ralentizar su progresi\u00f3n. Por eso hemos reunido algunos consejos para que los incluyas en tu rutina:<\/p>\n<p>. Mant\u00e9n un peso saludable: esto reducir\u00e1 la tensi\u00f3n en tus articulaciones y disminuir\u00e1 el riesgo de desarrollar la enfermedad.<\/p>\n<p>. Practique ejercicio con regularidad: actividades como la nataci\u00f3n, el ciclismo y los paseos son ideales para la salud de las articulaciones, ya que fortalecen los m\u00fasculos y los mantienen flexibles.<\/p>\n<p>. Evitar lesiones: tomar medidas para evitar lesiones, ya sea al practicar deportes o realizar actividades f\u00edsicas. Utiliza equipos de protecci\u00f3n adecuados cuando sea necesario.<\/p>\n<p>. Haz pausas regulares: si realizas tareas que implican movimientos repetitivos, haz pausas para descansar y cambiar de postura. As\u00ed evitar\u00e1s sobrecargar determinadas articulaciones.<\/p>\n<p>. Acuda al m\u00e9dico con regularidad: som\u00e9tase a reconocimientos m\u00e9dicos peri\u00f3dicos y consulte a un profesional sanitario si tiene s\u00edntomas o preocupaciones relacionados con la salud de sus articulaciones.<\/p>\n<p>Es importante recordar que la artrosis es una enfermedad multifactorial y que, a pesar de las medidas preventivas, puede aparecer en las personas debido a factores gen\u00e9ticos o a otras causas no prevenibles. Si siente dolor y molestias en las articulaciones, no dude en acudir a un profesional sanitario para que le haga una evaluaci\u00f3n adecuada y le oriente con precisi\u00f3n.<\/p>\n<p><span style=\"font-size: 14px;\"><em>Fuentes:<\/em><\/span><\/p>\n<h6>https:\/\/www.reumatologia.org.br\/doencas-reumaticas\/osteoartrite-artrose\/<\/h6>","protected":false},"excerpt":{"rendered":"<p>A famosa express\u00e3o &#8220;dores nas juntas&#8221; pode ser ouvida com bastante frequ\u00eancia no nosso dia a dia, mas voc\u00ea sabia que essas queixas costumam estar relacionadas a algo maior? Isso mesmo, esse desconforto nas articula\u00e7\u00f5es pode indicar um processo inflamat\u00f3rio nas articula\u00e7\u00f5es, a osteoartrite. A osteoartrite \u00e9 caracterizada pelo desgaste da cartilagem articular e altera\u00e7\u00f5es [&hellip;]<\/p>\n","protected":false},"author":7,"featured_media":14965,"comment_status":"closed","ping_status":"closed","sticky":false,"template":"","format":"standard","meta":{"_acf_changed":false,"footnotes":""},"categories":[1620,1618,1615],"tags":[],"acf":[],"yoast_head":"<!-- This site is optimized with the Yoast SEO Premium plugin v24.4 (Yoast SEO v24.4) - https:\/\/yoast.com\/wordpress\/plugins\/seo\/ -->\n<title>Cuide da sua mobilidade e passe longe da osteoartrite. - Biolab &amp; Co<\/title>\n<meta name=\"robots\" content=\"index, follow, max-snippet:-1, max-image-preview:large, max-video-preview:-1\" \/>\n<link rel=\"canonical\" href=\"https:\/\/www.biolabeco.com.br\/es\/blog\/movilidad-y-actividad-fisica\/cuida-tu-movilidad-y-librate-de-la-artrosis\/\" \/>\n<meta property=\"og:locale\" content=\"es_ES\" \/>\n<meta property=\"og:type\" content=\"article\" \/>\n<meta property=\"og:title\" content=\"Cuide da sua mobilidade e passe longe da osteoartrite.\" \/>\n<meta property=\"og:description\" content=\"A famosa express\u00e3o &#8220;dores nas juntas&#8221; pode ser ouvida com bastante frequ\u00eancia no nosso dia a dia, mas voc\u00ea sabia que essas queixas costumam estar relacionadas a algo maior? Isso mesmo, esse desconforto nas articula\u00e7\u00f5es pode indicar um processo inflamat\u00f3rio nas articula\u00e7\u00f5es, a osteoartrite. A osteoartrite \u00e9 caracterizada pelo desgaste da cartilagem articular e altera\u00e7\u00f5es [&hellip;]\" \/>\n<meta property=\"og:url\" content=\"https:\/\/www.biolabeco.com.br\/es\/blog\/movilidad-y-actividad-fisica\/cuida-tu-movilidad-y-librate-de-la-artrosis\/\" \/>\n<meta property=\"og:site_name\" content=\"Biolab &amp; Co\" \/>\n<meta property=\"article:published_time\" content=\"2025-01-08T19:36:32+00:00\" \/>\n<meta property=\"article:modified_time\" content=\"2025-12-09T17:44:34+00:00\" \/>\n<meta property=\"og:image\" content=\"https:\/\/www.biolabeco.com.br\/wp-content\/uploads\/2025\/01\/header_2023-07-31-16h05m37s-6014-o_1h6mlaecl150k4p31jvrqg56v9.jpg.webp\" \/>\n\t<meta property=\"og:image:width\" content=\"1200\" \/>\n\t<meta property=\"og:image:height\" content=\"391\" \/>\n\t<meta property=\"og:image:type\" content=\"image\/webp\" \/>\n<meta name=\"author\" content=\"Yasmim Botelho\" \/>\n<meta name=\"twitter:card\" content=\"summary_large_image\" \/>\n<meta name=\"twitter:label1\" content=\"Written by\" \/>\n\t<meta name=\"twitter:data1\" content=\"Yasmim Botelho\" \/>\n\t<meta name=\"twitter:label2\" content=\"Est. reading time\" \/>\n\t<meta name=\"twitter:data2\" content=\"2 minutes\" \/>\n<script type=\"application\/ld+json\" class=\"yoast-schema-graph\">{\"@context\":\"https:\/\/schema.org\",\"@graph\":[{\"@type\":\"WebPage\",\"@id\":\"https:\/\/www.biolabeco.com.br\/blog\/mobilidade-e-atividade-fisica\/cuide-da-sua-mobilidade-e-passe-longe-da-osteoartrite\/\",\"url\":\"https:\/\/www.biolabeco.com.br\/blog\/mobilidade-e-atividade-fisica\/cuide-da-sua-mobilidade-e-passe-longe-da-osteoartrite\/\",\"name\":\"Cuide da sua mobilidade e passe longe da osteoartrite. - Biolab &amp; Co\",\"isPartOf\":{\"@id\":\"https:\/\/www.biolabeco.com.br\/#website\"},\"primaryImageOfPage\":{\"@id\":\"https:\/\/www.biolabeco.com.br\/blog\/mobilidade-e-atividade-fisica\/cuide-da-sua-mobilidade-e-passe-longe-da-osteoartrite\/#primaryimage\"},\"image\":{\"@id\":\"https:\/\/www.biolabeco.com.br\/blog\/mobilidade-e-atividade-fisica\/cuide-da-sua-mobilidade-e-passe-longe-da-osteoartrite\/#primaryimage\"},\"thumbnailUrl\":\"https:\/\/www.biolabeco.com.br\/wp-content\/uploads\/2025\/01\/header_2023-07-31-16h05m37s-6014-o_1h6mlaecl150k4p31jvrqg56v9.jpg.webp\",\"datePublished\":\"2025-01-08T19:36:32+00:00\",\"dateModified\":\"2025-12-09T17:44:34+00:00\",\"author\":{\"@id\":\"https:\/\/www.biolabeco.com.br\/#\/schema\/person\/bb07d50e32d20028751837031a066fac\"},\"breadcrumb\":{\"@id\":\"https:\/\/www.biolabeco.com.br\/blog\/mobilidade-e-atividade-fisica\/cuide-da-sua-mobilidade-e-passe-longe-da-osteoartrite\/#breadcrumb\"},\"inLanguage\":\"es-ES\",\"potentialAction\":[{\"@type\":\"ReadAction\",\"target\":[\"https:\/\/www.biolabeco.com.br\/blog\/mobilidade-e-atividade-fisica\/cuide-da-sua-mobilidade-e-passe-longe-da-osteoartrite\/\"]}]},{\"@type\":\"ImageObject\",\"inLanguage\":\"es-ES\",\"@id\":\"https:\/\/www.biolabeco.com.br\/blog\/mobilidade-e-atividade-fisica\/cuide-da-sua-mobilidade-e-passe-longe-da-osteoartrite\/#primaryimage\",\"url\":\"https:\/\/www.biolabeco.com.br\/wp-content\/uploads\/2025\/01\/header_2023-07-31-16h05m37s-6014-o_1h6mlaecl150k4p31jvrqg56v9.jpg.webp\",\"contentUrl\":\"https:\/\/www.biolabeco.com.br\/wp-content\/uploads\/2025\/01\/header_2023-07-31-16h05m37s-6014-o_1h6mlaecl150k4p31jvrqg56v9.jpg.webp\",\"width\":1200,\"height\":391},{\"@type\":\"BreadcrumbList\",\"@id\":\"https:\/\/www.biolabeco.com.br\/blog\/mobilidade-e-atividade-fisica\/cuide-da-sua-mobilidade-e-passe-longe-da-osteoartrite\/#breadcrumb\",\"itemListElement\":[{\"@type\":\"ListItem\",\"position\":1,\"name\":\"Home\",\"item\":\"https:\/\/www.biolabeco.com.br\/\"},{\"@type\":\"ListItem\",\"position\":2,\"name\":\"Cuide da sua mobilidade e passe longe da osteoartrite.\"}]},{\"@type\":\"WebSite\",\"@id\":\"https:\/\/www.biolabeco.com.br\/#website\",\"url\":\"https:\/\/www.biolabeco.com.br\/\",\"name\":\"Biolab\",\"description\":\"Na Biolab &amp; Co, ci\u00eancia e cuidado caminham juntos. Saiba como promovemos sa\u00fade com responsabilidade socioambiental e tecnologia.\",\"potentialAction\":[{\"@type\":\"SearchAction\",\"target\":{\"@type\":\"EntryPoint\",\"urlTemplate\":\"https:\/\/www.biolabeco.com.br\/?s={search_term_string}\"},\"query-input\":{\"@type\":\"PropertyValueSpecification\",\"valueRequired\":true,\"valueName\":\"search_term_string\"}}],\"inLanguage\":\"es-ES\"},{\"@type\":\"Person\",\"@id\":\"https:\/\/www.biolabeco.com.br\/#\/schema\/person\/bb07d50e32d20028751837031a066fac\",\"name\":\"Yasmim Botelho\",\"image\":{\"@type\":\"ImageObject\",\"inLanguage\":\"es-ES\",\"@id\":\"https:\/\/www.biolabeco.com.br\/#\/schema\/person\/image\/\",\"url\":\"https:\/\/secure.gravatar.com\/avatar\/9d0fea0daa82eb99e89f9f8c0e5ab7f7?s=96&d=mm&r=g\",\"contentUrl\":\"https:\/\/secure.gravatar.com\/avatar\/9d0fea0daa82eb99e89f9f8c0e5ab7f7?s=96&d=mm&r=g\",\"caption\":\"Yasmim Botelho\"},\"url\":\"https:\/\/www.biolabeco.com.br\/es\/author\/yalves\/\"}]}<\/script>\n<!-- \/ Yoast SEO Premium plugin. -->","yoast_head_json":{"title":"Cuide su movilidad y mant\u00e9ngase alejado de la artrosis. - Biolab &amp; Co","robots":{"index":"index","follow":"follow","max-snippet":"max-snippet:-1","max-image-preview":"max-image-preview:large","max-video-preview":"max-video-preview:-1"},"canonical":"https:\/\/www.biolabeco.com.br\/es\/blog\/movilidad-y-actividad-fisica\/cuida-tu-movilidad-y-librate-de-la-artrosis\/","og_locale":"es_ES","og_type":"article","og_title":"Cuide da sua mobilidade e passe longe da osteoartrite.","og_description":"A famosa express\u00e3o &#8220;dores nas juntas&#8221; pode ser ouvida com bastante frequ\u00eancia no nosso dia a dia, mas voc\u00ea sabia que essas queixas costumam estar relacionadas a algo maior? Isso mesmo, esse desconforto nas articula\u00e7\u00f5es pode indicar um processo inflamat\u00f3rio nas articula\u00e7\u00f5es, a osteoartrite. A osteoartrite \u00e9 caracterizada pelo desgaste da cartilagem articular e altera\u00e7\u00f5es [&hellip;]","og_url":"https:\/\/www.biolabeco.com.br\/es\/blog\/movilidad-y-actividad-fisica\/cuida-tu-movilidad-y-librate-de-la-artrosis\/","og_site_name":"Biolab &amp; Co","article_published_time":"2025-01-08T19:36:32+00:00","article_modified_time":"2025-12-09T17:44:34+00:00","og_image":[{"width":1200,"height":391,"url":"https:\/\/www.biolabeco.com.br\/wp-content\/uploads\/2025\/01\/header_2023-07-31-16h05m37s-6014-o_1h6mlaecl150k4p31jvrqg56v9.jpg.webp","type":"image\/webp"}],"author":"Yasmim Botelho","twitter_card":"summary_large_image","twitter_misc":{"Written by":"Yasmim Botelho","Est. reading time":"2 minutes"},"schema":{"@context":"https:\/\/schema.org","@graph":[{"@type":"WebPage","@id":"https:\/\/www.biolabeco.com.br\/blog\/mobilidade-e-atividade-fisica\/cuide-da-sua-mobilidade-e-passe-longe-da-osteoartrite\/","url":"https:\/\/www.biolabeco.com.br\/blog\/mobilidade-e-atividade-fisica\/cuide-da-sua-mobilidade-e-passe-longe-da-osteoartrite\/","name":"Cuide su movilidad y mant\u00e9ngase alejado de la artrosis. - Biolab &amp; Co","isPartOf":{"@id":"https:\/\/www.biolabeco.com.br\/#website"},"primaryImageOfPage":{"@id":"https:\/\/www.biolabeco.com.br\/blog\/mobilidade-e-atividade-fisica\/cuide-da-sua-mobilidade-e-passe-longe-da-osteoartrite\/#primaryimage"},"image":{"@id":"https:\/\/www.biolabeco.com.br\/blog\/mobilidade-e-atividade-fisica\/cuide-da-sua-mobilidade-e-passe-longe-da-osteoartrite\/#primaryimage"},"thumbnailUrl":"https:\/\/www.biolabeco.com.br\/wp-content\/uploads\/2025\/01\/header_2023-07-31-16h05m37s-6014-o_1h6mlaecl150k4p31jvrqg56v9.jpg.webp","datePublished":"2025-01-08T19:36:32+00:00","dateModified":"2025-12-09T17:44:34+00:00","author":{"@id":"https:\/\/www.biolabeco.com.br\/#\/schema\/person\/bb07d50e32d20028751837031a066fac"},"breadcrumb":{"@id":"https:\/\/www.biolabeco.com.br\/blog\/mobilidade-e-atividade-fisica\/cuide-da-sua-mobilidade-e-passe-longe-da-osteoartrite\/#breadcrumb"},"inLanguage":"es-ES","potentialAction":[{"@type":"ReadAction","target":["https:\/\/www.biolabeco.com.br\/blog\/mobilidade-e-atividade-fisica\/cuide-da-sua-mobilidade-e-passe-longe-da-osteoartrite\/"]}]},{"@type":"ImageObject","inLanguage":"es-ES","@id":"https:\/\/www.biolabeco.com.br\/blog\/mobilidade-e-atividade-fisica\/cuide-da-sua-mobilidade-e-passe-longe-da-osteoartrite\/#primaryimage","url":"https:\/\/www.biolabeco.com.br\/wp-content\/uploads\/2025\/01\/header_2023-07-31-16h05m37s-6014-o_1h6mlaecl150k4p31jvrqg56v9.jpg.webp","contentUrl":"https:\/\/www.biolabeco.com.br\/wp-content\/uploads\/2025\/01\/header_2023-07-31-16h05m37s-6014-o_1h6mlaecl150k4p31jvrqg56v9.jpg.webp","width":1200,"height":391},{"@type":"BreadcrumbList","@id":"https:\/\/www.biolabeco.com.br\/blog\/mobilidade-e-atividade-fisica\/cuide-da-sua-mobilidade-e-passe-longe-da-osteoartrite\/#breadcrumb","itemListElement":[{"@type":"ListItem","position":1,"name":"Home","item":"https:\/\/www.biolabeco.com.br\/"},{"@type":"ListItem","position":2,"name":"Cuide da sua mobilidade e passe longe da osteoartrite."}]},{"@type":"WebSite","@id":"https:\/\/www.biolabeco.com.br\/#website","url":"https:\/\/www.biolabeco.com.br\/","name":"biolaboratorio","description":"En Biolab &amp; Co, la ciencia y el cuidado van de la mano. Descubra c\u00f3mo promovemos la salud con responsabilidad socioambiental y tecnolog\u00eda.","potentialAction":[{"@type":"SearchAction","target":{"@type":"EntryPoint","urlTemplate":"https:\/\/www.biolabeco.com.br\/?s={search_term_string}"},"query-input":{"@type":"PropertyValueSpecification","valueRequired":true,"valueName":"search_term_string"}}],"inLanguage":"es-ES"},{"@type":"Person","@id":"https:\/\/www.biolabeco.com.br\/#\/schema\/person\/bb07d50e32d20028751837031a066fac","name":"Yasmim Botelho","image":{"@type":"ImageObject","inLanguage":"es-ES","@id":"https:\/\/www.biolabeco.com.br\/#\/schema\/person\/image\/","url":"https:\/\/secure.gravatar.com\/avatar\/9d0fea0daa82eb99e89f9f8c0e5ab7f7?s=96&d=mm&r=g","contentUrl":"https:\/\/secure.gravatar.com\/avatar\/9d0fea0daa82eb99e89f9f8c0e5ab7f7?s=96&d=mm&r=g","caption":"Yasmim Botelho"},"url":"https:\/\/www.biolabeco.com.br\/es\/author\/yalves\/"}]}},"_links":{"self":[{"href":"https:\/\/www.biolabeco.com.br\/es\/wp-json\/wp\/v2\/posts\/14922"}],"collection":[{"href":"https:\/\/www.biolabeco.com.br\/es\/wp-json\/wp\/v2\/posts"}],"about":[{"href":"https:\/\/www.biolabeco.com.br\/es\/wp-json\/wp\/v2\/types\/post"}],"author":[{"embeddable":true,"href":"https:\/\/www.biolabeco.com.br\/es\/wp-json\/wp\/v2\/users\/7"}],"replies":[{"embeddable":true,"href":"https:\/\/www.biolabeco.com.br\/es\/wp-json\/wp\/v2\/comments?post=14922"}],"version-history":[{"count":1,"href":"https:\/\/www.biolabeco.com.br\/es\/wp-json\/wp\/v2\/posts\/14922\/revisions"}],"predecessor-version":[{"id":14966,"href":"https:\/\/www.biolabeco.com.br\/es\/wp-json\/wp\/v2\/posts\/14922\/revisions\/14966"}],"wp:featuredmedia":[{"embeddable":true,"href":"https:\/\/www.biolabeco.com.br\/es\/wp-json\/wp\/v2\/media\/14965"}],"wp:attachment":[{"href":"https:\/\/www.biolabeco.com.br\/es\/wp-json\/wp\/v2\/media?parent=14922"}],"wp:term":[{"taxonomy":"category","embeddable":true,"href":"https:\/\/www.biolabeco.com.br\/es\/wp-json\/wp\/v2\/categories?post=14922"},{"taxonomy":"post_tag","embeddable":true,"href":"https:\/\/www.biolabeco.com.br\/es\/wp-json\/wp\/v2\/tags?post=14922"}],"curies":[{"name":"wp","href":"https:\/\/api.w.org\/{rel}","templated":true}]}}