{"id":14925,"date":"2025-02-10T16:59:03","date_gmt":"2025-02-10T18:59:03","guid":{"rendered":"https:\/\/www.biolabemcasa.com.br\/?p=531"},"modified":"2025-12-09T14:49:15","modified_gmt":"2025-12-09T17:49:15","slug":"que-tiene-que-ver-el-sueno-con-la-salud-mental","status":"publish","type":"post","link":"https:\/\/www.biolabeco.com.br\/es\/blog\/prevencao-e-imunidade\/o-que-o-sono-tem-a-ver-com-a-saude-mental\/","title":{"rendered":"\u00bfQu\u00e9 tiene que ver el sue\u00f1o con la salud mental?"},"content":{"rendered":"<p>La mayor\u00eda de las personas ha tenido un episodio de insomnio en su vida. Es uno de los trastornos del sue\u00f1o m\u00e1s comunes y, seg\u00fan la Asociaci\u00f3n Brasile\u00f1a del Sue\u00f1o (ABS), uno de cada tres brasile\u00f1os lo padece.<\/p>\n<p>El insomnio se caracteriza por la dificultad para conciliar el sue\u00f1o o mantenerlo de forma continuada durante toda la noche. Existen dos tipos: el insomnio transitorio y el insomnio cr\u00f3nico.<\/p>\n<p>Cuando estamos ansiosos o excitados, por ejemplo, por un viaje muy esperado, una reuni\u00f3n importante en el trabajo o incluso un examen escolar, podemos acabar no durmiendo lo suficiente hasta que se produzcan estos acontecimientos... es lo que llamamos insomnio transitorio. Tambi\u00e9n aparece en situaciones de preocupaci\u00f3n o tristeza, pero en ambos casos desaparece al cabo de unos d\u00edas, o incluso de unas semanas.<\/p>\n<p>El otro tipo (insomnio cr\u00f3nico) es m\u00e1s intenso que el anterior y dura meses o a\u00f1os. Es m\u00e1s complejo y en \u00e9l pueden intervenir factores externos como el entorno e incluso otras afecciones. Por este motivo, debe ser investigado por especialistas m\u00e9dicos, ya que el trastorno puede estar asociado a otras enfermedades, algo muy com\u00fan en el panorama actual del insomnio: lo llamamos insomnio com\u00f3rbido. Adem\u00e1s del malestar, las noches en vela desgastan el cuerpo y la mente, provocando dificultad de concentraci\u00f3n, dolores de cabeza y estr\u00e9s, perjudicando el rendimiento en las actividades cotidianas, el trabajo y los estudios.<\/p>\n<p>La privaci\u00f3n prolongada de sue\u00f1o altera el sistema inmunitario y es uno de los factores que provocan enfermedades cardiovasculares, como arritmias, respiratorias (asma) y psiqui\u00e1tricas (depresi\u00f3n y ansiedad). La lista es larga e incluye la obesidad e incluso la diabetes. As\u00ed que vigile c\u00f3mo reacciona su cuerpo durante el d\u00eda, ya que puede ser un reflejo de la calidad de su sue\u00f1o.<\/p>\n<p>Es importante se\u00f1alar que el insomnio no s\u00f3lo provoca o agrava los trastornos de ansiedad y depresi\u00f3n existentes, sino que tambi\u00e9n ocurre lo contrario, ya que este trastorno puede ser uno de los s\u00edntomas de estas condiciones emocionales. Al tratarse de enfermedades relacionadas, independientemente del diagn\u00f3stico, una afecci\u00f3n agrava la otra, ya que la mente es incapaz de descansar debido al exceso de pensamientos.<\/p>\n<p>Al fin y al cabo, demasiado tiempo despierto genera pensamientos, que conducen al insomnio, que a su vez provoca inquietud y, en conjunto, provoca trastornos emocionales y viceversa, lo que lo convierte en un ciclo dif\u00edcil de romper sin ayuda m\u00e9dica.<\/p>\n<p>Algunos grupos se ven m\u00e1s afectados por el insomnio, como las mujeres, debido principalmente a las variaciones hormonales. Los ancianos tambi\u00e9n forman parte de este grupo porque tienen un sue\u00f1o m\u00e1s fragmentado y m\u00e1s comorbilidades que interfieren en el funcionamiento diurno y nocturno. Aunque el insomnio es multifactorial, existen h\u00e1bitos saludables que influyen en la calidad del sue\u00f1o y que pueden ponerse en pr\u00e1ctica en la rutina:<\/p>\n<p>. Intenta acostarte y levantarte a la misma hora todos los d\u00edas, incluso los fines de semana.<\/p>\n<p>. Evite dormir la siesta durante m\u00e1s de 30 minutos al d\u00eda.<\/p>\n<p>. Realizar actividades f\u00edsicas por la ma\u00f1ana o por la tarde<\/p>\n<p>. Evitar las bebidas con cafe\u00edna por la noche<\/p>\n<p>. Aseg\u00farese de que la habitaci\u00f3n est\u00e1 completamente a oscuras<\/p>\n<p>. Realizar actividades relajantes por la noche, como leer o meditar.<\/p>\n<p>. Elija alimentos ligeros para cenar<\/p>\n<p>. Evite el uso de pantallas al menos una hora antes de acostarse.<\/p>\n<p>Si experimenta dificultades para dormir o cambios en la calidad del sue\u00f1o, consulte a un m\u00e9dico para que compruebe si hay problemas f\u00edsicos y eval\u00fae su salud mental. El insomnio se trata caso por caso y var\u00eda entre terapia, cambios en el estilo de vida y medicaci\u00f3n espec\u00edfica. Un neur\u00f3logo es el especialista adecuado para tratar el insomnio y, si sospecha alguna comorbilidad, debe remitir al paciente para un seguimiento conjunto con otro especialista e incluir a un equipo multidisciplinar en su tratamiento.<\/p>\n<p>El sue\u00f1o es esencial para el buen funcionamiento del cuerpo y la mente. \u00a1Incorpora h\u00e1bitos saludables a tu vida!<\/p>\n<p><em><span style=\"font-size: 14px;\">Fuentes:<\/span><\/em><\/p>\n<h6>https:\/\/bvsms.saude.gov.br\/bvs\/dicas\/256_disturbios_sono.html<\/h6>\n<h6>https:\/\/absono.com.br\/wp-content\/uploads\/2022\/06\/revista_sono_ed29_online.pdf<\/h6>\n<h6>https:\/\/www12.senado.leg.br\/institucional\/sis\/noticias-comum\/higiene-do-sono-saiba-o-que-e-e-como-ela-pode-melhorar-a-sua-vida<\/h6>\n<h6>https:\/\/www.gov.br\/saude\/pt-br\/assuntos\/noticias\/2023\/marco\/voce-ja-teve-insonia-saiba-que-72-dos-brasileiros-sofrem-com-alteracoes-no-sono<\/h6>\n<h6>https:\/\/www.prefeitura.sp.gov.br\/cidade\/secretarias\/saude\/noticias\/?p=273184<\/h6>\n<h6>https:\/\/www.saude.ce.gov.br\/2023\/03\/16\/sono-e-saude-mental-insonia-pode-ser-indicio-de-algum-transtorno-psiquiatrico\/<\/h6>","protected":false},"excerpt":{"rendered":"<p>A maioria das pessoas j\u00e1 teve um epis\u00f3dio de ins\u00f4nia na vida. Ela \u00e9 um dos dist\u00farbios de sono mais comuns e, de acordo com a Associa\u00e7\u00e3o Brasileira do Sono (ABS), um em cada tr\u00eas brasileiros sofre dessa condi\u00e7\u00e3o. A ins\u00f4nia caracteriza-se pela dificuldade em pegar no sono ou manter sono cont\u00ednuo durante a noite. [&hellip;]<\/p>\n","protected":false},"author":7,"featured_media":14981,"comment_status":"closed","ping_status":"closed","sticky":false,"template":"","format":"standard","meta":{"_acf_changed":false,"footnotes":""},"categories":[1618,1617,1616],"tags":[],"acf":[],"yoast_head":"<!-- This site is optimized with the Yoast SEO Premium plugin v24.4 (Yoast SEO v24.4) - https:\/\/yoast.com\/wordpress\/plugins\/seo\/ -->\n<title>O que o sono tem a ver com a sa\u00fade mental? - Biolab &amp; Co<\/title>\n<meta name=\"robots\" content=\"index, follow, max-snippet:-1, max-image-preview:large, max-video-preview:-1\" \/>\n<link rel=\"canonical\" href=\"https:\/\/www.biolabeco.com.br\/es\/blog\/prevencion-e-inmunidad\/que-tiene-que-ver-el-sueno-con-la-salud-mental\/\" \/>\n<meta property=\"og:locale\" content=\"es_ES\" \/>\n<meta property=\"og:type\" content=\"article\" \/>\n<meta property=\"og:title\" content=\"O que o sono tem a ver com a sa\u00fade mental?\" \/>\n<meta property=\"og:description\" content=\"A maioria das pessoas j\u00e1 teve um epis\u00f3dio de ins\u00f4nia na vida. Ela \u00e9 um dos dist\u00farbios de sono mais comuns e, de acordo com a Associa\u00e7\u00e3o Brasileira do Sono (ABS), um em cada tr\u00eas brasileiros sofre dessa condi\u00e7\u00e3o. A ins\u00f4nia caracteriza-se pela dificuldade em pegar no sono ou manter sono cont\u00ednuo durante a noite. [&hellip;]\" \/>\n<meta property=\"og:url\" content=\"https:\/\/www.biolabeco.com.br\/es\/blog\/prevencion-e-inmunidad\/que-tiene-que-ver-el-sueno-con-la-salud-mental\/\" \/>\n<meta property=\"og:site_name\" content=\"Biolab &amp; Co\" \/>\n<meta property=\"article:published_time\" content=\"2025-02-10T18:59:03+00:00\" \/>\n<meta property=\"article:modified_time\" content=\"2025-12-09T17:49:15+00:00\" \/>\n<meta property=\"og:image\" content=\"https:\/\/www.biolabeco.com.br\/wp-content\/uploads\/2025\/02\/Banner-Blog-Viver-Bem-O-que-o-sono-tem-a-ver-com-a-saude-mental.png.webp\" \/>\n\t<meta property=\"og:image:width\" content=\"1200\" \/>\n\t<meta property=\"og:image:height\" content=\"436\" \/>\n\t<meta property=\"og:image:type\" content=\"image\/webp\" \/>\n<meta name=\"author\" content=\"Yasmim Botelho\" \/>\n<meta name=\"twitter:card\" content=\"summary_large_image\" \/>\n<meta name=\"twitter:label1\" content=\"Written by\" \/>\n\t<meta name=\"twitter:data1\" content=\"Yasmim Botelho\" \/>\n\t<meta name=\"twitter:label2\" content=\"Est. reading time\" \/>\n\t<meta name=\"twitter:data2\" content=\"4 minutes\" \/>\n<script type=\"application\/ld+json\" class=\"yoast-schema-graph\">{\"@context\":\"https:\/\/schema.org\",\"@graph\":[{\"@type\":\"WebPage\",\"@id\":\"https:\/\/www.biolabeco.com.br\/blog\/prevencao-e-imunidade\/o-que-o-sono-tem-a-ver-com-a-saude-mental\/\",\"url\":\"https:\/\/www.biolabeco.com.br\/blog\/prevencao-e-imunidade\/o-que-o-sono-tem-a-ver-com-a-saude-mental\/\",\"name\":\"O que o sono tem a ver com a sa\u00fade mental? - Biolab &amp; Co\",\"isPartOf\":{\"@id\":\"https:\/\/www.biolabeco.com.br\/#website\"},\"primaryImageOfPage\":{\"@id\":\"https:\/\/www.biolabeco.com.br\/blog\/prevencao-e-imunidade\/o-que-o-sono-tem-a-ver-com-a-saude-mental\/#primaryimage\"},\"image\":{\"@id\":\"https:\/\/www.biolabeco.com.br\/blog\/prevencao-e-imunidade\/o-que-o-sono-tem-a-ver-com-a-saude-mental\/#primaryimage\"},\"thumbnailUrl\":\"https:\/\/www.biolabeco.com.br\/wp-content\/uploads\/2025\/02\/Banner-Blog-Viver-Bem-O-que-o-sono-tem-a-ver-com-a-saude-mental.png.webp\",\"datePublished\":\"2025-02-10T18:59:03+00:00\",\"dateModified\":\"2025-12-09T17:49:15+00:00\",\"author\":{\"@id\":\"https:\/\/www.biolabeco.com.br\/#\/schema\/person\/bb07d50e32d20028751837031a066fac\"},\"breadcrumb\":{\"@id\":\"https:\/\/www.biolabeco.com.br\/blog\/prevencao-e-imunidade\/o-que-o-sono-tem-a-ver-com-a-saude-mental\/#breadcrumb\"},\"inLanguage\":\"es-ES\",\"potentialAction\":[{\"@type\":\"ReadAction\",\"target\":[\"https:\/\/www.biolabeco.com.br\/blog\/prevencao-e-imunidade\/o-que-o-sono-tem-a-ver-com-a-saude-mental\/\"]}]},{\"@type\":\"ImageObject\",\"inLanguage\":\"es-ES\",\"@id\":\"https:\/\/www.biolabeco.com.br\/blog\/prevencao-e-imunidade\/o-que-o-sono-tem-a-ver-com-a-saude-mental\/#primaryimage\",\"url\":\"https:\/\/www.biolabeco.com.br\/wp-content\/uploads\/2025\/02\/Banner-Blog-Viver-Bem-O-que-o-sono-tem-a-ver-com-a-saude-mental.png.webp\",\"contentUrl\":\"https:\/\/www.biolabeco.com.br\/wp-content\/uploads\/2025\/02\/Banner-Blog-Viver-Bem-O-que-o-sono-tem-a-ver-com-a-saude-mental.png.webp\",\"width\":1200,\"height\":436},{\"@type\":\"BreadcrumbList\",\"@id\":\"https:\/\/www.biolabeco.com.br\/blog\/prevencao-e-imunidade\/o-que-o-sono-tem-a-ver-com-a-saude-mental\/#breadcrumb\",\"itemListElement\":[{\"@type\":\"ListItem\",\"position\":1,\"name\":\"Home\",\"item\":\"https:\/\/www.biolabeco.com.br\/\"},{\"@type\":\"ListItem\",\"position\":2,\"name\":\"O que o sono tem a ver com a sa\u00fade mental?\"}]},{\"@type\":\"WebSite\",\"@id\":\"https:\/\/www.biolabeco.com.br\/#website\",\"url\":\"https:\/\/www.biolabeco.com.br\/\",\"name\":\"Biolab\",\"description\":\"Na Biolab &amp; Co, ci\u00eancia e cuidado caminham juntos. Saiba como promovemos sa\u00fade com responsabilidade socioambiental e tecnologia.\",\"potentialAction\":[{\"@type\":\"SearchAction\",\"target\":{\"@type\":\"EntryPoint\",\"urlTemplate\":\"https:\/\/www.biolabeco.com.br\/?s={search_term_string}\"},\"query-input\":{\"@type\":\"PropertyValueSpecification\",\"valueRequired\":true,\"valueName\":\"search_term_string\"}}],\"inLanguage\":\"es-ES\"},{\"@type\":\"Person\",\"@id\":\"https:\/\/www.biolabeco.com.br\/#\/schema\/person\/bb07d50e32d20028751837031a066fac\",\"name\":\"Yasmim Botelho\",\"image\":{\"@type\":\"ImageObject\",\"inLanguage\":\"es-ES\",\"@id\":\"https:\/\/www.biolabeco.com.br\/#\/schema\/person\/image\/\",\"url\":\"https:\/\/secure.gravatar.com\/avatar\/9d0fea0daa82eb99e89f9f8c0e5ab7f7?s=96&d=mm&r=g\",\"contentUrl\":\"https:\/\/secure.gravatar.com\/avatar\/9d0fea0daa82eb99e89f9f8c0e5ab7f7?s=96&d=mm&r=g\",\"caption\":\"Yasmim Botelho\"},\"url\":\"https:\/\/www.biolabeco.com.br\/es\/author\/yalves\/\"}]}<\/script>\n<!-- \/ Yoast SEO Premium plugin. -->","yoast_head_json":{"title":"\u00bfQu\u00e9 tiene que ver el sue\u00f1o con la salud mental? - Biolab &amp; Co","robots":{"index":"index","follow":"follow","max-snippet":"max-snippet:-1","max-image-preview":"max-image-preview:large","max-video-preview":"max-video-preview:-1"},"canonical":"https:\/\/www.biolabeco.com.br\/es\/blog\/prevencion-e-inmunidad\/que-tiene-que-ver-el-sueno-con-la-salud-mental\/","og_locale":"es_ES","og_type":"article","og_title":"O que o sono tem a ver com a sa\u00fade mental?","og_description":"A maioria das pessoas j\u00e1 teve um epis\u00f3dio de ins\u00f4nia na vida. Ela \u00e9 um dos dist\u00farbios de sono mais comuns e, de acordo com a Associa\u00e7\u00e3o Brasileira do Sono (ABS), um em cada tr\u00eas brasileiros sofre dessa condi\u00e7\u00e3o. A ins\u00f4nia caracteriza-se pela dificuldade em pegar no sono ou manter sono cont\u00ednuo durante a noite. [&hellip;]","og_url":"https:\/\/www.biolabeco.com.br\/es\/blog\/prevencion-e-inmunidad\/que-tiene-que-ver-el-sueno-con-la-salud-mental\/","og_site_name":"Biolab &amp; Co","article_published_time":"2025-02-10T18:59:03+00:00","article_modified_time":"2025-12-09T17:49:15+00:00","og_image":[{"width":1200,"height":436,"url":"https:\/\/www.biolabeco.com.br\/wp-content\/uploads\/2025\/02\/Banner-Blog-Viver-Bem-O-que-o-sono-tem-a-ver-com-a-saude-mental.png.webp","type":"image\/webp"}],"author":"Yasmim Botelho","twitter_card":"summary_large_image","twitter_misc":{"Written by":"Yasmim Botelho","Est. reading time":"4 minutes"},"schema":{"@context":"https:\/\/schema.org","@graph":[{"@type":"WebPage","@id":"https:\/\/www.biolabeco.com.br\/blog\/prevencao-e-imunidade\/o-que-o-sono-tem-a-ver-com-a-saude-mental\/","url":"https:\/\/www.biolabeco.com.br\/blog\/prevencao-e-imunidade\/o-que-o-sono-tem-a-ver-com-a-saude-mental\/","name":"\u00bfQu\u00e9 tiene que ver el sue\u00f1o con la salud mental? - Biolab &amp; Co","isPartOf":{"@id":"https:\/\/www.biolabeco.com.br\/#website"},"primaryImageOfPage":{"@id":"https:\/\/www.biolabeco.com.br\/blog\/prevencao-e-imunidade\/o-que-o-sono-tem-a-ver-com-a-saude-mental\/#primaryimage"},"image":{"@id":"https:\/\/www.biolabeco.com.br\/blog\/prevencao-e-imunidade\/o-que-o-sono-tem-a-ver-com-a-saude-mental\/#primaryimage"},"thumbnailUrl":"https:\/\/www.biolabeco.com.br\/wp-content\/uploads\/2025\/02\/Banner-Blog-Viver-Bem-O-que-o-sono-tem-a-ver-com-a-saude-mental.png.webp","datePublished":"2025-02-10T18:59:03+00:00","dateModified":"2025-12-09T17:49:15+00:00","author":{"@id":"https:\/\/www.biolabeco.com.br\/#\/schema\/person\/bb07d50e32d20028751837031a066fac"},"breadcrumb":{"@id":"https:\/\/www.biolabeco.com.br\/blog\/prevencao-e-imunidade\/o-que-o-sono-tem-a-ver-com-a-saude-mental\/#breadcrumb"},"inLanguage":"es-ES","potentialAction":[{"@type":"ReadAction","target":["https:\/\/www.biolabeco.com.br\/blog\/prevencao-e-imunidade\/o-que-o-sono-tem-a-ver-com-a-saude-mental\/"]}]},{"@type":"ImageObject","inLanguage":"es-ES","@id":"https:\/\/www.biolabeco.com.br\/blog\/prevencao-e-imunidade\/o-que-o-sono-tem-a-ver-com-a-saude-mental\/#primaryimage","url":"https:\/\/www.biolabeco.com.br\/wp-content\/uploads\/2025\/02\/Banner-Blog-Viver-Bem-O-que-o-sono-tem-a-ver-com-a-saude-mental.png.webp","contentUrl":"https:\/\/www.biolabeco.com.br\/wp-content\/uploads\/2025\/02\/Banner-Blog-Viver-Bem-O-que-o-sono-tem-a-ver-com-a-saude-mental.png.webp","width":1200,"height":436},{"@type":"BreadcrumbList","@id":"https:\/\/www.biolabeco.com.br\/blog\/prevencao-e-imunidade\/o-que-o-sono-tem-a-ver-com-a-saude-mental\/#breadcrumb","itemListElement":[{"@type":"ListItem","position":1,"name":"Home","item":"https:\/\/www.biolabeco.com.br\/"},{"@type":"ListItem","position":2,"name":"O que o sono tem a ver com a sa\u00fade mental?"}]},{"@type":"WebSite","@id":"https:\/\/www.biolabeco.com.br\/#website","url":"https:\/\/www.biolabeco.com.br\/","name":"biolaboratorio","description":"En Biolab &amp; Co, la ciencia y el cuidado van de la mano. Descubra c\u00f3mo promovemos la salud con responsabilidad socioambiental y tecnolog\u00eda.","potentialAction":[{"@type":"SearchAction","target":{"@type":"EntryPoint","urlTemplate":"https:\/\/www.biolabeco.com.br\/?s={search_term_string}"},"query-input":{"@type":"PropertyValueSpecification","valueRequired":true,"valueName":"search_term_string"}}],"inLanguage":"es-ES"},{"@type":"Person","@id":"https:\/\/www.biolabeco.com.br\/#\/schema\/person\/bb07d50e32d20028751837031a066fac","name":"Yasmim Botelho","image":{"@type":"ImageObject","inLanguage":"es-ES","@id":"https:\/\/www.biolabeco.com.br\/#\/schema\/person\/image\/","url":"https:\/\/secure.gravatar.com\/avatar\/9d0fea0daa82eb99e89f9f8c0e5ab7f7?s=96&d=mm&r=g","contentUrl":"https:\/\/secure.gravatar.com\/avatar\/9d0fea0daa82eb99e89f9f8c0e5ab7f7?s=96&d=mm&r=g","caption":"Yasmim Botelho"},"url":"https:\/\/www.biolabeco.com.br\/es\/author\/yalves\/"}]}},"_links":{"self":[{"href":"https:\/\/www.biolabeco.com.br\/es\/wp-json\/wp\/v2\/posts\/14925"}],"collection":[{"href":"https:\/\/www.biolabeco.com.br\/es\/wp-json\/wp\/v2\/posts"}],"about":[{"href":"https:\/\/www.biolabeco.com.br\/es\/wp-json\/wp\/v2\/types\/post"}],"author":[{"embeddable":true,"href":"https:\/\/www.biolabeco.com.br\/es\/wp-json\/wp\/v2\/users\/7"}],"replies":[{"embeddable":true,"href":"https:\/\/www.biolabeco.com.br\/es\/wp-json\/wp\/v2\/comments?post=14925"}],"version-history":[{"count":1,"href":"https:\/\/www.biolabeco.com.br\/es\/wp-json\/wp\/v2\/posts\/14925\/revisions"}],"predecessor-version":[{"id":14982,"href":"https:\/\/www.biolabeco.com.br\/es\/wp-json\/wp\/v2\/posts\/14925\/revisions\/14982"}],"wp:featuredmedia":[{"embeddable":true,"href":"https:\/\/www.biolabeco.com.br\/es\/wp-json\/wp\/v2\/media\/14981"}],"wp:attachment":[{"href":"https:\/\/www.biolabeco.com.br\/es\/wp-json\/wp\/v2\/media?parent=14925"}],"wp:term":[{"taxonomy":"category","embeddable":true,"href":"https:\/\/www.biolabeco.com.br\/es\/wp-json\/wp\/v2\/categories?post=14925"},{"taxonomy":"post_tag","embeddable":true,"href":"https:\/\/www.biolabeco.com.br\/es\/wp-json\/wp\/v2\/tags?post=14925"}],"curies":[{"name":"wp","href":"https:\/\/api.w.org\/{rel}","templated":true}]}}