{"id":15010,"date":"2025-10-06T14:56:00","date_gmt":"2025-10-06T17:56:00","guid":{"rendered":"https:\/\/www.biolabfarma.com.br\/?p=15010"},"modified":"2025-12-09T14:59:23","modified_gmt":"2025-12-09T17:59:23","slug":"de-la-infancia-a-la-adolescencia-el-papel-del-ejercicio-fisico-en-un-crecimiento-sano","status":"publish","type":"post","link":"https:\/\/www.biolabeco.com.br\/es\/blog\/mobilidade-e-atividade-fisica\/da-infancia-a-adolescencia-o-papel-do-exercicio-fisico-no-crescimento-saudavel\/","title":{"rendered":"De la infancia a la adolescencia, el papel del ejercicio f\u00edsico en el crecimiento saludable"},"content":{"rendered":"<p>Cuando se trata de la salud de los ni\u00f1os, es natural que surjan muchas preguntas, y la actividad f\u00edsica es una de las m\u00e1s comunes. Despu\u00e9s de todo, \u00bfexiste el deporte adecuado para cada edad? \u00bfY el entrenamiento con pesas: se puede empezar pronto o es demasiado pronto?<br>Estas cuestiones est\u00e1n cada vez m\u00e1s presentes en el d\u00eda a d\u00eda de padres y cuidadores que quieren garantizar lo mejor para el crecimiento saludable de ni\u00f1os y adolescentes. Pensando en ello, la Sociedad Brasile\u00f1a de Pediatr\u00eda (SBP) lanz\u00f3 recientemente un documento para orientar a las familias y a los profesionales de la salud sobre los cuidados y beneficios de la pr\u00e1ctica de ejercicio f\u00edsico desde una edad temprana.<\/p>\n\n\n\n<p><strong>El culturismo en la infancia y la adolescencia<br><\/strong><br>Una de las mayores preocupaciones es el entrenamiento de resistencia, como el culturismo. Durante mucho tiempo se crey\u00f3 que estas pr\u00e1cticas pod\u00edan perjudicar el crecimiento o poner en peligro la salud \u00f3sea de ni\u00f1os y adolescentes. Sin embargo, el consenso cient\u00edfico actual es que tanto la infancia como la adolescencia son periodos importantes para el modelado y la remodelaci\u00f3n \u00f3sea. Cuando se orienta adecuadamente, el entrenamiento con pesas no s\u00f3lo no obstaculiza el crecimiento del ni\u00f1o, sino que tambi\u00e9n aporta beneficios al desarrollo motor, la autoestima y el bienestar psicol\u00f3gico.<br>Seg\u00fan la SBP, estas actividades pueden iniciarse a partir de los 8 a\u00f1os, utilizando pesos libres de hasta 15 kg, durante un m\u00e1ximo de 30 minutos y no m\u00e1s de 3 veces por semana. Es esencial que haya supervisi\u00f3n profesional y que el entrenamiento se combine con ejercicio aer\u00f3bico, como correr, montar en bicicleta o en cinta.<br>Como cualquier actividad f\u00edsica, cuando se realiza de forma inadecuada o sin respetar la edad, el estado de salud y el nivel de desarrollo, puede entra\u00f1ar riesgos. Entre ellos, fracturas, tendinitis, escoliosis e incluso alteraciones menstruales en adolescentes. Por eso es esencial la supervisi\u00f3n profesional y la atenci\u00f3n a las recomendaciones m\u00e9dicas.<\/p>\n\n\n\n<p><strong>Recomendaciones de la Sociedad Brasile\u00f1a de Pediatr\u00eda<\/strong><\/p>\n\n\n\n<ul>\n<li>De 0 a 2 a\u00f1os: los ni\u00f1os que ya caminan deben mantenerse activos todos los d\u00edas durante al menos 180 minutos, en actividades ligeras (como gatear, rodar y jugar) o m\u00e1s en\u00e9rgicas (como saltar, correr, brincar). El tiempo de pantalla debe ser cero.<\/li>\n\n\n\n<li>De 3 a 5 a\u00f1os: los ni\u00f1os deben acumular al menos 180 minutos de actividad f\u00edsica a lo largo del d\u00eda, que puede incluir juegos activos, montar en bicicleta, juegos acu\u00e1ticos y deportes de pelota.<\/li>\n\n\n\n<li>De 6 a 19 a\u00f1os: es necesario practicar al menos 60 minutos diarios de actividad f\u00edsica de moderada a vigorosa, como montar en bicicleta, nadar, correr y jugar en el gimnasio. Deben incluirse actividades de fortalecimiento muscular y \u00f3seo, as\u00ed como ejercicios de flexibilidad, al menos 3 veces por semana.<\/li>\n<\/ul>\n\n\n\n<p>A <a href=\"https:\/\/www.biolabemcasa.com.br\/mobilidade-e-o-impacto-do-movimento-na-expectativa-de-vida\/\" target=\"_blank\" rel=\"noreferrer noopener\">actividad f\u00edsica<\/a>Cuando respeta cada etapa del desarrollo, es una poderosa herramienta para promover la salud, el bienestar y la calidad de vida. M\u00e1s que el cuidado f\u00edsico, tambi\u00e9n favorece el equilibrio emocional y social de ni\u00f1os y adolescentes. Por eso, fomentar el movimiento desde una edad temprana es una inversi\u00f3n en la salud presente y futura.<\/p>\n\n\n\n<p><em>Fuente: https:\/\/www.sbp.com.br\/imprensa\/detalhe\/news\/criancas-e-adolescentes-podem-fazer-musculacao-pediatras-explicam-os-impactos-das-atividades-fisica\/<\/em><br><em>https:\/\/www.sbp.com.br\/fileadmin\/user_upload\/sbp\/2025\/maio\/12\/24845d-DC_-_Impacto_esporte_e_AtiviFisica_sobre_crescim_e_desenvol.pdf<\/em><\/p>","protected":false},"excerpt":{"rendered":"<p>Quando o assunto \u00e9 sa\u00fade dos filhos, \u00e9 natural que surjam muitas d\u00favidas \u2014 e a atividade f\u00edsica est\u00e1 entre as mais comuns. Afinal, ser\u00e1 que existe o esporte certo para cada idade? E a muscula\u00e7\u00e3o, pode-se come\u00e7ar a pratic\u00e1-la cedo ou ainda \u00e9 prematuro demais?Essas quest\u00f5es est\u00e3o cada vez mais presentes no dia a [&hellip;]<\/p>\n","protected":false},"author":7,"featured_media":15011,"comment_status":"open","ping_status":"open","sticky":false,"template":"","format":"standard","meta":{"_acf_changed":false,"footnotes":""},"categories":[1620,1614,1616],"tags":[],"acf":[],"yoast_head":"<!-- This site is optimized with the Yoast SEO Premium plugin v24.4 (Yoast SEO v24.4) - https:\/\/yoast.com\/wordpress\/plugins\/seo\/ -->\n<title>Da inf\u00e2ncia \u00e0 adolesc\u00eancia, o papel do exerc\u00edcio f\u00edsico no crescimento saud\u00e1vel - Biolab &amp; Co<\/title>\n<meta name=\"robots\" content=\"index, follow, max-snippet:-1, max-image-preview:large, max-video-preview:-1\" \/>\n<link rel=\"canonical\" href=\"https:\/\/www.biolabeco.com.br\/es\/blog\/movilidad-y-actividad-fisica\/de-la-infancia-a-la-adolescencia-el-papel-del-ejercicio-fisico-en-un-crecimiento-sano\/\" \/>\n<meta property=\"og:locale\" content=\"es_ES\" \/>\n<meta property=\"og:type\" content=\"article\" \/>\n<meta property=\"og:title\" content=\"Da inf\u00e2ncia \u00e0 adolesc\u00eancia, o papel do exerc\u00edcio f\u00edsico no crescimento saud\u00e1vel\" \/>\n<meta property=\"og:description\" content=\"Quando o assunto \u00e9 sa\u00fade dos filhos, \u00e9 natural que surjam muitas d\u00favidas \u2014 e a atividade f\u00edsica est\u00e1 entre as mais comuns. Afinal, ser\u00e1 que existe o esporte certo para cada idade? E a muscula\u00e7\u00e3o, pode-se come\u00e7ar a pratic\u00e1-la cedo ou ainda \u00e9 prematuro demais?Essas quest\u00f5es est\u00e3o cada vez mais presentes no dia a [&hellip;]\" \/>\n<meta property=\"og:url\" content=\"https:\/\/www.biolabeco.com.br\/es\/blog\/movilidad-y-actividad-fisica\/de-la-infancia-a-la-adolescencia-el-papel-del-ejercicio-fisico-en-un-crecimiento-sano\/\" \/>\n<meta property=\"og:site_name\" content=\"Biolab &amp; Co\" \/>\n<meta property=\"article:published_time\" content=\"2025-10-06T17:56:00+00:00\" \/>\n<meta property=\"article:modified_time\" content=\"2025-12-09T17:59:23+00:00\" \/>\n<meta property=\"og:image\" content=\"https:\/\/www.biolabeco.com.br\/wp-content\/uploads\/2025\/12\/iStock-1587893368.jpg.webp\" \/>\n\t<meta property=\"og:image:width\" content=\"1254\" \/>\n\t<meta property=\"og:image:height\" content=\"613\" \/>\n\t<meta property=\"og:image:type\" content=\"image\/webp\" \/>\n<meta name=\"author\" content=\"Yasmim Botelho\" \/>\n<meta name=\"twitter:card\" content=\"summary_large_image\" \/>\n<meta name=\"twitter:label1\" content=\"Written by\" \/>\n\t<meta name=\"twitter:data1\" content=\"Yasmim Botelho\" \/>\n\t<meta name=\"twitter:label2\" content=\"Est. reading time\" \/>\n\t<meta name=\"twitter:data2\" content=\"3 minutes\" \/>\n<script type=\"application\/ld+json\" class=\"yoast-schema-graph\">{\"@context\":\"https:\/\/schema.org\",\"@graph\":[{\"@type\":\"WebPage\",\"@id\":\"https:\/\/www.biolabeco.com.br\/blog\/mobilidade-e-atividade-fisica\/da-infancia-a-adolescencia-o-papel-do-exercicio-fisico-no-crescimento-saudavel\/\",\"url\":\"https:\/\/www.biolabeco.com.br\/blog\/mobilidade-e-atividade-fisica\/da-infancia-a-adolescencia-o-papel-do-exercicio-fisico-no-crescimento-saudavel\/\",\"name\":\"Da inf\u00e2ncia \u00e0 adolesc\u00eancia, o papel do exerc\u00edcio f\u00edsico no crescimento saud\u00e1vel - Biolab &amp; Co\",\"isPartOf\":{\"@id\":\"https:\/\/www.biolabeco.com.br\/#website\"},\"primaryImageOfPage\":{\"@id\":\"https:\/\/www.biolabeco.com.br\/blog\/mobilidade-e-atividade-fisica\/da-infancia-a-adolescencia-o-papel-do-exercicio-fisico-no-crescimento-saudavel\/#primaryimage\"},\"image\":{\"@id\":\"https:\/\/www.biolabeco.com.br\/blog\/mobilidade-e-atividade-fisica\/da-infancia-a-adolescencia-o-papel-do-exercicio-fisico-no-crescimento-saudavel\/#primaryimage\"},\"thumbnailUrl\":\"https:\/\/www.biolabeco.com.br\/wp-content\/uploads\/2025\/12\/iStock-1587893368.jpg.webp\",\"datePublished\":\"2025-10-06T17:56:00+00:00\",\"dateModified\":\"2025-12-09T17:59:23+00:00\",\"author\":{\"@id\":\"https:\/\/www.biolabeco.com.br\/#\/schema\/person\/bb07d50e32d20028751837031a066fac\"},\"breadcrumb\":{\"@id\":\"https:\/\/www.biolabeco.com.br\/blog\/mobilidade-e-atividade-fisica\/da-infancia-a-adolescencia-o-papel-do-exercicio-fisico-no-crescimento-saudavel\/#breadcrumb\"},\"inLanguage\":\"es-ES\",\"potentialAction\":[{\"@type\":\"ReadAction\",\"target\":[\"https:\/\/www.biolabeco.com.br\/blog\/mobilidade-e-atividade-fisica\/da-infancia-a-adolescencia-o-papel-do-exercicio-fisico-no-crescimento-saudavel\/\"]}]},{\"@type\":\"ImageObject\",\"inLanguage\":\"es-ES\",\"@id\":\"https:\/\/www.biolabeco.com.br\/blog\/mobilidade-e-atividade-fisica\/da-infancia-a-adolescencia-o-papel-do-exercicio-fisico-no-crescimento-saudavel\/#primaryimage\",\"url\":\"https:\/\/www.biolabeco.com.br\/wp-content\/uploads\/2025\/12\/iStock-1587893368.jpg.webp\",\"contentUrl\":\"https:\/\/www.biolabeco.com.br\/wp-content\/uploads\/2025\/12\/iStock-1587893368.jpg.webp\",\"width\":1254,\"height\":613},{\"@type\":\"BreadcrumbList\",\"@id\":\"https:\/\/www.biolabeco.com.br\/blog\/mobilidade-e-atividade-fisica\/da-infancia-a-adolescencia-o-papel-do-exercicio-fisico-no-crescimento-saudavel\/#breadcrumb\",\"itemListElement\":[{\"@type\":\"ListItem\",\"position\":1,\"name\":\"Home\",\"item\":\"https:\/\/www.biolabeco.com.br\/\"},{\"@type\":\"ListItem\",\"position\":2,\"name\":\"Da inf\u00e2ncia \u00e0 adolesc\u00eancia, o papel do exerc\u00edcio f\u00edsico no crescimento saud\u00e1vel\"}]},{\"@type\":\"WebSite\",\"@id\":\"https:\/\/www.biolabeco.com.br\/#website\",\"url\":\"https:\/\/www.biolabeco.com.br\/\",\"name\":\"Biolab\",\"description\":\"Na Biolab &amp; Co, ci\u00eancia e cuidado caminham juntos. Saiba como promovemos sa\u00fade com responsabilidade socioambiental e tecnologia.\",\"potentialAction\":[{\"@type\":\"SearchAction\",\"target\":{\"@type\":\"EntryPoint\",\"urlTemplate\":\"https:\/\/www.biolabeco.com.br\/?s={search_term_string}\"},\"query-input\":{\"@type\":\"PropertyValueSpecification\",\"valueRequired\":true,\"valueName\":\"search_term_string\"}}],\"inLanguage\":\"es-ES\"},{\"@type\":\"Person\",\"@id\":\"https:\/\/www.biolabeco.com.br\/#\/schema\/person\/bb07d50e32d20028751837031a066fac\",\"name\":\"Yasmim Botelho\",\"image\":{\"@type\":\"ImageObject\",\"inLanguage\":\"es-ES\",\"@id\":\"https:\/\/www.biolabeco.com.br\/#\/schema\/person\/image\/\",\"url\":\"https:\/\/secure.gravatar.com\/avatar\/9d0fea0daa82eb99e89f9f8c0e5ab7f7?s=96&d=mm&r=g\",\"contentUrl\":\"https:\/\/secure.gravatar.com\/avatar\/9d0fea0daa82eb99e89f9f8c0e5ab7f7?s=96&d=mm&r=g\",\"caption\":\"Yasmim Botelho\"},\"url\":\"https:\/\/www.biolabeco.com.br\/es\/author\/yalves\/\"}]}<\/script>\n<!-- \/ Yoast SEO Premium plugin. -->","yoast_head_json":{"title":"De la infancia a la adolescencia, el papel del ejercicio f\u00edsico en el crecimiento saludable - Biolab &amp; Co","robots":{"index":"index","follow":"follow","max-snippet":"max-snippet:-1","max-image-preview":"max-image-preview:large","max-video-preview":"max-video-preview:-1"},"canonical":"https:\/\/www.biolabeco.com.br\/es\/blog\/movilidad-y-actividad-fisica\/de-la-infancia-a-la-adolescencia-el-papel-del-ejercicio-fisico-en-un-crecimiento-sano\/","og_locale":"es_ES","og_type":"article","og_title":"Da inf\u00e2ncia \u00e0 adolesc\u00eancia, o papel do exerc\u00edcio f\u00edsico no crescimento saud\u00e1vel","og_description":"Quando o assunto \u00e9 sa\u00fade dos filhos, \u00e9 natural que surjam muitas d\u00favidas \u2014 e a atividade f\u00edsica est\u00e1 entre as mais comuns. Afinal, ser\u00e1 que existe o esporte certo para cada idade? E a muscula\u00e7\u00e3o, pode-se come\u00e7ar a pratic\u00e1-la cedo ou ainda \u00e9 prematuro demais?Essas quest\u00f5es est\u00e3o cada vez mais presentes no dia a [&hellip;]","og_url":"https:\/\/www.biolabeco.com.br\/es\/blog\/movilidad-y-actividad-fisica\/de-la-infancia-a-la-adolescencia-el-papel-del-ejercicio-fisico-en-un-crecimiento-sano\/","og_site_name":"Biolab &amp; Co","article_published_time":"2025-10-06T17:56:00+00:00","article_modified_time":"2025-12-09T17:59:23+00:00","og_image":[{"width":1254,"height":613,"url":"https:\/\/www.biolabeco.com.br\/wp-content\/uploads\/2025\/12\/iStock-1587893368.jpg.webp","type":"image\/webp"}],"author":"Yasmim Botelho","twitter_card":"summary_large_image","twitter_misc":{"Written by":"Yasmim Botelho","Est. reading time":"3 minutes"},"schema":{"@context":"https:\/\/schema.org","@graph":[{"@type":"WebPage","@id":"https:\/\/www.biolabeco.com.br\/blog\/mobilidade-e-atividade-fisica\/da-infancia-a-adolescencia-o-papel-do-exercicio-fisico-no-crescimento-saudavel\/","url":"https:\/\/www.biolabeco.com.br\/blog\/mobilidade-e-atividade-fisica\/da-infancia-a-adolescencia-o-papel-do-exercicio-fisico-no-crescimento-saudavel\/","name":"De la infancia a la adolescencia, el papel del ejercicio f\u00edsico en el crecimiento saludable - Biolab &amp; Co","isPartOf":{"@id":"https:\/\/www.biolabeco.com.br\/#website"},"primaryImageOfPage":{"@id":"https:\/\/www.biolabeco.com.br\/blog\/mobilidade-e-atividade-fisica\/da-infancia-a-adolescencia-o-papel-do-exercicio-fisico-no-crescimento-saudavel\/#primaryimage"},"image":{"@id":"https:\/\/www.biolabeco.com.br\/blog\/mobilidade-e-atividade-fisica\/da-infancia-a-adolescencia-o-papel-do-exercicio-fisico-no-crescimento-saudavel\/#primaryimage"},"thumbnailUrl":"https:\/\/www.biolabeco.com.br\/wp-content\/uploads\/2025\/12\/iStock-1587893368.jpg.webp","datePublished":"2025-10-06T17:56:00+00:00","dateModified":"2025-12-09T17:59:23+00:00","author":{"@id":"https:\/\/www.biolabeco.com.br\/#\/schema\/person\/bb07d50e32d20028751837031a066fac"},"breadcrumb":{"@id":"https:\/\/www.biolabeco.com.br\/blog\/mobilidade-e-atividade-fisica\/da-infancia-a-adolescencia-o-papel-do-exercicio-fisico-no-crescimento-saudavel\/#breadcrumb"},"inLanguage":"es-ES","potentialAction":[{"@type":"ReadAction","target":["https:\/\/www.biolabeco.com.br\/blog\/mobilidade-e-atividade-fisica\/da-infancia-a-adolescencia-o-papel-do-exercicio-fisico-no-crescimento-saudavel\/"]}]},{"@type":"ImageObject","inLanguage":"es-ES","@id":"https:\/\/www.biolabeco.com.br\/blog\/mobilidade-e-atividade-fisica\/da-infancia-a-adolescencia-o-papel-do-exercicio-fisico-no-crescimento-saudavel\/#primaryimage","url":"https:\/\/www.biolabeco.com.br\/wp-content\/uploads\/2025\/12\/iStock-1587893368.jpg.webp","contentUrl":"https:\/\/www.biolabeco.com.br\/wp-content\/uploads\/2025\/12\/iStock-1587893368.jpg.webp","width":1254,"height":613},{"@type":"BreadcrumbList","@id":"https:\/\/www.biolabeco.com.br\/blog\/mobilidade-e-atividade-fisica\/da-infancia-a-adolescencia-o-papel-do-exercicio-fisico-no-crescimento-saudavel\/#breadcrumb","itemListElement":[{"@type":"ListItem","position":1,"name":"Home","item":"https:\/\/www.biolabeco.com.br\/"},{"@type":"ListItem","position":2,"name":"Da inf\u00e2ncia \u00e0 adolesc\u00eancia, o papel do exerc\u00edcio f\u00edsico no crescimento saud\u00e1vel"}]},{"@type":"WebSite","@id":"https:\/\/www.biolabeco.com.br\/#website","url":"https:\/\/www.biolabeco.com.br\/","name":"biolaboratorio","description":"En Biolab &amp; Co, la ciencia y el cuidado van de la mano. Descubra c\u00f3mo promovemos la salud con responsabilidad socioambiental y tecnolog\u00eda.","potentialAction":[{"@type":"SearchAction","target":{"@type":"EntryPoint","urlTemplate":"https:\/\/www.biolabeco.com.br\/?s={search_term_string}"},"query-input":{"@type":"PropertyValueSpecification","valueRequired":true,"valueName":"search_term_string"}}],"inLanguage":"es-ES"},{"@type":"Person","@id":"https:\/\/www.biolabeco.com.br\/#\/schema\/person\/bb07d50e32d20028751837031a066fac","name":"Yasmim Botelho","image":{"@type":"ImageObject","inLanguage":"es-ES","@id":"https:\/\/www.biolabeco.com.br\/#\/schema\/person\/image\/","url":"https:\/\/secure.gravatar.com\/avatar\/9d0fea0daa82eb99e89f9f8c0e5ab7f7?s=96&d=mm&r=g","contentUrl":"https:\/\/secure.gravatar.com\/avatar\/9d0fea0daa82eb99e89f9f8c0e5ab7f7?s=96&d=mm&r=g","caption":"Yasmim Botelho"},"url":"https:\/\/www.biolabeco.com.br\/es\/author\/yalves\/"}]}},"_links":{"self":[{"href":"https:\/\/www.biolabeco.com.br\/es\/wp-json\/wp\/v2\/posts\/15010"}],"collection":[{"href":"https:\/\/www.biolabeco.com.br\/es\/wp-json\/wp\/v2\/posts"}],"about":[{"href":"https:\/\/www.biolabeco.com.br\/es\/wp-json\/wp\/v2\/types\/post"}],"author":[{"embeddable":true,"href":"https:\/\/www.biolabeco.com.br\/es\/wp-json\/wp\/v2\/users\/7"}],"replies":[{"embeddable":true,"href":"https:\/\/www.biolabeco.com.br\/es\/wp-json\/wp\/v2\/comments?post=15010"}],"version-history":[{"count":1,"href":"https:\/\/www.biolabeco.com.br\/es\/wp-json\/wp\/v2\/posts\/15010\/revisions"}],"predecessor-version":[{"id":15012,"href":"https:\/\/www.biolabeco.com.br\/es\/wp-json\/wp\/v2\/posts\/15010\/revisions\/15012"}],"wp:featuredmedia":[{"embeddable":true,"href":"https:\/\/www.biolabeco.com.br\/es\/wp-json\/wp\/v2\/media\/15011"}],"wp:attachment":[{"href":"https:\/\/www.biolabeco.com.br\/es\/wp-json\/wp\/v2\/media?parent=15010"}],"wp:term":[{"taxonomy":"category","embeddable":true,"href":"https:\/\/www.biolabeco.com.br\/es\/wp-json\/wp\/v2\/categories?post=15010"},{"taxonomy":"post_tag","embeddable":true,"href":"https:\/\/www.biolabeco.com.br\/es\/wp-json\/wp\/v2\/tags?post=15010"}],"curies":[{"name":"wp","href":"https:\/\/api.w.org\/{rel}","templated":true}]}}