{"id":15611,"date":"2026-01-29T08:31:49","date_gmt":"2026-01-29T11:31:49","guid":{"rendered":"https:\/\/www.biolabfarma.com.br\/?p=15611"},"modified":"2026-01-29T08:31:50","modified_gmt":"2026-01-29T11:31:50","slug":"como-afectan-a-la-piel-y-al-cabello-los-habitos-de-nutricion-y-suplementacion","status":"publish","type":"post","link":"https:\/\/www.biolabeco.com.br\/es\/blog\/pele-e-cuidados\/como-habitos-nutricao-e-suplementacao-impactam-a-pele-e-os-cabelos\/","title":{"rendered":"\u00bfC\u00f3mo influyen los h\u00e1bitos, la nutrici\u00f3n y la suplementaci\u00f3n en la piel y el cabello?"},"content":{"rendered":"<p>\u00bfSe ha dado cuenta de que la salud de su piel y su cabello influye directamente en c\u00f3mo se siente?<br>La relaci\u00f3n entre el aspecto f\u00edsico y el bienestar emocional es profunda. La insatisfacci\u00f3n con la imagen corporal puede afectar a la autoestima, aumentar la ansiedad e incluso conducir al aislamiento social.<br>La piel y el pelo no s\u00f3lo sirven para proteger el cuerpo. Forman parte de nuestra identidad, de nuestra percepci\u00f3n de nosotros mismos y de nuestra manera de relacionarnos con el mundo. Por eso cuidarlos es tambi\u00e9n una forma de cuidar la mente.<br>Con el tiempo, el envejecimiento se produce, y esto es natural. Factores internos, como la gen\u00e9tica y las hormonas, y externos, como la exposici\u00f3n al sol, la contaminaci\u00f3n y los h\u00e1bitos de vida, afectan directamente a estas estructuras. Comprender estos cambios es un paso esencial para el autocuidado y el mantenimiento de la calidad de vida con el paso de los a\u00f1os.<\/p>\n\n\n\n<h3 class=\"wp-block-heading\" id=\"h-o-que-e-flacidez-da-pele-e-por-que-ela-acontece\"><strong>\u00bfQu\u00e9 es la flacidez cut\u00e1nea y por qu\u00e9 se produce?<\/strong><\/h3>\n\n\n\n<p>La flacidez de la piel se debe principalmente a la p\u00e9rdida de col\u00e1geno y elastina, las prote\u00ednas responsables de la firmeza, sujeci\u00f3n y elasticidad de la piel.<br>\u00bfQu\u00e9 papel desempe\u00f1a el col\u00e1geno en la firmeza de la piel? El col\u00e1geno de tipo I representa alrededor del 80% de la estructura de la piel. Act\u00faa como una red de soporte que garantiza la resistencia y la firmeza.<br>A medida que envejecemos, la producci\u00f3n de esta prote\u00edna disminuye y sus fibras se rompen, dejando la piel m\u00e1s fina, menos el\u00e1stica y con aspecto fl\u00e1cido.<\/p>\n\n\n\n<h3 class=\"wp-block-heading\" id=\"h-quais-fatores-aceleram-a-flacidez\"><strong>\u00bfQu\u00e9 factores aceleran la flacidez?<\/strong><\/h3>\n\n\n\n<p>Adem\u00e1s del envejecimiento natural, algunos factores externos aceleran este proceso:<\/p>\n\n\n\n<ul>\n<li><strong>Exposici\u00f3n al sol:<\/strong> La radiaci\u00f3n ultravioleta (UV) estimula las enzimas que descomponen el col\u00e1geno existente en el organismo y dificulta la producci\u00f3n de nuevas fibras.<\/li>\n\n\n\n<li><strong>Estilo de vida sedentario:<\/strong> La p\u00e9rdida de masa muscular contribuye a la flacidez corporal y empeora el contorno de la piel.<\/li>\n\n\n\n<li><strong>Mala alimentaci\u00f3n y tabaquismo:<\/strong> aumentan el estr\u00e9s oxidativo, da\u00f1ando las fibras de sost\u00e9n de la piel.<\/li>\n\n\n\n<li><strong>P\u00e9rdida r\u00e1pida de peso:<\/strong> La p\u00e9rdida acelerada de peso puede dejar un exceso de piel, ya que las fibras el\u00e1sticas no siguen el ritmo de la r\u00e1pida reducci\u00f3n del volumen de grasa corporal.<br><\/li>\n<\/ul>\n\n\n\n<p><strong>Ca\u00edda y debilitamiento del cabello: \u00bfa qu\u00e9 se debe?<\/strong><\/p>\n\n\n\n<p>Al igual que la piel, el cabello sufre el llamado exposoma, que re\u00fane toda la exposici\u00f3n a factores como la radiaci\u00f3n solar, la contaminaci\u00f3n, el clima, el calor y los procedimientos qu\u00edmicos a lo largo de la vida.<br>Aunque la gen\u00e9tica influye en la predisposici\u00f3n a la ca\u00edda del cabello, los factores externos tienen un gran impacto en la calidad, la rotura y el brillo del cabello.<\/p>\n\n\n\n<h3 class=\"wp-block-heading\" id=\"h-o-que-mais-prejudica-a-saude-dos-cabelos-no-dia-a-dia\"><strong>\u00bfQu\u00e9 es lo que m\u00e1s perjudica a la salud capilar en el d\u00eda a d\u00eda?<\/strong><\/h3>\n\n\n\n<ul>\n<li><strong>Radiaci\u00f3n UV:<\/strong> degrada las prote\u00ednas del cabello, oxida la melanina, altera el color y reduce el brillo.<\/li>\n\n\n\n<li><strong>Contaminaci\u00f3n:<\/strong> Las part\u00edculas contaminantes aumentan la fricci\u00f3n, embotan el cabello y debilitan la cut\u00edcula.<\/li>\n\n\n\n<li><strong>Calor y qu\u00edmica:<\/strong> El uso excesivo de secadores, planchas y procedimientos qu\u00edmicos compromete la barrera protectora del cabello y favorece su rotura.<br><\/li>\n<\/ul>\n\n\n\n<h3 class=\"wp-block-heading\" id=\"h-a-suplementacao-ajuda-na-saude-da-pele-e-do-cabelo\"><strong>\u00bfAyudan los suplementos a la salud de la piel y el cabello?<\/strong><\/h3>\n\n\n\n<p>S\u00ed, la suplementaci\u00f3n puede ser un gran aliado para una piel y un cabello sanos, ya que aporta los nutrientes necesarios para que el organismo repare, fortalezca y mantenga estas estructuras.<\/p>\n\n\n\n<h3 class=\"wp-block-heading\" id=\"h-colageno-para-a-pele-o-que-dizem-os-estudos\"><strong>Col\u00e1geno para la piel: \u00bfqu\u00e9 dicen los estudios?<\/strong><\/h3>\n\n\n\n<p>Suplementaci\u00f3n con <strong>col\u00e1geno hidrolizado<\/strong> o <strong>p\u00e9ptidos de col\u00e1geno<\/strong> puede contribuir:<\/p>\n\n\n\n<ul>\n<li>mantener la elasticidad y la hidrataci\u00f3n de la piel;<\/li>\n\n\n\n<li>reducci\u00f3n de la aparici\u00f3n de arrugas y l\u00edneas de expresi\u00f3n;<\/li>\n\n\n\n<li>estimulaci\u00f3n de la producci\u00f3n natural de col\u00e1geno.<br><\/li>\n<\/ul>\n\n\n\n<h3 class=\"wp-block-heading\" id=\"h-vitaminas-e-minerais-essenciais-para-o-cabelo\"><strong>Vitaminas y minerales esenciales para el cabello<\/strong><\/h3>\n\n\n\n<p>Ciertos micronutrientes son esenciales para un cabello m\u00e1s fuerte y resistente:<\/p>\n\n\n\n<ul>\n<li><strong>Hierro:<\/strong> La deficiencia de ferritina es una de las causas m\u00e1s comunes de la ca\u00edda del cabello, especialmente en las mujeres.<\/li>\n\n\n\n<li><strong>Zinc:<\/strong> act\u00faa sobre la protecci\u00f3n antioxidante y el crecimiento del fol\u00edculo piloso.<\/li>\n\n\n\n<li><strong>Biotina (vitamina B<\/strong><strong><sub>7<\/sub><\/strong><strong>) y silicio:<\/strong> ayudan a formar la estructura del tallo capilar, reduciendo la rotura y la fragilidad.<\/li>\n\n\n\n<li><strong>Vitamina D:<\/strong> es esencial para el ciclo de crecimiento del cabello y una carencia de este nutriente puede asociarse a la ca\u00edda del cabello.<\/li>\n<\/ul>\n\n\n\n<p>\u00bfQuiere saber c\u00f3mo puede influir el estr\u00e9s en la salud de su piel? Lea tambi\u00e9n <a href=\"https:\/\/www.biolabfarma.com.br\/saude-geral\/sua-pele-sente-tudo-os-sintomas-do-estresse-que-vao-alem-da-mente\/\">Tu piel lo siente todo.<\/a><\/p>\n\n\n\n<h3 class=\"wp-block-heading\" id=\"h-cuidar-hoje-para-se-sentir-melhor-amanha\"><strong>Cu\u00eddate hoy para sentirte mejor ma\u00f1ana<\/strong><\/h3>\n\n\n\n<p>Invertir en una piel y un cabello sanos no es s\u00f3lo cuesti\u00f3n de est\u00e9tica. Se trata de mantener el buen funcionamiento de tu cuerpo, preservar tu autoestima y sentirte c\u00f3modo con el paso del tiempo.<br>Cada cuerpo tiene necesidades diferentes. Por eso, antes de empezar a tomar cualquier suplemento, lo mejor es hablar con un dermat\u00f3logo o farmac\u00e9utico, que podr\u00e1 aconsejarte sobre la mejor estrategia para tu rutina de autocuidado.<\/p>\n\n\n\n<p>Tu cuerpo cambia, pero tus cuidados pueden evolucionar contigo.<\/p>","protected":false},"excerpt":{"rendered":"<p>Voc\u00ea j\u00e1 percebeu como a sa\u00fade da pele e dos cabelos influencia diretamente a forma como voc\u00ea se sente?A rela\u00e7\u00e3o entre apar\u00eancia e bem-estar emocional \u00e9 profunda. A insatisfa\u00e7\u00e3o com a imagem corporal pode impactar a autoestima, aumentar a ansiedade e at\u00e9 levar ao isolamento social.A pele e os cabelos n\u00e3o servem apenas como prote\u00e7\u00e3o [&hellip;]<\/p>\n","protected":false},"author":8,"featured_media":15612,"comment_status":"open","ping_status":"open","sticky":false,"template":"","format":"standard","meta":{"_acf_changed":false,"footnotes":""},"categories":[1619,1616],"tags":[1681,1680,1641,1682,1684,1683],"acf":[],"yoast_head":"<!-- This site is optimized with the Yoast SEO Premium plugin v24.4 (Yoast SEO v24.4) - https:\/\/yoast.com\/wordpress\/plugins\/seo\/ -->\n<title>H\u00e1bitos, nutri\u00e7\u00e3o e suplementa\u00e7\u00e3o impactam a pele e os cabelos?<\/title>\n<meta name=\"description\" content=\"Entenda como a flacidez da pele e a queda de cabelo surgem, quais fatores agravam esses problemas. Confira mais detalhes no Blog Viver Bem!\" \/>\n<meta name=\"robots\" content=\"index, follow, max-snippet:-1, max-image-preview:large, max-video-preview:-1\" \/>\n<link rel=\"canonical\" href=\"https:\/\/www.biolabeco.com.br\/es\/blog\/piel-y-cuidado\/como-afectan-a-la-piel-y-al-cabello-los-habitos-de-nutricion-y-suplementacion\/\" \/>\n<meta property=\"og:locale\" content=\"es_ES\" \/>\n<meta property=\"og:type\" content=\"article\" \/>\n<meta property=\"og:title\" content=\"Como h\u00e1bitos, nutri\u00e7\u00e3o e suplementa\u00e7\u00e3o impactam a pele e os cabelos?\" \/>\n<meta property=\"og:description\" content=\"Entenda como a flacidez da pele e a queda de cabelo surgem, quais fatores agravam esses problemas. Confira mais detalhes no Blog Viver Bem!\" \/>\n<meta property=\"og:url\" content=\"https:\/\/www.biolabeco.com.br\/es\/blog\/piel-y-cuidado\/como-afectan-a-la-piel-y-al-cabello-los-habitos-de-nutricion-y-suplementacion\/\" \/>\n<meta property=\"og:site_name\" content=\"Biolab &amp; Co\" \/>\n<meta property=\"article:published_time\" content=\"2026-01-29T11:31:49+00:00\" \/>\n<meta property=\"article:modified_time\" content=\"2026-01-29T11:31:50+00:00\" \/>\n<meta property=\"og:image\" content=\"https:\/\/www.biolabeco.com.br\/wp-content\/uploads\/2026\/01\/Banner-Blog-Viver-Bem_.jpg\" \/>\n\t<meta property=\"og:image:width\" content=\"896\" \/>\n\t<meta property=\"og:image:height\" content=\"570\" \/>\n\t<meta property=\"og:image:type\" content=\"image\/jpeg\" \/>\n<meta name=\"author\" content=\"Leordino Jesus\" \/>\n<meta name=\"twitter:card\" content=\"summary_large_image\" \/>\n<meta name=\"twitter:label1\" content=\"Written by\" \/>\n\t<meta name=\"twitter:data1\" content=\"Leordino Jesus\" \/>\n\t<meta name=\"twitter:label2\" content=\"Est. reading time\" \/>\n\t<meta name=\"twitter:data2\" content=\"5 minutes\" \/>\n<script type=\"application\/ld+json\" class=\"yoast-schema-graph\">{\"@context\":\"https:\/\/schema.org\",\"@graph\":[{\"@type\":\"WebPage\",\"@id\":\"https:\/\/www.biolabeco.com.br\/blog\/pele-e-cuidados\/como-habitos-nutricao-e-suplementacao-impactam-a-pele-e-os-cabelos\/\",\"url\":\"https:\/\/www.biolabeco.com.br\/blog\/pele-e-cuidados\/como-habitos-nutricao-e-suplementacao-impactam-a-pele-e-os-cabelos\/\",\"name\":\"H\u00e1bitos, nutri\u00e7\u00e3o e suplementa\u00e7\u00e3o impactam a pele e os cabelos?\",\"isPartOf\":{\"@id\":\"https:\/\/www.biolabeco.com.br\/#website\"},\"primaryImageOfPage\":{\"@id\":\"https:\/\/www.biolabeco.com.br\/blog\/pele-e-cuidados\/como-habitos-nutricao-e-suplementacao-impactam-a-pele-e-os-cabelos\/#primaryimage\"},\"image\":{\"@id\":\"https:\/\/www.biolabeco.com.br\/blog\/pele-e-cuidados\/como-habitos-nutricao-e-suplementacao-impactam-a-pele-e-os-cabelos\/#primaryimage\"},\"thumbnailUrl\":\"https:\/\/www.biolabeco.com.br\/wp-content\/uploads\/2026\/01\/Banner-Blog-Viver-Bem_.jpg\",\"datePublished\":\"2026-01-29T11:31:49+00:00\",\"dateModified\":\"2026-01-29T11:31:50+00:00\",\"author\":{\"@id\":\"https:\/\/www.biolabeco.com.br\/#\/schema\/person\/906e7e599c92880260b576358fd61395\"},\"description\":\"Entenda como a flacidez da pele e a queda de cabelo surgem, quais fatores agravam esses problemas. Confira mais detalhes no Blog Viver Bem!\",\"breadcrumb\":{\"@id\":\"https:\/\/www.biolabeco.com.br\/blog\/pele-e-cuidados\/como-habitos-nutricao-e-suplementacao-impactam-a-pele-e-os-cabelos\/#breadcrumb\"},\"inLanguage\":\"es-ES\",\"potentialAction\":[{\"@type\":\"ReadAction\",\"target\":[\"https:\/\/www.biolabeco.com.br\/blog\/pele-e-cuidados\/como-habitos-nutricao-e-suplementacao-impactam-a-pele-e-os-cabelos\/\"]}]},{\"@type\":\"ImageObject\",\"inLanguage\":\"es-ES\",\"@id\":\"https:\/\/www.biolabeco.com.br\/blog\/pele-e-cuidados\/como-habitos-nutricao-e-suplementacao-impactam-a-pele-e-os-cabelos\/#primaryimage\",\"url\":\"https:\/\/www.biolabeco.com.br\/wp-content\/uploads\/2026\/01\/Banner-Blog-Viver-Bem_.jpg\",\"contentUrl\":\"https:\/\/www.biolabeco.com.br\/wp-content\/uploads\/2026\/01\/Banner-Blog-Viver-Bem_.jpg\",\"width\":896,\"height\":570,\"caption\":\"Mulher de olhos fechados, com o rosto em dire\u00e7\u00e3o ao sol com pele saud\u00e1vel e cabelos bem cuidados, representando bem-estar e autoestima.\"},{\"@type\":\"BreadcrumbList\",\"@id\":\"https:\/\/www.biolabeco.com.br\/blog\/pele-e-cuidados\/como-habitos-nutricao-e-suplementacao-impactam-a-pele-e-os-cabelos\/#breadcrumb\",\"itemListElement\":[{\"@type\":\"ListItem\",\"position\":1,\"name\":\"Home\",\"item\":\"https:\/\/www.biolabeco.com.br\/\"},{\"@type\":\"ListItem\",\"position\":2,\"name\":\"Como h\u00e1bitos, nutri\u00e7\u00e3o e suplementa\u00e7\u00e3o impactam a pele e os cabelos?\"}]},{\"@type\":\"WebSite\",\"@id\":\"https:\/\/www.biolabeco.com.br\/#website\",\"url\":\"https:\/\/www.biolabeco.com.br\/\",\"name\":\"Biolab\",\"description\":\"Na Biolab &amp; Co, ci\u00eancia e cuidado caminham juntos. Saiba como promovemos sa\u00fade com responsabilidade socioambiental e tecnologia.\",\"potentialAction\":[{\"@type\":\"SearchAction\",\"target\":{\"@type\":\"EntryPoint\",\"urlTemplate\":\"https:\/\/www.biolabeco.com.br\/?s={search_term_string}\"},\"query-input\":{\"@type\":\"PropertyValueSpecification\",\"valueRequired\":true,\"valueName\":\"search_term_string\"}}],\"inLanguage\":\"es-ES\"},{\"@type\":\"Person\",\"@id\":\"https:\/\/www.biolabeco.com.br\/#\/schema\/person\/906e7e599c92880260b576358fd61395\",\"name\":\"Leordino Jesus\",\"image\":{\"@type\":\"ImageObject\",\"inLanguage\":\"es-ES\",\"@id\":\"https:\/\/www.biolabeco.com.br\/#\/schema\/person\/image\/\",\"url\":\"https:\/\/secure.gravatar.com\/avatar\/82d3fb1d5dc3704f31edfb58b057e37f?s=96&d=mm&r=g\",\"contentUrl\":\"https:\/\/secure.gravatar.com\/avatar\/82d3fb1d5dc3704f31edfb58b057e37f?s=96&d=mm&r=g\",\"caption\":\"Leordino Jesus\"},\"url\":\"https:\/\/www.biolabeco.com.br\/es\/author\/lepaula\/\"}]}<\/script>\n<!-- \/ Yoast SEO Premium plugin. -->","yoast_head_json":{"title":"\u00bfInfluyen los h\u00e1bitos, la alimentaci\u00f3n y la suplementaci\u00f3n en la piel y el cabello?","description":"Comprenda c\u00f3mo se produce la flacidez de la piel y la ca\u00edda del cabello y qu\u00e9 factores agravan estos problemas. \u00a1Consulte m\u00e1s detalles en el blog Viver Bem!","robots":{"index":"index","follow":"follow","max-snippet":"max-snippet:-1","max-image-preview":"max-image-preview:large","max-video-preview":"max-video-preview:-1"},"canonical":"https:\/\/www.biolabeco.com.br\/es\/blog\/piel-y-cuidado\/como-afectan-a-la-piel-y-al-cabello-los-habitos-de-nutricion-y-suplementacion\/","og_locale":"es_ES","og_type":"article","og_title":"Como h\u00e1bitos, nutri\u00e7\u00e3o e suplementa\u00e7\u00e3o impactam a pele e os cabelos?","og_description":"Entenda como a flacidez da pele e a queda de cabelo surgem, quais fatores agravam esses problemas. Confira mais detalhes no Blog Viver Bem!","og_url":"https:\/\/www.biolabeco.com.br\/es\/blog\/piel-y-cuidado\/como-afectan-a-la-piel-y-al-cabello-los-habitos-de-nutricion-y-suplementacion\/","og_site_name":"Biolab &amp; Co","article_published_time":"2026-01-29T11:31:49+00:00","article_modified_time":"2026-01-29T11:31:50+00:00","og_image":[{"width":896,"height":570,"url":"https:\/\/www.biolabeco.com.br\/wp-content\/uploads\/2026\/01\/Banner-Blog-Viver-Bem_.jpg","type":"image\/jpeg"}],"author":"Leordino Jesus","twitter_card":"summary_large_image","twitter_misc":{"Written by":"Leordino Jesus","Est. reading time":"5 minutes"},"schema":{"@context":"https:\/\/schema.org","@graph":[{"@type":"WebPage","@id":"https:\/\/www.biolabeco.com.br\/blog\/pele-e-cuidados\/como-habitos-nutricao-e-suplementacao-impactam-a-pele-e-os-cabelos\/","url":"https:\/\/www.biolabeco.com.br\/blog\/pele-e-cuidados\/como-habitos-nutricao-e-suplementacao-impactam-a-pele-e-os-cabelos\/","name":"\u00bfInfluyen los h\u00e1bitos, la alimentaci\u00f3n y la suplementaci\u00f3n en la piel y el cabello?","isPartOf":{"@id":"https:\/\/www.biolabeco.com.br\/#website"},"primaryImageOfPage":{"@id":"https:\/\/www.biolabeco.com.br\/blog\/pele-e-cuidados\/como-habitos-nutricao-e-suplementacao-impactam-a-pele-e-os-cabelos\/#primaryimage"},"image":{"@id":"https:\/\/www.biolabeco.com.br\/blog\/pele-e-cuidados\/como-habitos-nutricao-e-suplementacao-impactam-a-pele-e-os-cabelos\/#primaryimage"},"thumbnailUrl":"https:\/\/www.biolabeco.com.br\/wp-content\/uploads\/2026\/01\/Banner-Blog-Viver-Bem_.jpg","datePublished":"2026-01-29T11:31:49+00:00","dateModified":"2026-01-29T11:31:50+00:00","author":{"@id":"https:\/\/www.biolabeco.com.br\/#\/schema\/person\/906e7e599c92880260b576358fd61395"},"description":"Comprenda c\u00f3mo se produce la flacidez de la piel y la ca\u00edda del cabello y qu\u00e9 factores agravan estos problemas. \u00a1Consulte m\u00e1s detalles en el blog Viver Bem!","breadcrumb":{"@id":"https:\/\/www.biolabeco.com.br\/blog\/pele-e-cuidados\/como-habitos-nutricao-e-suplementacao-impactam-a-pele-e-os-cabelos\/#breadcrumb"},"inLanguage":"es-ES","potentialAction":[{"@type":"ReadAction","target":["https:\/\/www.biolabeco.com.br\/blog\/pele-e-cuidados\/como-habitos-nutricao-e-suplementacao-impactam-a-pele-e-os-cabelos\/"]}]},{"@type":"ImageObject","inLanguage":"es-ES","@id":"https:\/\/www.biolabeco.com.br\/blog\/pele-e-cuidados\/como-habitos-nutricao-e-suplementacao-impactam-a-pele-e-os-cabelos\/#primaryimage","url":"https:\/\/www.biolabeco.com.br\/wp-content\/uploads\/2026\/01\/Banner-Blog-Viver-Bem_.jpg","contentUrl":"https:\/\/www.biolabeco.com.br\/wp-content\/uploads\/2026\/01\/Banner-Blog-Viver-Bem_.jpg","width":896,"height":570,"caption":"Mulher de olhos fechados, com o rosto em dire\u00e7\u00e3o ao sol com pele saud\u00e1vel e cabelos bem cuidados, representando bem-estar e autoestima."},{"@type":"BreadcrumbList","@id":"https:\/\/www.biolabeco.com.br\/blog\/pele-e-cuidados\/como-habitos-nutricao-e-suplementacao-impactam-a-pele-e-os-cabelos\/#breadcrumb","itemListElement":[{"@type":"ListItem","position":1,"name":"Home","item":"https:\/\/www.biolabeco.com.br\/"},{"@type":"ListItem","position":2,"name":"Como h\u00e1bitos, nutri\u00e7\u00e3o e suplementa\u00e7\u00e3o impactam a pele e os cabelos?"}]},{"@type":"WebSite","@id":"https:\/\/www.biolabeco.com.br\/#website","url":"https:\/\/www.biolabeco.com.br\/","name":"biolaboratorio","description":"En Biolab &amp; Co, la ciencia y el cuidado van de la mano. Descubra c\u00f3mo promovemos la salud con responsabilidad socioambiental y tecnolog\u00eda.","potentialAction":[{"@type":"SearchAction","target":{"@type":"EntryPoint","urlTemplate":"https:\/\/www.biolabeco.com.br\/?s={search_term_string}"},"query-input":{"@type":"PropertyValueSpecification","valueRequired":true,"valueName":"search_term_string"}}],"inLanguage":"es-ES"},{"@type":"Person","@id":"https:\/\/www.biolabeco.com.br\/#\/schema\/person\/906e7e599c92880260b576358fd61395","name":"Leordino Jes\u00fas","image":{"@type":"ImageObject","inLanguage":"es-ES","@id":"https:\/\/www.biolabeco.com.br\/#\/schema\/person\/image\/","url":"https:\/\/secure.gravatar.com\/avatar\/82d3fb1d5dc3704f31edfb58b057e37f?s=96&d=mm&r=g","contentUrl":"https:\/\/secure.gravatar.com\/avatar\/82d3fb1d5dc3704f31edfb58b057e37f?s=96&d=mm&r=g","caption":"Leordino Jesus"},"url":"https:\/\/www.biolabeco.com.br\/es\/author\/lepaula\/"}]}},"_links":{"self":[{"href":"https:\/\/www.biolabeco.com.br\/es\/wp-json\/wp\/v2\/posts\/15611"}],"collection":[{"href":"https:\/\/www.biolabeco.com.br\/es\/wp-json\/wp\/v2\/posts"}],"about":[{"href":"https:\/\/www.biolabeco.com.br\/es\/wp-json\/wp\/v2\/types\/post"}],"author":[{"embeddable":true,"href":"https:\/\/www.biolabeco.com.br\/es\/wp-json\/wp\/v2\/users\/8"}],"replies":[{"embeddable":true,"href":"https:\/\/www.biolabeco.com.br\/es\/wp-json\/wp\/v2\/comments?post=15611"}],"version-history":[{"count":2,"href":"https:\/\/www.biolabeco.com.br\/es\/wp-json\/wp\/v2\/posts\/15611\/revisions"}],"predecessor-version":[{"id":15614,"href":"https:\/\/www.biolabeco.com.br\/es\/wp-json\/wp\/v2\/posts\/15611\/revisions\/15614"}],"wp:featuredmedia":[{"embeddable":true,"href":"https:\/\/www.biolabeco.com.br\/es\/wp-json\/wp\/v2\/media\/15612"}],"wp:attachment":[{"href":"https:\/\/www.biolabeco.com.br\/es\/wp-json\/wp\/v2\/media?parent=15611"}],"wp:term":[{"taxonomy":"category","embeddable":true,"href":"https:\/\/www.biolabeco.com.br\/es\/wp-json\/wp\/v2\/categories?post=15611"},{"taxonomy":"post_tag","embeddable":true,"href":"https:\/\/www.biolabeco.com.br\/es\/wp-json\/wp\/v2\/tags?post=15611"}],"curies":[{"name":"wp","href":"https:\/\/api.w.org\/{rel}","templated":true}]}}