{"id":16479,"date":"2026-03-23T08:32:56","date_gmt":"2026-03-23T11:32:56","guid":{"rendered":"https:\/\/www.biolabeco.com.br\/?p=16479"},"modified":"2026-03-23T08:34:16","modified_gmt":"2026-03-23T11:34:16","slug":"el-cerebro-cambia-con-la-perdida-de-peso","status":"publish","type":"post","link":"https:\/\/www.biolabeco.com.br\/es\/blog\/mobilidade-e-atividade-fisica\/o-cerebro-muda-com-a-perda-de-peso\/","title":{"rendered":"La relaci\u00f3n entre la p\u00e9rdida de peso, la salud vascular y la funci\u00f3n cerebral."},"content":{"rendered":"<p><em>Cuando piensa en perder peso, \u00bfqu\u00e9 le viene a la mente? \u00bfAcelerar el proceso? \u00bfRopa que le queda mejor? \u00bfUn mejor humor en el d\u00eda a d\u00eda?<br>Ahora una pregunta diferente: \u00bfha pensado alguna vez que perder peso podr\u00eda cambiar el funcionamiento de su cerebro?<\/em><br><br>Cuando el cuerpo reduce la inflamaci\u00f3n y mejora la circulaci\u00f3n, el cerebro tambi\u00e9n se beneficia, con repercusiones reales en la memoria, la atenci\u00f3n e incluso la protecci\u00f3n contra el deterioro cognitivo. A lo largo de este art\u00edculo, entender\u00e1s c\u00f3mo la p\u00e9rdida de peso act\u00faa sobre el llamado eje cerebrovascular y por qu\u00e9 cuidar tu peso corporal es tambi\u00e9n una forma de cuidar tu mente.<\/p>\n\n\n\n<h2 class=\"wp-block-heading\" id=\"h-o-eixo-cerebrovascular-e-a-saude-do-cerebro\">El eje cerebrovascular y la salud cerebral.<\/h2>\n\n\n\n<p>El cerebro depende de una buena circulaci\u00f3n para funcionar correctamente. Es a trav\u00e9s de los vasos sangu\u00edneos como el ox\u00edgeno y los nutrientes esenciales llegan a las neuronas. Por lo tanto, cuando la salud vascular se ve afectada, la salud cerebral tambi\u00e9n puede sentir los efectos.<br>La obesidad est\u00e1 asociada a la inflamaci\u00f3n cr\u00f3nica, que compromete el endotelio, la capa interna de los vasos sangu\u00edneos. Cuando esta estructura no funciona correctamente, los vasos pierden su capacidad de dilatarse adecuadamente, la circulaci\u00f3n se ve afectada y la presi\u00f3n arterial tiende a aumentar.<br>Perder peso corporal ayuda a invertir este proceso. Las intervenciones asociadas a la p\u00e9rdida de peso, como los cambios diet\u00e9ticos sostenidos, la cirug\u00eda bari\u00e1trica o las terapias metab\u00f3licas espec\u00edficas, se asocian a una mejora de la funci\u00f3n endotelial, una mayor biodisponibilidad de \u00f3xido n\u00edtrico -una sustancia que favorece la relajaci\u00f3n vascular- y un aumento de los niveles de adiponectina, una hormona con propiedades antiinflamatorias y un efecto protector de las arterias.<br>Un editorial publicado en 2025 en la revista Brain refuerza este punto: mejorar la salud vascular controlando factores como la presi\u00f3n arterial y las concentraciones de colesterol es una de las formas m\u00e1s eficaces de reducir el riesgo de demencia y ayudar a mantener la funci\u00f3n cerebral a lo largo del tiempo.<\/p>\n\n\n\n<h2 class=\"wp-block-heading\" id=\"h-o-cerebro-muda-com-o-emagrecimento\">\u00bfCambia el cerebro con la p\u00e9rdida de peso?<\/h2>\n\n\n\n<p><em>El cerebro experimenta cambios f\u00edsicos reales tras una p\u00e9rdida de peso significativa.<\/em><br><em><br><\/em>Un estudio publicado en 2024 en la revista JAMA Network Open sigui\u00f3 a pacientes con obesidad severa durante dos a\u00f1os despu\u00e9s de haberse sometido a cirug\u00eda bari\u00e1trica y observ\u00f3 importantes resultados:<\/p>\n\n\n\n<ul>\n<li><strong>mejora cognitiva - <\/strong>el estudio sugiere que aproximadamente 40% de los participantes mostraron al menos 20% de mejora cl\u00ednicamente significativa en la cognici\u00f3n global, en dominios como la memoria, la atenci\u00f3n y la fluidez verbal;<\/li>\n\n\n\n<li><strong>mayor eficacia vascular -<\/strong> los vasos sangu\u00edneos del cerebro empezaron a funcionar con mayor eficacia, especialmente en el l\u00f3bulo temporal, una regi\u00f3n vinculada a la memoria;<\/li>\n\n\n\n<li><strong>protecci\u00f3n de la estructura cerebral -<\/strong> Aunque el envejecimiento se asocia de forma natural a la p\u00e9rdida gradual de volumen cerebral, las \u00e1reas consideradas cr\u00edticas, como el hipocampo y la sustancia blanca, permanecieron estables durante el seguimiento. Adem\u00e1s, la corteza temporal mostr\u00f3 un aumento del grosor cortical, lo que indica un patr\u00f3n regional distinto que puede estar asociado a la preservaci\u00f3n de la funci\u00f3n cognitiva.<\/li>\n<\/ul>\n\n\n\n<p><br>Adem\u00e1s de estos hallazgos, la p\u00e9rdida de peso corporal se asoci\u00f3 con un aumento de los niveles circulantes del factor neurotr\u00f3fico derivado del cerebro (BDNF), una prote\u00edna fundamental para mantener la salud de las neuronas y para los mecanismos de plasticidad sin\u00e1ptica, lo que refuerza el v\u00ednculo entre la mejora metab\u00f3lica, la salud vascular y la funci\u00f3n cerebral.<\/p>\n\n\n\n<h2 class=\"wp-block-heading\" id=\"h-menos-inflamacao-mais-protecao-para-a-mente\">Menos inflamaci\u00f3n, m\u00e1s protecci\u00f3n para la mente<\/h2>\n\n\n\n<p>Perder peso tambi\u00e9n favorece una aut\u00e9ntica \u201climpieza metab\u00f3lica\u201d del organismo. La reducci\u00f3n de peso se asocia a menores concentraciones de marcadores inflamatorios como la prote\u00edna C reactiva (PCR) y a un descenso de los niveles de leptina, que en exceso puede da\u00f1ar los vasos sangu\u00edneos.&nbsp;<\/p>\n\n\n\n<p>Adem\u00e1s, las intervenciones metab\u00f3licas contempor\u00e1neas, como el uso de f\u00e1rmacos agonistas de los receptores del p\u00e9ptido similar al glucag\u00f3n tipo 1 (GLP-1) y la cirug\u00eda bari\u00e1trica, se han asociado a una menor incidencia de la demencia de Alzheimer, con reducciones del riesgo de hasta 33% en poblaciones espec\u00edficas, sobre todo en personas con diabetes. <em>mellitus<\/em> tipo 2 (DM<sub>2<\/sub>). Estos efectos parecen estar relacionados con la mejora del control gluc\u00e9mico sist\u00e9mico, la reducci\u00f3n de la inflamaci\u00f3n sist\u00e9mica y la optimizaci\u00f3n de la salud vascular, aunque los mecanismos neurobiol\u00f3gicos directos a\u00fan no se han dilucidado por completo.<\/p>\n\n\n\n<h2 class=\"wp-block-heading\" id=\"h-cuidado-com-a-oscilacao-de-peso\">Cuidado con las fluctuaciones de peso.<\/h2>\n\n\n\n<p class=\"has-text-align-left\"><em>Para que todos estos beneficios se produzcan realmente, hay una palabra clave: sostenibilidad.<\/em><\/p>\n\n\n\n<p>Perder y ganar peso de forma repetida puede entra\u00f1ar importantes riesgos para la salud. Las pruebas indican que estas variaciones frecuentes sobrecargan el sistema cardiovascular y hacen que el tejido adiposo se inflame progresivamente con cada nuevo aumento de peso. Este proceso se asocia a un mayor riesgo de diabetes, enfermedades cardiovasculares y complicaciones metab\u00f3licas, sobre todo si se compara con el mantenimiento de un peso corporal m\u00e1s estable a lo largo del tiempo.<br><br>Por eso, incluso en las intervenciones de adelgazamiento m\u00e1s intensivas, es fundamental adoptar estrategias que incluyan cambios de h\u00e1bitos sostenibles, capaces de perdurar a largo plazo y de favorecer un mantenimiento saludable de la p\u00e9rdida de peso.&nbsp;<\/p>\n\n\n\n<p><em>\u00bfPuede la presi\u00f3n arterial influir en el deterioro cognitivo? <\/em><a href=\"https:\/\/www.biolabeco.com.br\/es\/blog\/prevencion-e-inmunidad\/cual-es-la-relacion-entre-la-presion-arterial-y-el-deterioro-cognitivo\/\" target=\"_blank\" rel=\"noreferrer noopener\"><em>Vaya all\u00ed y desc\u00fabralo.<\/em><\/a><\/p>\n\n\n\n<p><strong><br><\/strong>Al reducir la inflamaci\u00f3n del organismo y restablecer la salud de las arterias, no s\u00f3lo se cuida el coraz\u00f3n, sino que tambi\u00e9n se mejora el cerebro para que funcione con claridad, concentraci\u00f3n y salud durante muchos a\u00f1os. Adelgazar tambi\u00e9n puede ser un acto de neuroprotecci\u00f3n.<\/p>\n\n\n\n<p><br><br><em>Fuentes: https:\/\/academic.oup.com\/brain\/article\/148\/5\/1439\/8129769<br>https:\/\/jamanetwork.com\/journals\/jamanetworkopen\/fullarticle\/2814867<br>https:\/\/www.mdpi.com\/2227-9059\/13\/2\/381<br>https:\/\/www.mdpi.com\/2218-1989\/14\/6\/344<\/em><\/p>","protected":false},"excerpt":{"rendered":"<p>Quando voc\u00ea pensa em perda de peso, o que vem \u00e0 sua cabe\u00e7a? Acelerar esse processo? Roupas que servem melhor? Mais disposi\u00e7\u00e3o no dia a dia?Agora, uma pergunta diferente: voc\u00ea j\u00e1 imaginou que perder peso pode mudar o funcionamento do seu c\u00e9rebro? Quando o corpo reduz a inflama\u00e7\u00e3o e melhora a circula\u00e7\u00e3o, o c\u00e9rebro tamb\u00e9m [&hellip;]<\/p>\n","protected":false},"author":8,"featured_media":16480,"comment_status":"open","ping_status":"open","sticky":false,"template":"","format":"standard","meta":{"_acf_changed":false,"footnotes":""},"categories":[1620,1614,1616],"tags":[1662,1612,1677,1628,1633],"acf":[],"yoast_head":"<!-- This site is optimized with the Yoast SEO Premium plugin v24.4 (Yoast SEO v24.4) - https:\/\/yoast.com\/wordpress\/plugins\/seo\/ -->\n<title>O c\u00e9rebro muda com a perda de peso?<\/title>\n<meta name=\"description\" content=\"Entenda como a perda de peso protege os vasos, o c\u00e9rebro, melhora a mem\u00f3ria e contribui para a sa\u00fade a longo prazo.\" \/>\n<meta name=\"robots\" content=\"index, follow, max-snippet:-1, max-image-preview:large, max-video-preview:-1\" \/>\n<link rel=\"canonical\" href=\"https:\/\/www.biolabeco.com.br\/es\/blog\/movilidad-y-actividad-fisica\/el-cerebro-cambia-con-la-perdida-de-peso\/\" \/>\n<meta property=\"og:locale\" content=\"es_ES\" \/>\n<meta property=\"og:type\" content=\"article\" \/>\n<meta property=\"og:title\" content=\"A rela\u00e7\u00e3o entre emagrecimento, sa\u00fade vascular e fun\u00e7\u00e3o cerebral.\" \/>\n<meta property=\"og:description\" content=\"Entenda como a perda de peso protege os vasos, o c\u00e9rebro, melhora a mem\u00f3ria e contribui para a sa\u00fade a longo prazo.\" \/>\n<meta property=\"og:url\" content=\"https:\/\/www.biolabeco.com.br\/es\/blog\/movilidad-y-actividad-fisica\/el-cerebro-cambia-con-la-perdida-de-peso\/\" \/>\n<meta property=\"og:site_name\" content=\"Biolab &amp; Co\" \/>\n<meta property=\"article:published_time\" content=\"2026-03-23T11:32:56+00:00\" \/>\n<meta property=\"article:modified_time\" content=\"2026-03-23T11:34:16+00:00\" \/>\n<meta property=\"og:image\" content=\"https:\/\/www.biolabeco.com.br\/wp-content\/uploads\/2026\/03\/Pessoa-brasileira-fazendo-exercicio_1-e1774265086338.jpg\" \/>\n\t<meta property=\"og:image:width\" content=\"1013\" \/>\n\t<meta property=\"og:image:height\" content=\"587\" \/>\n\t<meta property=\"og:image:type\" content=\"image\/jpeg\" \/>\n<meta name=\"author\" content=\"Leordino Jesus\" \/>\n<meta name=\"twitter:card\" content=\"summary_large_image\" \/>\n<meta name=\"twitter:label1\" content=\"Written by\" \/>\n\t<meta name=\"twitter:data1\" content=\"Leordino Jesus\" \/>\n\t<meta name=\"twitter:label2\" content=\"Est. reading time\" \/>\n\t<meta name=\"twitter:data2\" content=\"5 minutes\" \/>\n<script type=\"application\/ld+json\" class=\"yoast-schema-graph\">{\"@context\":\"https:\/\/schema.org\",\"@graph\":[{\"@type\":\"WebPage\",\"@id\":\"https:\/\/www.biolabeco.com.br\/blog\/mobilidade-e-atividade-fisica\/o-cerebro-muda-com-a-perda-de-peso\/\",\"url\":\"https:\/\/www.biolabeco.com.br\/blog\/mobilidade-e-atividade-fisica\/o-cerebro-muda-com-a-perda-de-peso\/\",\"name\":\"O c\u00e9rebro muda com a perda de peso?\",\"isPartOf\":{\"@id\":\"https:\/\/www.biolabeco.com.br\/#website\"},\"primaryImageOfPage\":{\"@id\":\"https:\/\/www.biolabeco.com.br\/blog\/mobilidade-e-atividade-fisica\/o-cerebro-muda-com-a-perda-de-peso\/#primaryimage\"},\"image\":{\"@id\":\"https:\/\/www.biolabeco.com.br\/blog\/mobilidade-e-atividade-fisica\/o-cerebro-muda-com-a-perda-de-peso\/#primaryimage\"},\"thumbnailUrl\":\"https:\/\/www.biolabeco.com.br\/wp-content\/uploads\/2026\/03\/Pessoa-brasileira-fazendo-exercicio_1-e1774265086338.jpg\",\"datePublished\":\"2026-03-23T11:32:56+00:00\",\"dateModified\":\"2026-03-23T11:34:16+00:00\",\"author\":{\"@id\":\"https:\/\/www.biolabeco.com.br\/#\/schema\/person\/906e7e599c92880260b576358fd61395\"},\"description\":\"Entenda como a perda de peso protege os vasos, o c\u00e9rebro, melhora a mem\u00f3ria e contribui para a sa\u00fade a longo prazo.\",\"breadcrumb\":{\"@id\":\"https:\/\/www.biolabeco.com.br\/blog\/mobilidade-e-atividade-fisica\/o-cerebro-muda-com-a-perda-de-peso\/#breadcrumb\"},\"inLanguage\":\"es-ES\",\"potentialAction\":[{\"@type\":\"ReadAction\",\"target\":[\"https:\/\/www.biolabeco.com.br\/blog\/mobilidade-e-atividade-fisica\/o-cerebro-muda-com-a-perda-de-peso\/\"]}]},{\"@type\":\"ImageObject\",\"inLanguage\":\"es-ES\",\"@id\":\"https:\/\/www.biolabeco.com.br\/blog\/mobilidade-e-atividade-fisica\/o-cerebro-muda-com-a-perda-de-peso\/#primaryimage\",\"url\":\"https:\/\/www.biolabeco.com.br\/wp-content\/uploads\/2026\/03\/Pessoa-brasileira-fazendo-exercicio_1-e1774265086338.jpg\",\"contentUrl\":\"https:\/\/www.biolabeco.com.br\/wp-content\/uploads\/2026\/03\/Pessoa-brasileira-fazendo-exercicio_1-e1774265086338.jpg\",\"width\":1013,\"height\":587,\"caption\":\"A rela\u00e7\u00e3o entre emagrecimento, sa\u00fade vascular e fun\u00e7\u00e3o cerebral\"},{\"@type\":\"BreadcrumbList\",\"@id\":\"https:\/\/www.biolabeco.com.br\/blog\/mobilidade-e-atividade-fisica\/o-cerebro-muda-com-a-perda-de-peso\/#breadcrumb\",\"itemListElement\":[{\"@type\":\"ListItem\",\"position\":1,\"name\":\"Home\",\"item\":\"https:\/\/www.biolabeco.com.br\/\"},{\"@type\":\"ListItem\",\"position\":2,\"name\":\"A rela\u00e7\u00e3o entre emagrecimento, sa\u00fade vascular e fun\u00e7\u00e3o cerebral.\"}]},{\"@type\":\"WebSite\",\"@id\":\"https:\/\/www.biolabeco.com.br\/#website\",\"url\":\"https:\/\/www.biolabeco.com.br\/\",\"name\":\"Biolab\",\"description\":\"Na Biolab &amp; Co, ci\u00eancia e cuidado caminham juntos. Saiba como promovemos sa\u00fade com responsabilidade socioambiental e tecnologia.\",\"potentialAction\":[{\"@type\":\"SearchAction\",\"target\":{\"@type\":\"EntryPoint\",\"urlTemplate\":\"https:\/\/www.biolabeco.com.br\/?s={search_term_string}\"},\"query-input\":{\"@type\":\"PropertyValueSpecification\",\"valueRequired\":true,\"valueName\":\"search_term_string\"}}],\"inLanguage\":\"es-ES\"},{\"@type\":\"Person\",\"@id\":\"https:\/\/www.biolabeco.com.br\/#\/schema\/person\/906e7e599c92880260b576358fd61395\",\"name\":\"Leordino Jesus\",\"image\":{\"@type\":\"ImageObject\",\"inLanguage\":\"es-ES\",\"@id\":\"https:\/\/www.biolabeco.com.br\/#\/schema\/person\/image\/\",\"url\":\"https:\/\/secure.gravatar.com\/avatar\/82d3fb1d5dc3704f31edfb58b057e37f?s=96&d=mm&r=g\",\"contentUrl\":\"https:\/\/secure.gravatar.com\/avatar\/82d3fb1d5dc3704f31edfb58b057e37f?s=96&d=mm&r=g\",\"caption\":\"Leordino Jesus\"},\"url\":\"https:\/\/www.biolabeco.com.br\/es\/author\/lepaula\/\"}]}<\/script>\n<!-- \/ Yoast SEO Premium plugin. -->","yoast_head_json":{"title":"\u00bfCambia el cerebro con la p\u00e9rdida de peso?","description":"Comprenda c\u00f3mo la p\u00e9rdida de peso protege los vasos, el cerebro, mejora la memoria y contribuye a la salud a largo plazo.","robots":{"index":"index","follow":"follow","max-snippet":"max-snippet:-1","max-image-preview":"max-image-preview:large","max-video-preview":"max-video-preview:-1"},"canonical":"https:\/\/www.biolabeco.com.br\/es\/blog\/movilidad-y-actividad-fisica\/el-cerebro-cambia-con-la-perdida-de-peso\/","og_locale":"es_ES","og_type":"article","og_title":"A rela\u00e7\u00e3o entre emagrecimento, sa\u00fade vascular e fun\u00e7\u00e3o cerebral.","og_description":"Entenda como a perda de peso protege os vasos, o c\u00e9rebro, melhora a mem\u00f3ria e contribui para a sa\u00fade a longo prazo.","og_url":"https:\/\/www.biolabeco.com.br\/es\/blog\/movilidad-y-actividad-fisica\/el-cerebro-cambia-con-la-perdida-de-peso\/","og_site_name":"Biolab &amp; Co","article_published_time":"2026-03-23T11:32:56+00:00","article_modified_time":"2026-03-23T11:34:16+00:00","og_image":[{"width":1013,"height":587,"url":"https:\/\/www.biolabeco.com.br\/wp-content\/uploads\/2026\/03\/Pessoa-brasileira-fazendo-exercicio_1-e1774265086338.jpg","type":"image\/jpeg"}],"author":"Leordino Jesus","twitter_card":"summary_large_image","twitter_misc":{"Written by":"Leordino Jesus","Est. reading time":"5 minutes"},"schema":{"@context":"https:\/\/schema.org","@graph":[{"@type":"WebPage","@id":"https:\/\/www.biolabeco.com.br\/blog\/mobilidade-e-atividade-fisica\/o-cerebro-muda-com-a-perda-de-peso\/","url":"https:\/\/www.biolabeco.com.br\/blog\/mobilidade-e-atividade-fisica\/o-cerebro-muda-com-a-perda-de-peso\/","name":"\u00bfCambia el cerebro con la p\u00e9rdida de peso?","isPartOf":{"@id":"https:\/\/www.biolabeco.com.br\/#website"},"primaryImageOfPage":{"@id":"https:\/\/www.biolabeco.com.br\/blog\/mobilidade-e-atividade-fisica\/o-cerebro-muda-com-a-perda-de-peso\/#primaryimage"},"image":{"@id":"https:\/\/www.biolabeco.com.br\/blog\/mobilidade-e-atividade-fisica\/o-cerebro-muda-com-a-perda-de-peso\/#primaryimage"},"thumbnailUrl":"https:\/\/www.biolabeco.com.br\/wp-content\/uploads\/2026\/03\/Pessoa-brasileira-fazendo-exercicio_1-e1774265086338.jpg","datePublished":"2026-03-23T11:32:56+00:00","dateModified":"2026-03-23T11:34:16+00:00","author":{"@id":"https:\/\/www.biolabeco.com.br\/#\/schema\/person\/906e7e599c92880260b576358fd61395"},"description":"Comprenda c\u00f3mo la p\u00e9rdida de peso protege los vasos, el cerebro, mejora la memoria y contribuye a la salud a largo plazo.","breadcrumb":{"@id":"https:\/\/www.biolabeco.com.br\/blog\/mobilidade-e-atividade-fisica\/o-cerebro-muda-com-a-perda-de-peso\/#breadcrumb"},"inLanguage":"es-ES","potentialAction":[{"@type":"ReadAction","target":["https:\/\/www.biolabeco.com.br\/blog\/mobilidade-e-atividade-fisica\/o-cerebro-muda-com-a-perda-de-peso\/"]}]},{"@type":"ImageObject","inLanguage":"es-ES","@id":"https:\/\/www.biolabeco.com.br\/blog\/mobilidade-e-atividade-fisica\/o-cerebro-muda-com-a-perda-de-peso\/#primaryimage","url":"https:\/\/www.biolabeco.com.br\/wp-content\/uploads\/2026\/03\/Pessoa-brasileira-fazendo-exercicio_1-e1774265086338.jpg","contentUrl":"https:\/\/www.biolabeco.com.br\/wp-content\/uploads\/2026\/03\/Pessoa-brasileira-fazendo-exercicio_1-e1774265086338.jpg","width":1013,"height":587,"caption":"A rela\u00e7\u00e3o entre emagrecimento, sa\u00fade vascular e fun\u00e7\u00e3o cerebral"},{"@type":"BreadcrumbList","@id":"https:\/\/www.biolabeco.com.br\/blog\/mobilidade-e-atividade-fisica\/o-cerebro-muda-com-a-perda-de-peso\/#breadcrumb","itemListElement":[{"@type":"ListItem","position":1,"name":"Home","item":"https:\/\/www.biolabeco.com.br\/"},{"@type":"ListItem","position":2,"name":"A rela\u00e7\u00e3o entre emagrecimento, sa\u00fade vascular e fun\u00e7\u00e3o cerebral."}]},{"@type":"WebSite","@id":"https:\/\/www.biolabeco.com.br\/#website","url":"https:\/\/www.biolabeco.com.br\/","name":"biolaboratorio","description":"En Biolab &amp; Co, la ciencia y el cuidado van de la mano. Descubra c\u00f3mo promovemos la salud con responsabilidad socioambiental y tecnolog\u00eda.","potentialAction":[{"@type":"SearchAction","target":{"@type":"EntryPoint","urlTemplate":"https:\/\/www.biolabeco.com.br\/?s={search_term_string}"},"query-input":{"@type":"PropertyValueSpecification","valueRequired":true,"valueName":"search_term_string"}}],"inLanguage":"es-ES"},{"@type":"Person","@id":"https:\/\/www.biolabeco.com.br\/#\/schema\/person\/906e7e599c92880260b576358fd61395","name":"Leordino Jes\u00fas","image":{"@type":"ImageObject","inLanguage":"es-ES","@id":"https:\/\/www.biolabeco.com.br\/#\/schema\/person\/image\/","url":"https:\/\/secure.gravatar.com\/avatar\/82d3fb1d5dc3704f31edfb58b057e37f?s=96&d=mm&r=g","contentUrl":"https:\/\/secure.gravatar.com\/avatar\/82d3fb1d5dc3704f31edfb58b057e37f?s=96&d=mm&r=g","caption":"Leordino Jesus"},"url":"https:\/\/www.biolabeco.com.br\/es\/author\/lepaula\/"}]}},"_links":{"self":[{"href":"https:\/\/www.biolabeco.com.br\/es\/wp-json\/wp\/v2\/posts\/16479"}],"collection":[{"href":"https:\/\/www.biolabeco.com.br\/es\/wp-json\/wp\/v2\/posts"}],"about":[{"href":"https:\/\/www.biolabeco.com.br\/es\/wp-json\/wp\/v2\/types\/post"}],"author":[{"embeddable":true,"href":"https:\/\/www.biolabeco.com.br\/es\/wp-json\/wp\/v2\/users\/8"}],"replies":[{"embeddable":true,"href":"https:\/\/www.biolabeco.com.br\/es\/wp-json\/wp\/v2\/comments?post=16479"}],"version-history":[{"count":2,"href":"https:\/\/www.biolabeco.com.br\/es\/wp-json\/wp\/v2\/posts\/16479\/revisions"}],"predecessor-version":[{"id":16482,"href":"https:\/\/www.biolabeco.com.br\/es\/wp-json\/wp\/v2\/posts\/16479\/revisions\/16482"}],"wp:featuredmedia":[{"embeddable":true,"href":"https:\/\/www.biolabeco.com.br\/es\/wp-json\/wp\/v2\/media\/16480"}],"wp:attachment":[{"href":"https:\/\/www.biolabeco.com.br\/es\/wp-json\/wp\/v2\/media?parent=16479"}],"wp:term":[{"taxonomy":"category","embeddable":true,"href":"https:\/\/www.biolabeco.com.br\/es\/wp-json\/wp\/v2\/categories?post=16479"},{"taxonomy":"post_tag","embeddable":true,"href":"https:\/\/www.biolabeco.com.br\/es\/wp-json\/wp\/v2\/tags?post=16479"}],"curies":[{"name":"wp","href":"https:\/\/api.w.org\/{rel}","templated":true}]}}