{"id":16511,"date":"2026-03-25T14:45:37","date_gmt":"2026-03-25T17:45:37","guid":{"rendered":"https:\/\/www.biolabeco.com.br\/?p=16511"},"modified":"2026-04-13T15:24:13","modified_gmt":"2026-04-13T18:24:13","slug":"la-importancia-del-sueno-para-el-equilibrio-fisico","status":"publish","type":"post","link":"https:\/\/www.biolabeco.com.br\/es\/blog\/saude-cardiovascular\/importancia-do-sono-para-o-equilibrio-fisico\/","title":{"rendered":"La importancia del sue\u00f1o para el equilibrio f\u00edsico, mental y emocional."},"content":{"rendered":"<p><em>Pong\u00e1monos de acuerdo en una cosa. Dormir no es una p\u00e9rdida de tiempo, y mucho menos un lujo. Dormir es una parte esencial de nuestra salud, tan importante como comer bien y moverse a diario.<\/em><\/p>\n\n\n\n<p>Aun as\u00ed, muchas personas viven con noches de insomnio. Si se despierta cansado, tiene la sensaci\u00f3n de no haber descansado o se pasa el d\u00eda luchando contra el sue\u00f1o, no est\u00e1 solo. De lo que no siempre nos damos cuenta es de que, mientras dormimos, el cuerpo entra en un aut\u00e9ntico modo de mantenimiento, trabajando duro para mantenernos sanos.<\/p>\n\n\n\n<h2 class=\"wp-block-heading\" id=\"h-o-que-acontece-no-corpo-enquanto-dormimos\">\u00bfQu\u00e9 ocurre en el cuerpo mientras dormimos?<\/h2>\n\n\n\n<p>A pesar de la sensaci\u00f3n de \u201cdesconexi\u00f3n\u201d, el sue\u00f1o es un proceso activo y fundamental para la salud f\u00edsica y mental, ya que cumple funciones biol\u00f3gicas esenciales para el mantenimiento, reparaci\u00f3n y desarrollo del organismo.<br><br><strong>Una aut\u00e9ntica limpieza cerebral<\/strong>.<br><br>Durante el d\u00eda, el cerebro acumula residuos metab\u00f3licos. Es durante el sue\u00f1o cuando se eliminan los residuos metab\u00f3licos, as\u00ed como mol\u00e9culas neurot\u00f3xicas como el p\u00e9ptido beta-amiloide, asociado al riesgo de desarrollar la enfermedad de Alzheimer.<br>Los estudios indican que los trastornos y la privaci\u00f3n del sue\u00f1o en los ancianos est\u00e1n asociados al riesgo de desarrollar demencia, y uno de los posibles factores causales es la eliminaci\u00f3n deficiente de prote\u00ednas no funcionales.<br><br><strong>Protecci\u00f3n para el coraz\u00f3n.<br><\/strong><br>Dormir bien es tambi\u00e9n una forma de cuidar el sistema cardiovascular. Los estudios indican una relaci\u00f3n entre el sue\u00f1o inadecuado y los resultados cardiovasculares, como la hipertensi\u00f3n arterial (HTA), la disfunci\u00f3n endotelial y las arritmias cardiacas. Por todo ello, no es de extra\u00f1ar que el sue\u00f1o inadecuado est\u00e9 relacionado con un mayor riesgo de enfermedad arterial coronaria (EAC), ictus e infarto de miocardio (IM). Los datos epidemiol\u00f3gicos sugieren que tanto el sue\u00f1o corto (menos de 6 horas) como el sue\u00f1o prolongado (m\u00e1s de 9 horas) se asocian a un mayor riesgo de muerte cardiovascular y mortalidad por todas las causas.<br><br><strong>Emociones m\u00e1s equilibradas.<br><\/strong><br>Una mala noche de sue\u00f1o va mucho m\u00e1s all\u00e1 del mal humor. La falta de sue\u00f1o interfiere en la regulaci\u00f3n emocional y aumenta la actividad de la am\u00edgdala, la zona del cerebro que integra las emociones e interpreta el miedo. Por este motivo, los estudios han demostrado que la falta de sue\u00f1o se asocia a un mayor riesgo de ansiedad, depresi\u00f3n, impulsividad y dificultad para concentrarse.<\/p>\n\n\n\n<h2 class=\"wp-block-heading\" id=\"h-a-quimica-do-sono-e-o-equilibrio-do-organismo\"><strong>La qu\u00edmica del sue\u00f1o y el equilibrio del organismo<\/strong>.<\/h2>\n\n\n\n<p>No dormir lo suficiente afecta directamente al equilibrio hormonal, lo que explica por qu\u00e9 el cuerpo reacciona tan r\u00e1pidamente cuando no descansa lo suficiente.<br><br><strong>Control del apetito.<\/strong><br><br>El sue\u00f1o influye en las hormonas relacionadas con el hambre y la saciedad. Dormir mal reduce los niveles de leptina (que se\u00f1ala la saciedad) y aumenta los de grelina (que estimula el apetito). El resultado es m\u00e1s hambre, sobre todo de alimentos cal\u00f3ricos, as\u00ed como un mayor riesgo de aumento de peso y de diabetes mellitus de tipo 2 (DM2).<br><br>Crecimiento y reparaci\u00f3n del organismo.<br>La hormona del crecimiento (GH) se libera en su punto m\u00e1ximo durante el sue\u00f1o. En los adultos, es esencial para la recuperaci\u00f3n muscular, el mantenimiento de la masa \u00f3sea y la renovaci\u00f3n de los tejidos.<br>Las defensas del organismo<br>La falta de sue\u00f1o puede aumentar el estr\u00e9s y favorecer la liberaci\u00f3n de cortisol, que reduce las defensas del organismo, por ejemplo disminuyendo la actividad de las c\u00e9lulas asesinas naturales (NK) y la producci\u00f3n de anticuerpos, importantes para protegerse de las infecciones.<br>No dormir lo suficiente afecta directamente al equilibrio hormonal, lo que explica por qu\u00e9 el cuerpo reacciona tan r\u00e1pidamente cuando no descansa lo suficiente.<br><br><strong>Control del apetito.<\/strong><br><br>El sue\u00f1o influye en las hormonas relacionadas con el hambre y la saciedad. Dormir mal reduce los niveles de leptina (que se\u00f1ala la saciedad) y aumenta los de grelina (que estimula el apetito). El resultado es m\u00e1s hambre, sobre todo de alimentos cal\u00f3ricos, as\u00ed como un mayor riesgo de aumento de peso y de diabetes mellitus de tipo 2 (DM2).<br><br><strong>Crecimiento y reparaci\u00f3n del organismo.<br><\/strong><br>La hormona del crecimiento (GH) se libera en su punto m\u00e1ximo durante el sue\u00f1o. En los adultos, es esencial para la recuperaci\u00f3n muscular, el mantenimiento de la masa \u00f3sea y la renovaci\u00f3n de los tejidos.<br><br><strong>Defensa del organismo.<br><\/strong><br>La falta de sue\u00f1o puede aumentar el estr\u00e9s y favorecer la liberaci\u00f3n de cortisol, que reduce las defensas del organismo, por ejemplo disminuyendo la actividad de las c\u00e9lulas asesinas naturales (NK) y la producci\u00f3n de anticuerpos, importantes para protegerse de las infecciones.<\/p>\n\n\n\n<h2 class=\"wp-block-heading\" id=\"h-quando-o-sono-precisa-de-atencao\">\u00bfCu\u00e1ndo hay que prestar atenci\u00f3n al sue\u00f1o?<\/h2>\n\n\n\n<p>Existen varios trastornos del sue\u00f1o, y el cuerpo suele dar se\u00f1ales claras de que algo va mal. Mantente alerta si las notas:<\/p>\n\n\n\n<ul>\n<li>ronquidos fuertes o pausas en la respiraci\u00f3n mientras duerme, que pueden sugerir apnea obstructiva del sue\u00f1o;<\/li>\n\n\n\n<li>Dificultad para conciliar el sue\u00f1o o permanecer dormido, con despertares frecuentes;<\/li>\n\n\n\n<li>somnolencia excesiva durante el d\u00eda y una mayor probabilidad de sufrir accidentes;<\/li>\n\n\n\n<li>Cambios en el estado de \u00e1nimo y la memoria, como irritabilidad constante y dificultad para concentrarse;<\/li>\n\n\n\n<li>bruxismo (rechinar de dientes) y\/o dolor al despertar, especialmente en la cabeza o la mand\u00edbula;&nbsp;<\/li>\n\n\n\n<li>Molestias en las piernas al tumbarse, con necesidad constante de moverlas.<\/li>\n<\/ul>\n\n\n\n<p><br><em>Estos signos no deben ignorarse ni normalizarse.<\/em><\/p>\n\n\n\n<p><em>\u00bfQuiere saber m\u00e1s sobre la relaci\u00f3n entre salud y sue\u00f1o? Lea el art\u00edculo <\/em><a href=\"https:\/\/www.biolabeco.com.br\/es\/blog\/salud-cardiovascular\/el-insomnio-tiene-que-ver-con-el-corazon\/\"><em>\u201c\u00bfEl insomnio tiene que ver con el coraz\u00f3n?\u201d<\/em><\/a><\/p>\n\n\n\n<h2 class=\"wp-block-heading\" id=\"h-priorizar-o-sono-e-cuidar-da-saude\"><strong>Dar prioridad al sue\u00f1o es cuidar la salud<\/strong>.<\/h2>\n\n\n\n<p>El sue\u00f1o est\u00e1 regulado por nuestro reloj biol\u00f3gico y por la necesidad de descanso acumulada a lo largo del d\u00eda. Respetar estos procesos marca la diferencia en nuestra salud f\u00edsica, mental y emocional.<br>Biolab le invita a hacer de la calidad del sue\u00f1o una prioridad. Los peque\u00f1os cambios ya pueden ayudar mucho, como:<\/p>\n\n\n\n<ul>\n<li>Mantener horarios regulares para acostarse y levantarse;<\/li>\n\n\n\n<li>evitar las pantallas antes de acostarse;<\/li>\n\n\n\n<li>haz que la habitaci\u00f3n sea oscura, silenciosa y c\u00f3moda;<\/li>\n\n\n\n<li>crear un ritual nocturno de relajaci\u00f3n.<\/li>\n<\/ul>\n\n\n\n<p><br>Y si los s\u00edntomas persisten, acuda a un m\u00e9dico especialista. Dormir bien no es un detalle, es una parte fundamental para llevar una vida m\u00e1s sana y de mejor calidad.<br><br><br><\/p>\n\n\n\n<p><em>Fuente: https:\/\/semanadosono.com.br\/wp-content\/uploads\/2025\/02\/DIGITAL-cartilha-semana-do-sono-2025-FEV2025.pdf<br>https:\/\/bvsms.saude.gov.br\/o-sono-e-essencial-para-a-saude-17-3-dia-mundial-do-sono\/<br>https:\/\/institutodosono.com\/artigos-noticias\/o-papel-vital-do-sono-para-o-funcionamento-do-organismo\/<br>https:\/\/www.frontiersin.org\/journals\/sleep\/articles\/10.3389\/frsle.2025.1441521\/full<br>https:\/\/journals.sagepub.com\/doi\/pdf\/10.1177\/15598276251346752<br>https:\/\/pubmed.ncbi.nlm.nih.gov\/36841492\/<br>https:\/\/pubmed.ncbi.nlm.nih.gov\/33570509\/<\/em><\/p>","protected":false},"excerpt":{"rendered":"<p>Vamos combinar uma coisa? Dormir n\u00e3o \u00e9 perda de tempo e muito menos um luxo. O sono \u00e9 parte essencial da nossa sa\u00fade, t\u00e3o importante quanto se alimentar bem e se movimentar no dia a dia. Ainda assim, muitas pessoas convivem com noites mal-dormidas. Se voc\u00ea acorda com cansa\u00e7o, sente que n\u00e3o descansou ou passa [&hellip;]<\/p>\n","protected":false},"author":8,"featured_media":16512,"comment_status":"open","ping_status":"open","sticky":false,"template":"","format":"standard","meta":{"_acf_changed":false,"footnotes":""},"categories":[1614,1617,1616,1626],"tags":[1662,1612,1690,1633,1639,1689],"acf":[],"yoast_head":"<!-- This site is optimized with the Yoast SEO Premium plugin v24.4 (Yoast SEO v24.4) - https:\/\/yoast.com\/wordpress\/plugins\/seo\/ -->\n<title>O sono \u00e9 importante para o equil\u00edbrio f\u00edsico, mental e emocional?<\/title>\n<meta name=\"description\" content=\"Saiba o que acontece com o corpo durante o sono e por que dormir bem \u00e9 fundamental para a sa\u00fade f\u00edsica, mental e emocional.\" \/>\n<meta name=\"robots\" content=\"index, follow, max-snippet:-1, max-image-preview:large, max-video-preview:-1\" \/>\n<link rel=\"canonical\" href=\"https:\/\/www.biolabeco.com.br\/es\/blog\/salud-cardiovascular\/la-importancia-del-sueno-para-el-equilibrio-fisico\/\" \/>\n<meta property=\"og:locale\" content=\"es_ES\" \/>\n<meta property=\"og:type\" content=\"article\" \/>\n<meta property=\"og:title\" content=\"A import\u00e2ncia do sono para o equil\u00edbrio f\u00edsico, mental e emocional.\" \/>\n<meta property=\"og:description\" content=\"Saiba o que acontece com o corpo durante o sono e por que dormir bem \u00e9 fundamental para a sa\u00fade f\u00edsica, mental e emocional.\" \/>\n<meta property=\"og:url\" content=\"https:\/\/www.biolabeco.com.br\/es\/blog\/salud-cardiovascular\/la-importancia-del-sueno-para-el-equilibrio-fisico\/\" \/>\n<meta property=\"og:site_name\" content=\"Biolab &amp; Co\" \/>\n<meta property=\"article:published_time\" content=\"2026-03-25T17:45:37+00:00\" \/>\n<meta property=\"article:modified_time\" content=\"2026-04-13T18:24:13+00:00\" \/>\n<meta property=\"og:image\" content=\"https:\/\/www.biolabeco.com.br\/wp-content\/uploads\/2026\/03\/Mulher-dormindo-tranquilamente-blog-Viver-Bem.jpg\" \/>\n\t<meta property=\"og:image:width\" content=\"768\" \/>\n\t<meta property=\"og:image:height\" content=\"510\" \/>\n\t<meta property=\"og:image:type\" content=\"image\/jpeg\" \/>\n<meta name=\"author\" content=\"Leordino Jesus\" \/>\n<meta name=\"twitter:card\" content=\"summary_large_image\" \/>\n<meta name=\"twitter:label1\" content=\"Written by\" \/>\n\t<meta name=\"twitter:data1\" content=\"Leordino Jesus\" \/>\n\t<meta name=\"twitter:label2\" content=\"Est. reading time\" \/>\n\t<meta name=\"twitter:data2\" content=\"6 minutes\" \/>\n<script type=\"application\/ld+json\" class=\"yoast-schema-graph\">{\"@context\":\"https:\/\/schema.org\",\"@graph\":[{\"@type\":\"WebPage\",\"@id\":\"https:\/\/www.biolabeco.com.br\/blog\/saude-cardiovascular\/importancia-do-sono-para-o-equilibrio-fisico\/\",\"url\":\"https:\/\/www.biolabeco.com.br\/blog\/saude-cardiovascular\/importancia-do-sono-para-o-equilibrio-fisico\/\",\"name\":\"O sono \u00e9 importante para o equil\u00edbrio f\u00edsico, mental e emocional?\",\"isPartOf\":{\"@id\":\"https:\/\/www.biolabeco.com.br\/#website\"},\"primaryImageOfPage\":{\"@id\":\"https:\/\/www.biolabeco.com.br\/blog\/saude-cardiovascular\/importancia-do-sono-para-o-equilibrio-fisico\/#primaryimage\"},\"image\":{\"@id\":\"https:\/\/www.biolabeco.com.br\/blog\/saude-cardiovascular\/importancia-do-sono-para-o-equilibrio-fisico\/#primaryimage\"},\"thumbnailUrl\":\"https:\/\/www.biolabeco.com.br\/wp-content\/uploads\/2026\/03\/Mulher-dormindo-tranquilamente-blog-Viver-Bem.jpg\",\"datePublished\":\"2026-03-25T17:45:37+00:00\",\"dateModified\":\"2026-04-13T18:24:13+00:00\",\"author\":{\"@id\":\"https:\/\/www.biolabeco.com.br\/#\/schema\/person\/906e7e599c92880260b576358fd61395\"},\"description\":\"Saiba o que acontece com o corpo durante o sono e por que dormir bem \u00e9 fundamental para a sa\u00fade f\u00edsica, mental e emocional.\",\"breadcrumb\":{\"@id\":\"https:\/\/www.biolabeco.com.br\/blog\/saude-cardiovascular\/importancia-do-sono-para-o-equilibrio-fisico\/#breadcrumb\"},\"inLanguage\":\"es-ES\",\"potentialAction\":[{\"@type\":\"ReadAction\",\"target\":[\"https:\/\/www.biolabeco.com.br\/blog\/saude-cardiovascular\/importancia-do-sono-para-o-equilibrio-fisico\/\"]}]},{\"@type\":\"ImageObject\",\"inLanguage\":\"es-ES\",\"@id\":\"https:\/\/www.biolabeco.com.br\/blog\/saude-cardiovascular\/importancia-do-sono-para-o-equilibrio-fisico\/#primaryimage\",\"url\":\"https:\/\/www.biolabeco.com.br\/wp-content\/uploads\/2026\/03\/Mulher-dormindo-tranquilamente-blog-Viver-Bem.jpg\",\"contentUrl\":\"https:\/\/www.biolabeco.com.br\/wp-content\/uploads\/2026\/03\/Mulher-dormindo-tranquilamente-blog-Viver-Bem.jpg\",\"width\":768,\"height\":510,\"caption\":\"Mulher dormindo tranquilamente, representando a import\u00e2ncia do sono para a sa\u00fade f\u00edsica, mental e emocional.\"},{\"@type\":\"BreadcrumbList\",\"@id\":\"https:\/\/www.biolabeco.com.br\/blog\/saude-cardiovascular\/importancia-do-sono-para-o-equilibrio-fisico\/#breadcrumb\",\"itemListElement\":[{\"@type\":\"ListItem\",\"position\":1,\"name\":\"Home\",\"item\":\"https:\/\/www.biolabeco.com.br\/\"},{\"@type\":\"ListItem\",\"position\":2,\"name\":\"A import\u00e2ncia do sono para o equil\u00edbrio f\u00edsico, mental e emocional.\"}]},{\"@type\":\"WebSite\",\"@id\":\"https:\/\/www.biolabeco.com.br\/#website\",\"url\":\"https:\/\/www.biolabeco.com.br\/\",\"name\":\"Biolab\",\"description\":\"Na Biolab &amp; Co, ci\u00eancia e cuidado caminham juntos. Saiba como promovemos sa\u00fade com responsabilidade socioambiental e tecnologia.\",\"potentialAction\":[{\"@type\":\"SearchAction\",\"target\":{\"@type\":\"EntryPoint\",\"urlTemplate\":\"https:\/\/www.biolabeco.com.br\/?s={search_term_string}\"},\"query-input\":{\"@type\":\"PropertyValueSpecification\",\"valueRequired\":true,\"valueName\":\"search_term_string\"}}],\"inLanguage\":\"es-ES\"},{\"@type\":\"Person\",\"@id\":\"https:\/\/www.biolabeco.com.br\/#\/schema\/person\/906e7e599c92880260b576358fd61395\",\"name\":\"Leordino Jesus\",\"image\":{\"@type\":\"ImageObject\",\"inLanguage\":\"es-ES\",\"@id\":\"https:\/\/www.biolabeco.com.br\/#\/schema\/person\/image\/\",\"url\":\"https:\/\/secure.gravatar.com\/avatar\/82d3fb1d5dc3704f31edfb58b057e37f?s=96&d=mm&r=g\",\"contentUrl\":\"https:\/\/secure.gravatar.com\/avatar\/82d3fb1d5dc3704f31edfb58b057e37f?s=96&d=mm&r=g\",\"caption\":\"Leordino Jesus\"},\"url\":\"https:\/\/www.biolabeco.com.br\/es\/author\/lepaula\/\"}]}<\/script>\n<!-- \/ Yoast SEO Premium plugin. -->","yoast_head_json":{"title":"\u00bfEs el sue\u00f1o importante para el equilibrio f\u00edsico, mental y emocional?","description":"Descubra qu\u00e9 le ocurre al cuerpo durante el sue\u00f1o y por qu\u00e9 dormir bien es esencial para la salud f\u00edsica, mental y emocional.","robots":{"index":"index","follow":"follow","max-snippet":"max-snippet:-1","max-image-preview":"max-image-preview:large","max-video-preview":"max-video-preview:-1"},"canonical":"https:\/\/www.biolabeco.com.br\/es\/blog\/salud-cardiovascular\/la-importancia-del-sueno-para-el-equilibrio-fisico\/","og_locale":"es_ES","og_type":"article","og_title":"A import\u00e2ncia do sono para o equil\u00edbrio f\u00edsico, mental e emocional.","og_description":"Saiba o que acontece com o corpo durante o sono e por que dormir bem \u00e9 fundamental para a sa\u00fade f\u00edsica, mental e emocional.","og_url":"https:\/\/www.biolabeco.com.br\/es\/blog\/salud-cardiovascular\/la-importancia-del-sueno-para-el-equilibrio-fisico\/","og_site_name":"Biolab &amp; Co","article_published_time":"2026-03-25T17:45:37+00:00","article_modified_time":"2026-04-13T18:24:13+00:00","og_image":[{"width":768,"height":510,"url":"https:\/\/www.biolabeco.com.br\/wp-content\/uploads\/2026\/03\/Mulher-dormindo-tranquilamente-blog-Viver-Bem.jpg","type":"image\/jpeg"}],"author":"Leordino Jesus","twitter_card":"summary_large_image","twitter_misc":{"Written by":"Leordino Jesus","Est. reading time":"6 minutes"},"schema":{"@context":"https:\/\/schema.org","@graph":[{"@type":"WebPage","@id":"https:\/\/www.biolabeco.com.br\/blog\/saude-cardiovascular\/importancia-do-sono-para-o-equilibrio-fisico\/","url":"https:\/\/www.biolabeco.com.br\/blog\/saude-cardiovascular\/importancia-do-sono-para-o-equilibrio-fisico\/","name":"\u00bfEs el sue\u00f1o importante para el equilibrio f\u00edsico, mental y emocional?","isPartOf":{"@id":"https:\/\/www.biolabeco.com.br\/#website"},"primaryImageOfPage":{"@id":"https:\/\/www.biolabeco.com.br\/blog\/saude-cardiovascular\/importancia-do-sono-para-o-equilibrio-fisico\/#primaryimage"},"image":{"@id":"https:\/\/www.biolabeco.com.br\/blog\/saude-cardiovascular\/importancia-do-sono-para-o-equilibrio-fisico\/#primaryimage"},"thumbnailUrl":"https:\/\/www.biolabeco.com.br\/wp-content\/uploads\/2026\/03\/Mulher-dormindo-tranquilamente-blog-Viver-Bem.jpg","datePublished":"2026-03-25T17:45:37+00:00","dateModified":"2026-04-13T18:24:13+00:00","author":{"@id":"https:\/\/www.biolabeco.com.br\/#\/schema\/person\/906e7e599c92880260b576358fd61395"},"description":"Descubra qu\u00e9 le ocurre al cuerpo durante el sue\u00f1o y por qu\u00e9 dormir bien es esencial para la salud f\u00edsica, mental y emocional.","breadcrumb":{"@id":"https:\/\/www.biolabeco.com.br\/blog\/saude-cardiovascular\/importancia-do-sono-para-o-equilibrio-fisico\/#breadcrumb"},"inLanguage":"es-ES","potentialAction":[{"@type":"ReadAction","target":["https:\/\/www.biolabeco.com.br\/blog\/saude-cardiovascular\/importancia-do-sono-para-o-equilibrio-fisico\/"]}]},{"@type":"ImageObject","inLanguage":"es-ES","@id":"https:\/\/www.biolabeco.com.br\/blog\/saude-cardiovascular\/importancia-do-sono-para-o-equilibrio-fisico\/#primaryimage","url":"https:\/\/www.biolabeco.com.br\/wp-content\/uploads\/2026\/03\/Mulher-dormindo-tranquilamente-blog-Viver-Bem.jpg","contentUrl":"https:\/\/www.biolabeco.com.br\/wp-content\/uploads\/2026\/03\/Mulher-dormindo-tranquilamente-blog-Viver-Bem.jpg","width":768,"height":510,"caption":"Mulher dormindo tranquilamente, representando a import\u00e2ncia do sono para a sa\u00fade f\u00edsica, mental e emocional."},{"@type":"BreadcrumbList","@id":"https:\/\/www.biolabeco.com.br\/blog\/saude-cardiovascular\/importancia-do-sono-para-o-equilibrio-fisico\/#breadcrumb","itemListElement":[{"@type":"ListItem","position":1,"name":"Home","item":"https:\/\/www.biolabeco.com.br\/"},{"@type":"ListItem","position":2,"name":"A import\u00e2ncia do sono para o equil\u00edbrio f\u00edsico, mental e emocional."}]},{"@type":"WebSite","@id":"https:\/\/www.biolabeco.com.br\/#website","url":"https:\/\/www.biolabeco.com.br\/","name":"biolaboratorio","description":"En Biolab &amp; Co, la ciencia y el cuidado van de la mano. Descubra c\u00f3mo promovemos la salud con responsabilidad socioambiental y tecnolog\u00eda.","potentialAction":[{"@type":"SearchAction","target":{"@type":"EntryPoint","urlTemplate":"https:\/\/www.biolabeco.com.br\/?s={search_term_string}"},"query-input":{"@type":"PropertyValueSpecification","valueRequired":true,"valueName":"search_term_string"}}],"inLanguage":"es-ES"},{"@type":"Person","@id":"https:\/\/www.biolabeco.com.br\/#\/schema\/person\/906e7e599c92880260b576358fd61395","name":"Leordino Jes\u00fas","image":{"@type":"ImageObject","inLanguage":"es-ES","@id":"https:\/\/www.biolabeco.com.br\/#\/schema\/person\/image\/","url":"https:\/\/secure.gravatar.com\/avatar\/82d3fb1d5dc3704f31edfb58b057e37f?s=96&d=mm&r=g","contentUrl":"https:\/\/secure.gravatar.com\/avatar\/82d3fb1d5dc3704f31edfb58b057e37f?s=96&d=mm&r=g","caption":"Leordino Jesus"},"url":"https:\/\/www.biolabeco.com.br\/es\/author\/lepaula\/"}]}},"_links":{"self":[{"href":"https:\/\/www.biolabeco.com.br\/es\/wp-json\/wp\/v2\/posts\/16511"}],"collection":[{"href":"https:\/\/www.biolabeco.com.br\/es\/wp-json\/wp\/v2\/posts"}],"about":[{"href":"https:\/\/www.biolabeco.com.br\/es\/wp-json\/wp\/v2\/types\/post"}],"author":[{"embeddable":true,"href":"https:\/\/www.biolabeco.com.br\/es\/wp-json\/wp\/v2\/users\/8"}],"replies":[{"embeddable":true,"href":"https:\/\/www.biolabeco.com.br\/es\/wp-json\/wp\/v2\/comments?post=16511"}],"version-history":[{"count":3,"href":"https:\/\/www.biolabeco.com.br\/es\/wp-json\/wp\/v2\/posts\/16511\/revisions"}],"predecessor-version":[{"id":16686,"href":"https:\/\/www.biolabeco.com.br\/es\/wp-json\/wp\/v2\/posts\/16511\/revisions\/16686"}],"wp:featuredmedia":[{"embeddable":true,"href":"https:\/\/www.biolabeco.com.br\/es\/wp-json\/wp\/v2\/media\/16512"}],"wp:attachment":[{"href":"https:\/\/www.biolabeco.com.br\/es\/wp-json\/wp\/v2\/media?parent=16511"}],"wp:term":[{"taxonomy":"category","embeddable":true,"href":"https:\/\/www.biolabeco.com.br\/es\/wp-json\/wp\/v2\/categories?post=16511"},{"taxonomy":"post_tag","embeddable":true,"href":"https:\/\/www.biolabeco.com.br\/es\/wp-json\/wp\/v2\/tags?post=16511"}],"curies":[{"name":"wp","href":"https:\/\/api.w.org\/{rel}","templated":true}]}}