{"id":16680,"date":"2026-04-13T15:14:57","date_gmt":"2026-04-13T18:14:57","guid":{"rendered":"https:\/\/www.biolabeco.com.br\/?p=16680"},"modified":"2026-04-13T15:18:09","modified_gmt":"2026-04-13T18:18:09","slug":"por-que-la-piel-de-los-ninos-necesita-hidratacion-diaria","status":"publish","type":"post","link":"https:\/\/www.biolabeco.com.br\/es\/blog\/gravidez-e-saude-infantil\/por-que-a-pele-das-criancas-precisa-de-hidratacao-diaria\/","title":{"rendered":"\u00bfPor qu\u00e9 la piel de los ni\u00f1os necesita hidrataci\u00f3n diaria?"},"content":{"rendered":"<p>La piel de los ni\u00f1os es muy suave al tacto. Pero \u00bfsab\u00edas que detr\u00e1s de esta suavidad hay una estructura que a\u00fan se est\u00e1 desarrollando?<\/p>\n\n\n\n<p>Cuando nace un beb\u00e9, su barrera cut\u00e1nea no est\u00e1 completamente preparada. Estudios como los publicados en <em>Farmac\u00e9utica en<\/em> 2022 e <em>Dermatolog\u00eda experimental<\/em> 2023<em>, <\/em>muestran que la piel de un ni\u00f1o sigue madurando hasta los 6 a\u00f1os aproximadamente. Esto significa que, aunque parezca resistente, la piel de un beb\u00e9 es m\u00e1s fina, m\u00e1s sensible y pierde agua m\u00e1s f\u00e1cilmente que la de un adulto. Por eso, hidratar a los ni\u00f1os forma parte de la protecci\u00f3n y el desarrollo saludable de su piel.<\/p>\n\n\n\n<h2 class=\"wp-block-heading\" id=\"h-por-que-a-pele-do-bebe-precisa-de-hidratacao\"><strong>Por qu\u00e9 hay que hidratar la piel del beb\u00e9<\/strong>?<\/h2>\n\n\n\n<p>Las investigaciones revelan algo curioso: la piel de los beb\u00e9s, sobre todo entre los 3 y los 12 meses de edad, puede tener niveles de agua m\u00e1s elevados que la de los adultos. Suena contradictorio, \u00bfverdad? Si tiene m\u00e1s agua, \u00bfpor qu\u00e9 necesita hidrataci\u00f3n?<\/p>\n\n\n\n<p>La respuesta est\u00e1 en la capacidad de retenci\u00f3n. La piel del beb\u00e9 absorbe agua r\u00e1pidamente, pero tambi\u00e9n la pierde con m\u00e1s facilidad. Esto ocurre por tres razones principales:<\/p>\n\n\n\n<ul>\n<li><strong>barrera m\u00e1s fina:<\/strong> el estrato c\u00f3rneo (capa m\u00e1s externa de la piel) puede ser hasta 30% m\u00e1s fino en los beb\u00e9s;<\/li>\n\n\n\n<li><strong>menores concentraciones de l\u00edpidos y factores hidratantes naturales (NMF):<\/strong> estos componentes ayudan a mantener la humedad dentro de la piel y son m\u00e1s escasos durante la infancia;<\/li>\n\n\n\n<li><strong>mayor p\u00e9rdida de agua transepid\u00e9rmica (TEWL):<\/strong> Debido a estas caracter\u00edsticas estructurales, la piel de los ni\u00f1os pierde agua m\u00e1s r\u00e1pidamente y es m\u00e1s vulnerable a la sequedad y a la entrada de agentes irritantes.<\/li>\n<\/ul>\n\n\n\n<p><\/p>\n\n\n\n<p><em>En resumen: la piel de un beb\u00e9 puede retener el agua, pero no durante mucho tiempo.<\/em><\/p>\n\n\n\n<h2 class=\"wp-block-heading\" id=\"h-por-que-a-pele-fica-mais-seca-apos-os-primeiros-dias-de-vida\"><strong>\u00bfPor qu\u00e9 la piel se vuelve m\u00e1s seca despu\u00e9s de los primeros d\u00edas de vida?<\/strong><\/h2>\n\n\n\n<p>Muchos padres notan que, en la primera semana de vida, la piel de su reci\u00e9n nacido tiene un aspecto ligeramente graso y luego empieza a secarse. Esto tiene una explicaci\u00f3n. Al nacer, el beb\u00e9 todav\u00eda tiene altos niveles de sebo, influenciado por las hormonas maternas. En los primeros meses, esta producci\u00f3n disminuye dr\u00e1sticamente y se mantiene baja durante toda la infancia, para volver a aumentar s\u00f3lo en la pubertad.<\/p>\n\n\n\n<p>Sin esta untuosidad natural, la piel pierde parte de su \u201cescudo\u201d protector y se vuelve m\u00e1s propensa a la sequedad. Es entonces cuando las cremas hidratantes corporales para ni\u00f1os desempe\u00f1an un papel fundamental: ayudan a reponer los elementos necesarios para la integridad de la piel, que \u00e9sta a\u00fan no puede producir por s\u00ed misma.<\/p>\n\n\n\n<h2 class=\"wp-block-heading\" id=\"h-hidratar-tambem-ajuda-a-cuidar-de-afeccoes-da-pele\"><strong>La hidrataci\u00f3n tambi\u00e9n ayuda a tratar las afecciones cut\u00e1neas<\/strong>.<\/h2>\n\n\n\n<p>La hidrataci\u00f3n diaria va m\u00e1s all\u00e1 de la prevenci\u00f3n de la sequedad cut\u00e1nea. Seg\u00fan los datos de una revisi\u00f3n publicada en la revista <em>Investigaci\u00f3n en alergia, asma e inmunolog\u00eda<\/em> (AAIR), el uso regular de emolientes desde el nacimiento, especialmente en beb\u00e9s con mayor riesgo de trastornos cut\u00e1neos, puede reducir la incidencia de cualquier trastorno de esta estructura corporal.<\/p>\n\n\n\n<p>Al reforzar la barrera cut\u00e1nea, los productos hidratantes ayudan a impedir que los al\u00e9rgenos y los agentes irritantes penetren en las peque\u00f1as grietas de la piel seca. Como resultado, el sistema inmunitario tiende a reaccionar menos, lo que reduce los procesos inflamatorios.<\/p>\n\n\n\n<h2 class=\"wp-block-heading\" id=\"h-o-ph-da-pele-do-bebe-faz-diferenca\"><strong>\u00bfEl pH de la piel de tu beb\u00e9 marca la diferencia?<\/strong><\/h2>\n\n\n\n<p>Lo hace, \u00a1y mucho! La piel de los adultos tiene un potencial de hidr\u00f3geno (pH) ligeramente \u00e1cido (entre 5 y 5,5), que ayuda a protegerla frente a bacterias y agentes nocivos. Los beb\u00e9s, en cambio, nacen con un pH casi neutro, cercano a 7, y tardan semanas o meses en desarrollar el llamado \u201cmanto \u00e1cido\u201d, que forma parte de la protecci\u00f3n natural de la piel.<\/p>\n\n\n\n<p>Los productos muy alcalinos, como algunos jabones de barra tradicionales, pueden interferir en este proceso. Por eso se recomienda elegir limpiadores e hidratantes suaves con un pH fisiol\u00f3gico cercano a 5,5, as\u00ed como f\u00f3rmulas que contengan ingredientes como las ceramidas, que ayudan a reforzar la barrera cut\u00e1nea.<\/p>\n\n\n\n<h2 class=\"wp-block-heading\" id=\"h-como-hidratar-a-pele-dos-pequenos\"><strong>C\u00f3mo hidratar la piel de los ni\u00f1os<\/strong>?<\/h2>\n\n\n\n<p>Unas sencillas precauciones marcan la diferencia en la rutina de hidrataci\u00f3n de un ni\u00f1o:<\/p>\n\n\n\n<ol>\n<li>Apl\u00edcate crema hidratante justo despu\u00e9s de la ducha: con la piel a\u00fan ligeramente h\u00fameda, la crema hidratante ayuda a \u201csellar\u201d el agua absorbida durante la ducha.<\/li>\n\n\n\n<li>Hidrataci\u00f3n diaria: lo ideal es aplicar el producto por todo el cuerpo al menos una vez al d\u00eda. Si tu piel es m\u00e1s seca, puedes aumentar la frecuencia.<\/li>\n\n\n\n<li>Favorezca los ba\u00f1os r\u00e1pidos y tibios: los ba\u00f1os muy calientes y prolongados eliminan la poca grasa natural de la piel de su hijo. Se recomienda entre 5 y 10 minutos y utilizar limpiadores suaves (syndets).<\/li>\n\n\n\n<li>Elija productos adecuados: d\u00e9 prioridad a las cremas hidratantes que mencionen en su etiquetado caracter\u00edsticas como \u201chipoalerg\u00e9nico\u201d, \u201csin perfume\u201d y \u201cpH fisiol\u00f3gico\u201d. Ingredientes como el dexpantenol (provitamina B<sub>5<\/sub>) y las ceramidas son aliados importantes para reforzar la barrera cut\u00e1nea.<\/li>\n<\/ol>\n\n\n\n<p><\/p>\n\n\n\n<p><em>\u00bfQuiere conocer los factores que pueden afectar a la salud de la piel? Lea el texto sobre <\/em><a href=\"https:\/\/www.biolabeco.com.br\/es\/blog\/piel-y-cuidado\/como-influyen-las-emociones-en-la-salud-de-la-piel\/\"><em>el impacto de las emociones en la piel<\/em><\/a><em>.<\/em><\/p>\n\n\n\n<p>M\u00e1s que un cosm\u00e9tico, la crema hidratante corporal es una herramienta de cuidado diario. Ayuda a proteger la piel contra las agresiones externas, favorece un desarrollo infantil m\u00e1s sano y reduce el riesgo de picores, irritaciones y alergias. Un gesto sencillo, pero que tiene un impacto importante en el bienestar de los m\u00e1s peque\u00f1os.<\/p>\n\n\n\n<p><\/p>\n\n\n\n<p><em>Fuente:<br>https:\/\/e-aair.org\/pdf\/10.4168\/aair.2025.17.1.32<br>https:\/\/www.sciencedirect.com\/science\/article\/pii\/S1933021923000132<br>https:\/\/www.mdpi.com\/1999-4923\/14\/2\/433<br>https:\/\/onlinelibrary.wiley.com\/doi\/epdf\/10.1111\/exd.14843<\/em><\/p>","protected":false},"excerpt":{"rendered":"<p>Quando voc\u00ea toca a pele das crian\u00e7as, a sensa\u00e7\u00e3o \u00e9 de muita maciez. Mas sabia que, por tr\u00e1s dessa suavidade, existe uma estrutura que ainda est\u00e1 em desenvolvimento? O beb\u00ea, ao nascer, n\u00e3o vem com a barreira cut\u00e2nea totalmente pronta. Estudos, como os publicados pelos peri\u00f3dicos Pharmaceutics em 2022 e Experimental Dermatology 2023, mostram que [&hellip;]<\/p>\n","protected":false},"author":8,"featured_media":16681,"comment_status":"open","ping_status":"open","sticky":false,"template":"","format":"standard","meta":{"_acf_changed":false,"footnotes":""},"categories":[1622,1619],"tags":[1641,1693,1695,1694,1692],"acf":[],"yoast_head":"<!-- This site is optimized with the Yoast SEO Premium plugin v24.4 (Yoast SEO v24.4) - https:\/\/yoast.com\/wordpress\/plugins\/seo\/ -->\n<title>Por que a pele das crian\u00e7as precisa de hidrata\u00e7\u00e3o di\u00e1ria? - Biolab &amp; Co<\/title>\n<meta name=\"description\" content=\"Entenda por que a pele das crian\u00e7as \u00e9 mais sens\u00edvel, como funciona a barreira cut\u00e2nea e por que a hidrata\u00e7\u00e3o di\u00e1ria \u00e9 importante.\" \/>\n<meta name=\"robots\" content=\"index, follow, max-snippet:-1, max-image-preview:large, max-video-preview:-1\" \/>\n<link rel=\"canonical\" href=\"https:\/\/www.biolabeco.com.br\/es\/blog\/embarazo-y-salud-infantil\/por-que-la-piel-de-los-ninos-necesita-hidratacion-diaria\/\" \/>\n<meta property=\"og:locale\" content=\"es_ES\" \/>\n<meta property=\"og:type\" content=\"article\" \/>\n<meta property=\"og:title\" content=\"Por que a pele das crian\u00e7as precisa de hidrata\u00e7\u00e3o di\u00e1ria?\" \/>\n<meta property=\"og:description\" content=\"Entenda por que a pele das crian\u00e7as \u00e9 mais sens\u00edvel, como funciona a barreira cut\u00e2nea e por que a hidrata\u00e7\u00e3o di\u00e1ria \u00e9 importante.\" \/>\n<meta property=\"og:url\" content=\"https:\/\/www.biolabeco.com.br\/es\/blog\/embarazo-y-salud-infantil\/por-que-la-piel-de-los-ninos-necesita-hidratacion-diaria\/\" \/>\n<meta property=\"og:site_name\" content=\"Biolab &amp; Co\" \/>\n<meta property=\"article:published_time\" content=\"2026-04-13T18:14:57+00:00\" \/>\n<meta property=\"article:modified_time\" content=\"2026-04-13T18:18:09+00:00\" \/>\n<meta property=\"og:image\" content=\"https:\/\/www.biolabeco.com.br\/wp-content\/uploads\/2026\/04\/Adulto-aplicando-hidratante-em-crianca.jpg\" \/>\n\t<meta property=\"og:image:width\" content=\"1376\" \/>\n\t<meta property=\"og:image:height\" content=\"687\" \/>\n\t<meta property=\"og:image:type\" content=\"image\/jpeg\" \/>\n<meta name=\"author\" content=\"Leordino Jesus\" \/>\n<meta name=\"twitter:card\" content=\"summary_large_image\" \/>\n<meta name=\"twitter:label1\" content=\"Written by\" \/>\n\t<meta name=\"twitter:data1\" content=\"Leordino Jesus\" \/>\n\t<meta name=\"twitter:label2\" content=\"Est. reading time\" \/>\n\t<meta name=\"twitter:data2\" content=\"5 minutes\" \/>\n<script type=\"application\/ld+json\" class=\"yoast-schema-graph\">{\"@context\":\"https:\/\/schema.org\",\"@graph\":[{\"@type\":\"WebPage\",\"@id\":\"https:\/\/www.biolabeco.com.br\/blog\/gravidez-e-saude-infantil\/por-que-a-pele-das-criancas-precisa-de-hidratacao-diaria\/\",\"url\":\"https:\/\/www.biolabeco.com.br\/blog\/gravidez-e-saude-infantil\/por-que-a-pele-das-criancas-precisa-de-hidratacao-diaria\/\",\"name\":\"Por que a pele das crian\u00e7as precisa de hidrata\u00e7\u00e3o di\u00e1ria? - Biolab &amp; Co\",\"isPartOf\":{\"@id\":\"https:\/\/www.biolabeco.com.br\/#website\"},\"primaryImageOfPage\":{\"@id\":\"https:\/\/www.biolabeco.com.br\/blog\/gravidez-e-saude-infantil\/por-que-a-pele-das-criancas-precisa-de-hidratacao-diaria\/#primaryimage\"},\"image\":{\"@id\":\"https:\/\/www.biolabeco.com.br\/blog\/gravidez-e-saude-infantil\/por-que-a-pele-das-criancas-precisa-de-hidratacao-diaria\/#primaryimage\"},\"thumbnailUrl\":\"https:\/\/www.biolabeco.com.br\/wp-content\/uploads\/2026\/04\/Adulto-aplicando-hidratante-em-crianca.jpg\",\"datePublished\":\"2026-04-13T18:14:57+00:00\",\"dateModified\":\"2026-04-13T18:18:09+00:00\",\"author\":{\"@id\":\"https:\/\/www.biolabeco.com.br\/#\/schema\/person\/906e7e599c92880260b576358fd61395\"},\"description\":\"Entenda por que a pele das crian\u00e7as \u00e9 mais sens\u00edvel, como funciona a barreira cut\u00e2nea e por que a hidrata\u00e7\u00e3o di\u00e1ria \u00e9 importante.\",\"breadcrumb\":{\"@id\":\"https:\/\/www.biolabeco.com.br\/blog\/gravidez-e-saude-infantil\/por-que-a-pele-das-criancas-precisa-de-hidratacao-diaria\/#breadcrumb\"},\"inLanguage\":\"es-ES\",\"potentialAction\":[{\"@type\":\"ReadAction\",\"target\":[\"https:\/\/www.biolabeco.com.br\/blog\/gravidez-e-saude-infantil\/por-que-a-pele-das-criancas-precisa-de-hidratacao-diaria\/\"]}]},{\"@type\":\"ImageObject\",\"inLanguage\":\"es-ES\",\"@id\":\"https:\/\/www.biolabeco.com.br\/blog\/gravidez-e-saude-infantil\/por-que-a-pele-das-criancas-precisa-de-hidratacao-diaria\/#primaryimage\",\"url\":\"https:\/\/www.biolabeco.com.br\/wp-content\/uploads\/2026\/04\/Adulto-aplicando-hidratante-em-crianca.jpg\",\"contentUrl\":\"https:\/\/www.biolabeco.com.br\/wp-content\/uploads\/2026\/04\/Adulto-aplicando-hidratante-em-crianca.jpg\",\"width\":1376,\"height\":687,\"caption\":\"Crian\u00e7a recebe cuidados de hidrata\u00e7\u00e3o da pele.\"},{\"@type\":\"BreadcrumbList\",\"@id\":\"https:\/\/www.biolabeco.com.br\/blog\/gravidez-e-saude-infantil\/por-que-a-pele-das-criancas-precisa-de-hidratacao-diaria\/#breadcrumb\",\"itemListElement\":[{\"@type\":\"ListItem\",\"position\":1,\"name\":\"Home\",\"item\":\"https:\/\/www.biolabeco.com.br\/\"},{\"@type\":\"ListItem\",\"position\":2,\"name\":\"Por que a pele das crian\u00e7as precisa de hidrata\u00e7\u00e3o di\u00e1ria?\"}]},{\"@type\":\"WebSite\",\"@id\":\"https:\/\/www.biolabeco.com.br\/#website\",\"url\":\"https:\/\/www.biolabeco.com.br\/\",\"name\":\"Biolab\",\"description\":\"Na Biolab &amp; Co, ci\u00eancia e cuidado caminham juntos. Saiba como promovemos sa\u00fade com responsabilidade socioambiental e tecnologia.\",\"potentialAction\":[{\"@type\":\"SearchAction\",\"target\":{\"@type\":\"EntryPoint\",\"urlTemplate\":\"https:\/\/www.biolabeco.com.br\/?s={search_term_string}\"},\"query-input\":{\"@type\":\"PropertyValueSpecification\",\"valueRequired\":true,\"valueName\":\"search_term_string\"}}],\"inLanguage\":\"es-ES\"},{\"@type\":\"Person\",\"@id\":\"https:\/\/www.biolabeco.com.br\/#\/schema\/person\/906e7e599c92880260b576358fd61395\",\"name\":\"Leordino Jesus\",\"image\":{\"@type\":\"ImageObject\",\"inLanguage\":\"es-ES\",\"@id\":\"https:\/\/www.biolabeco.com.br\/#\/schema\/person\/image\/\",\"url\":\"https:\/\/secure.gravatar.com\/avatar\/82d3fb1d5dc3704f31edfb58b057e37f?s=96&d=mm&r=g\",\"contentUrl\":\"https:\/\/secure.gravatar.com\/avatar\/82d3fb1d5dc3704f31edfb58b057e37f?s=96&d=mm&r=g\",\"caption\":\"Leordino Jesus\"},\"url\":\"https:\/\/www.biolabeco.com.br\/es\/author\/lepaula\/\"}]}<\/script>\n<!-- \/ Yoast SEO Premium plugin. -->","yoast_head_json":{"title":"\u00bfPor qu\u00e9 la piel de los ni\u00f1os necesita hidrataci\u00f3n diaria? - Biolab &amp; Co","description":"Entender por qu\u00e9 la piel de los ni\u00f1os es m\u00e1s sensible, c\u00f3mo funciona la barrera cut\u00e1nea y por qu\u00e9 es importante la hidrataci\u00f3n diaria.","robots":{"index":"index","follow":"follow","max-snippet":"max-snippet:-1","max-image-preview":"max-image-preview:large","max-video-preview":"max-video-preview:-1"},"canonical":"https:\/\/www.biolabeco.com.br\/es\/blog\/embarazo-y-salud-infantil\/por-que-la-piel-de-los-ninos-necesita-hidratacion-diaria\/","og_locale":"es_ES","og_type":"article","og_title":"Por que a pele das crian\u00e7as precisa de hidrata\u00e7\u00e3o di\u00e1ria?","og_description":"Entenda por que a pele das crian\u00e7as \u00e9 mais sens\u00edvel, como funciona a barreira cut\u00e2nea e por que a hidrata\u00e7\u00e3o di\u00e1ria \u00e9 importante.","og_url":"https:\/\/www.biolabeco.com.br\/es\/blog\/embarazo-y-salud-infantil\/por-que-la-piel-de-los-ninos-necesita-hidratacion-diaria\/","og_site_name":"Biolab &amp; Co","article_published_time":"2026-04-13T18:14:57+00:00","article_modified_time":"2026-04-13T18:18:09+00:00","og_image":[{"width":1376,"height":687,"url":"https:\/\/www.biolabeco.com.br\/wp-content\/uploads\/2026\/04\/Adulto-aplicando-hidratante-em-crianca.jpg","type":"image\/jpeg"}],"author":"Leordino Jesus","twitter_card":"summary_large_image","twitter_misc":{"Written by":"Leordino Jesus","Est. reading time":"5 minutes"},"schema":{"@context":"https:\/\/schema.org","@graph":[{"@type":"WebPage","@id":"https:\/\/www.biolabeco.com.br\/blog\/gravidez-e-saude-infantil\/por-que-a-pele-das-criancas-precisa-de-hidratacao-diaria\/","url":"https:\/\/www.biolabeco.com.br\/blog\/gravidez-e-saude-infantil\/por-que-a-pele-das-criancas-precisa-de-hidratacao-diaria\/","name":"\u00bfPor qu\u00e9 la piel de los ni\u00f1os necesita hidrataci\u00f3n diaria? - Biolab &amp; Co","isPartOf":{"@id":"https:\/\/www.biolabeco.com.br\/#website"},"primaryImageOfPage":{"@id":"https:\/\/www.biolabeco.com.br\/blog\/gravidez-e-saude-infantil\/por-que-a-pele-das-criancas-precisa-de-hidratacao-diaria\/#primaryimage"},"image":{"@id":"https:\/\/www.biolabeco.com.br\/blog\/gravidez-e-saude-infantil\/por-que-a-pele-das-criancas-precisa-de-hidratacao-diaria\/#primaryimage"},"thumbnailUrl":"https:\/\/www.biolabeco.com.br\/wp-content\/uploads\/2026\/04\/Adulto-aplicando-hidratante-em-crianca.jpg","datePublished":"2026-04-13T18:14:57+00:00","dateModified":"2026-04-13T18:18:09+00:00","author":{"@id":"https:\/\/www.biolabeco.com.br\/#\/schema\/person\/906e7e599c92880260b576358fd61395"},"description":"Entender por qu\u00e9 la piel de los ni\u00f1os es m\u00e1s sensible, c\u00f3mo funciona la barrera cut\u00e1nea y por qu\u00e9 es importante la hidrataci\u00f3n diaria.","breadcrumb":{"@id":"https:\/\/www.biolabeco.com.br\/blog\/gravidez-e-saude-infantil\/por-que-a-pele-das-criancas-precisa-de-hidratacao-diaria\/#breadcrumb"},"inLanguage":"es-ES","potentialAction":[{"@type":"ReadAction","target":["https:\/\/www.biolabeco.com.br\/blog\/gravidez-e-saude-infantil\/por-que-a-pele-das-criancas-precisa-de-hidratacao-diaria\/"]}]},{"@type":"ImageObject","inLanguage":"es-ES","@id":"https:\/\/www.biolabeco.com.br\/blog\/gravidez-e-saude-infantil\/por-que-a-pele-das-criancas-precisa-de-hidratacao-diaria\/#primaryimage","url":"https:\/\/www.biolabeco.com.br\/wp-content\/uploads\/2026\/04\/Adulto-aplicando-hidratante-em-crianca.jpg","contentUrl":"https:\/\/www.biolabeco.com.br\/wp-content\/uploads\/2026\/04\/Adulto-aplicando-hidratante-em-crianca.jpg","width":1376,"height":687,"caption":"Crian\u00e7a recebe cuidados de hidrata\u00e7\u00e3o da pele."},{"@type":"BreadcrumbList","@id":"https:\/\/www.biolabeco.com.br\/blog\/gravidez-e-saude-infantil\/por-que-a-pele-das-criancas-precisa-de-hidratacao-diaria\/#breadcrumb","itemListElement":[{"@type":"ListItem","position":1,"name":"Home","item":"https:\/\/www.biolabeco.com.br\/"},{"@type":"ListItem","position":2,"name":"Por que a pele das crian\u00e7as precisa de hidrata\u00e7\u00e3o di\u00e1ria?"}]},{"@type":"WebSite","@id":"https:\/\/www.biolabeco.com.br\/#website","url":"https:\/\/www.biolabeco.com.br\/","name":"biolaboratorio","description":"En Biolab &amp; Co, la ciencia y el cuidado van de la mano. Descubra c\u00f3mo promovemos la salud con responsabilidad socioambiental y tecnolog\u00eda.","potentialAction":[{"@type":"SearchAction","target":{"@type":"EntryPoint","urlTemplate":"https:\/\/www.biolabeco.com.br\/?s={search_term_string}"},"query-input":{"@type":"PropertyValueSpecification","valueRequired":true,"valueName":"search_term_string"}}],"inLanguage":"es-ES"},{"@type":"Person","@id":"https:\/\/www.biolabeco.com.br\/#\/schema\/person\/906e7e599c92880260b576358fd61395","name":"Leordino Jes\u00fas","image":{"@type":"ImageObject","inLanguage":"es-ES","@id":"https:\/\/www.biolabeco.com.br\/#\/schema\/person\/image\/","url":"https:\/\/secure.gravatar.com\/avatar\/82d3fb1d5dc3704f31edfb58b057e37f?s=96&d=mm&r=g","contentUrl":"https:\/\/secure.gravatar.com\/avatar\/82d3fb1d5dc3704f31edfb58b057e37f?s=96&d=mm&r=g","caption":"Leordino Jesus"},"url":"https:\/\/www.biolabeco.com.br\/es\/author\/lepaula\/"}]}},"_links":{"self":[{"href":"https:\/\/www.biolabeco.com.br\/es\/wp-json\/wp\/v2\/posts\/16680"}],"collection":[{"href":"https:\/\/www.biolabeco.com.br\/es\/wp-json\/wp\/v2\/posts"}],"about":[{"href":"https:\/\/www.biolabeco.com.br\/es\/wp-json\/wp\/v2\/types\/post"}],"author":[{"embeddable":true,"href":"https:\/\/www.biolabeco.com.br\/es\/wp-json\/wp\/v2\/users\/8"}],"replies":[{"embeddable":true,"href":"https:\/\/www.biolabeco.com.br\/es\/wp-json\/wp\/v2\/comments?post=16680"}],"version-history":[{"count":3,"href":"https:\/\/www.biolabeco.com.br\/es\/wp-json\/wp\/v2\/posts\/16680\/revisions"}],"predecessor-version":[{"id":16684,"href":"https:\/\/www.biolabeco.com.br\/es\/wp-json\/wp\/v2\/posts\/16680\/revisions\/16684"}],"wp:featuredmedia":[{"embeddable":true,"href":"https:\/\/www.biolabeco.com.br\/es\/wp-json\/wp\/v2\/media\/16681"}],"wp:attachment":[{"href":"https:\/\/www.biolabeco.com.br\/es\/wp-json\/wp\/v2\/media?parent=16680"}],"wp:term":[{"taxonomy":"category","embeddable":true,"href":"https:\/\/www.biolabeco.com.br\/es\/wp-json\/wp\/v2\/categories?post=16680"},{"taxonomy":"post_tag","embeddable":true,"href":"https:\/\/www.biolabeco.com.br\/es\/wp-json\/wp\/v2\/tags?post=16680"}],"curies":[{"name":"wp","href":"https:\/\/api.w.org\/{rel}","templated":true}]}}