{"id":528,"date":"2024-11-15T16:53:28","date_gmt":"2024-11-15T18:53:28","guid":{"rendered":"https:\/\/www.biolabemcasa.com.br\/?p=528"},"modified":"2025-12-09T14:40:32","modified_gmt":"2025-12-09T17:40:32","slug":"noviembre-azul-sin-tabu-los-hombres-se-someten-a-examenes-preventivos","status":"publish","type":"post","link":"https:\/\/www.biolabeco.com.br\/es\/blog\/prevencao-e-imunidade\/novembro-azul-sem-tabu-homens-facam-exames-preventivos\/","title":{"rendered":"Noviembre azul sin tab\u00faes: \u00a1Hombres, h\u00e1ganse la prueba!"},"content":{"rendered":"<p>El c\u00e1ncer de pr\u00f3stata es la segunda causa de muerte en los hombres, s\u00f3lo superada por el c\u00e1ncer de pulm\u00f3n. Seg\u00fan las \u00faltimas cifras del Instituto Nacional del C\u00e1ncer (Inca), este tipo de c\u00e1ncer mata a 1 hombre cada 38 minutos, afectando al 28,6% de la poblaci\u00f3n masculina.<\/p>\n<p>Pero, \u00bfqu\u00e9 es la pr\u00f3stata?<\/p>\n<p>La pr\u00f3stata es una gl\u00e1ndula situada delante del recto. Su funci\u00f3n es producir el l\u00edquido prost\u00e1tico que forma parte del semen, protegiendo, nutriendo y ayudando a transportar los espermatozoides. En los hombres j\u00f3venes, la pr\u00f3stata tiene el tama\u00f1o de una nuez, pero su tama\u00f1o aumenta con la edad.<\/p>\n<p>No se sabe con certeza qu\u00e9 causa las mutaciones en el c\u00f3digo gen\u00e9tico de las c\u00e9lulas, que hacen que se conviertan en c\u00e1ncer de pr\u00f3stata. Pero algunos factores pueden contribuir, como tener m\u00e1s de 65 a\u00f1os, tener antecedentes familiares, el s\u00edndrome de Lynch y la exposici\u00f3n laboral a productos t\u00f3xicos.<\/p>\n<p>Es importante recordar que la obesidad es un factor de riesgo del c\u00e1ncer de pr\u00f3stata y puede empeorar la enfermedad. Adem\u00e1s, los hombres de ascendencia africana pueden ser m\u00e1s propensos a desarrollar este tipo de c\u00e1ncer.<\/p>\n<p>La elecci\u00f3n inadecuada de alimentos desempe\u00f1a un papel importante en el aumento del riesgo de desarrollar esta enfermedad. Preste mucha atenci\u00f3n a la ingesta excesiva de alimentos procesados, colorantes, exceso de az\u00facar y otros condimentos. Recomendamos comer m\u00e1s verduras y adoptar h\u00e1bitos saludables como la actividad f\u00edsica.<\/p>\n<p>Aunque el c\u00e1ncer de pr\u00f3stata no presenta s\u00edntomas en sus primeras fases, hay signos que indican que algo va mal, como por ejemplo<\/p>\n<p>. Dificultad para orinar<\/p>\n<p>. Disminuci\u00f3n de la diuresis<\/p>\n<p>. Retraso al iniciar y detener la micci\u00f3n<\/p>\n<p>. Sangre en orina o semen<\/p>\n<p>. Necesidad de orinar con m\u00e1s frecuencia de lo habitual durante el d\u00eda o la noche.<\/p>\n<p>Pero, \u00a1tranquilo! Estos s\u00edntomas son se\u00f1ales de alerta y no significan necesariamente que padezca c\u00e1ncer de pr\u00f3stata. Para confirmar o descartar sospechas, es imprescindible consultar a un ur\u00f3logo o proct\u00f3logo.<\/p>\n<p>El diagn\u00f3stico de la enfermedad se basa en los resultados de los ex\u00e1menes cl\u00ednicos (tacto rectal) y el an\u00e1lisis de sangre del ant\u00edgeno prost\u00e1tico espec\u00edfico (PSA). Ambos son r\u00e1pidos e indoloros. Si el especialista observa cambios en la pr\u00f3stata, se toman peque\u00f1as muestras para analizarlas en el laboratorio (biopsia).<\/p>\n<p>La alerta es pertinente porque, seg\u00fan el Programa Nacional de Salud (PNS), los hombres van menos al m\u00e9dico que las mujeres. Por eso, el Instituto Lado a Lado pela Vida inici\u00f3 en 2011 en Brasil la campa\u00f1a \"Noviembre Azul\". El objetivo es concienciar a los hombres sobre el cuidado de la salud y la importancia de los ex\u00e1menes rutinarios.<\/p>\n<p>Cuanto antes se diagnostique el c\u00e1ncer de pr\u00f3stata, mayores ser\u00e1n las posibilidades de curaci\u00f3n con tratamientos menos invasivos. Por eso no hay nada mejor que la prevenci\u00f3n, acudiendo a las revisiones rutinarias y haci\u00e9ndose las pruebas que le pida su m\u00e9dico. No hay nada m\u00e1s valioso que la vida. \u00a1Cu\u00eddese!<\/p>\n<p><span style=\"font-size: 12px;\"><em>Fuentes:<\/em><\/span><\/p>\n<h6>https:\/\/www.gov.br\/saude\/pt-br\/assuntos\/noticias\/2022\/novembro\/novembro-azul-ministerio-da-saude-reforca-cuidados-com-saude-do-homem<\/h6>\n<h6>https:\/\/www12.senado.leg.br\/noticias\/infomaterias\/2022\/11\/novembro-azul-recomenda-exames-da-prostata-para-prevencao-de-cancer<\/h6>\n<h6>https:\/\/www.gov.br\/inca\/pt-br\/assuntos\/cancer\/tipos\/prostata<\/h6>\n<h6>http:\/\/www.oncoguia.org.br\/conteudo\/homens-negros-tem-mais-chances-de-ter-cancer-de-prostata\/16577\/7\/<\/h6>\n<h6>https:\/\/agenciabrasil.ebc.com.br\/saude\/noticia\/2021-07\/homem-aumenta-ida-ao-medico-mas-mulher-ainda-cuida-mais-da-saude<\/h6>\n<h6>https:\/\/sboc.org.br\/noticias\/item\/2743-sboc-esclarece-mitos-e-verdades-sobre-o-cancer-de-prostata<\/h6>","protected":false},"excerpt":{"rendered":"<p>O c\u00e2ncer de pr\u00f3stata \u00e9 a segunda principal causa de morte em homens, ficando atr\u00e1s somente do c\u00e2ncer de pulm\u00e3o. Segundo dados mais recentes do Instituto Nacional do C\u00e2ncer (Inca), esse tipo de c\u00e2ncer mata 1 homem a cada 38 minutos, atingindo 28,6% da popula\u00e7\u00e3o masculina. Mas, afinal, o que \u00e9 a pr\u00f3stata? A pr\u00f3stata [&hellip;]<\/p>\n","protected":false},"author":7,"featured_media":14947,"comment_status":"closed","ping_status":"closed","sticky":false,"template":"","format":"standard","meta":{"_acf_changed":false,"footnotes":""},"categories":[1618,1621],"tags":[],"acf":[],"yoast_head":"<!-- This site is optimized with the Yoast SEO Premium plugin v24.4 (Yoast SEO v24.4) - https:\/\/yoast.com\/wordpress\/plugins\/seo\/ -->\n<title>Novembro Azul sem tabu: Homens, fa\u00e7am exames preventivos! - Biolab &amp; Co<\/title>\n<meta name=\"robots\" content=\"index, follow, max-snippet:-1, max-image-preview:large, max-video-preview:-1\" \/>\n<link rel=\"canonical\" href=\"https:\/\/www.biolabeco.com.br\/es\/blog\/prevencion-e-inmunidad\/noviembre-azul-sin-tabu-los-hombres-se-someten-a-examenes-preventivos\/\" \/>\n<meta property=\"og:locale\" content=\"es_ES\" \/>\n<meta property=\"og:type\" content=\"article\" \/>\n<meta property=\"og:title\" content=\"Novembro Azul sem tabu: Homens, fa\u00e7am exames preventivos!\" \/>\n<meta property=\"og:description\" content=\"O c\u00e2ncer de pr\u00f3stata \u00e9 a segunda principal causa de morte em homens, ficando atr\u00e1s somente do c\u00e2ncer de pulm\u00e3o. Segundo dados mais recentes do Instituto Nacional do C\u00e2ncer (Inca), esse tipo de c\u00e2ncer mata 1 homem a cada 38 minutos, atingindo 28,6% da popula\u00e7\u00e3o masculina. Mas, afinal, o que \u00e9 a pr\u00f3stata? A pr\u00f3stata [&hellip;]\" \/>\n<meta property=\"og:url\" content=\"https:\/\/www.biolabeco.com.br\/es\/blog\/prevencion-e-inmunidad\/noviembre-azul-sin-tabu-los-hombres-se-someten-a-examenes-preventivos\/\" \/>\n<meta property=\"og:site_name\" content=\"Biolab &amp; Co\" \/>\n<meta property=\"article:published_time\" content=\"2024-11-15T18:53:28+00:00\" \/>\n<meta property=\"article:modified_time\" content=\"2025-12-09T17:40:32+00:00\" \/>\n<meta property=\"og:image\" content=\"https:\/\/www.biolabeco.com.br\/wp-content\/uploads\/2024\/11\/header_2023-11-16-11h35m16s-7523-o_1hfc8t8qj3hr18u8bllm5f1bfg7.jpg.webp\" \/>\n\t<meta property=\"og:image:width\" content=\"1200\" \/>\n\t<meta property=\"og:image:height\" content=\"440\" \/>\n\t<meta property=\"og:image:type\" content=\"image\/webp\" \/>\n<meta name=\"author\" content=\"Yasmim Botelho\" \/>\n<meta name=\"twitter:card\" content=\"summary_large_image\" \/>\n<meta name=\"twitter:label1\" content=\"Written by\" \/>\n\t<meta name=\"twitter:data1\" content=\"Yasmim Botelho\" \/>\n\t<meta name=\"twitter:label2\" content=\"Est. reading time\" \/>\n\t<meta name=\"twitter:data2\" content=\"3 minutes\" \/>\n<script type=\"application\/ld+json\" class=\"yoast-schema-graph\">{\"@context\":\"https:\/\/schema.org\",\"@graph\":[{\"@type\":\"WebPage\",\"@id\":\"https:\/\/www.biolabeco.com.br\/es\/blog\/prevencion-e-inmunidad\/noviembre-azul-sin-tabu-los-hombres-se-someten-a-examenes-preventivos\/\",\"url\":\"https:\/\/www.biolabeco.com.br\/es\/blog\/prevencion-e-inmunidad\/noviembre-azul-sin-tabu-los-hombres-se-someten-a-examenes-preventivos\/\",\"name\":\"Novembro Azul sem tabu: Homens, fa\u00e7am exames preventivos! - Biolab &amp; Co\",\"isPartOf\":{\"@id\":\"https:\/\/www.biolabeco.com.br\/#website\"},\"primaryImageOfPage\":{\"@id\":\"https:\/\/www.biolabeco.com.br\/es\/blog\/prevencion-e-inmunidad\/noviembre-azul-sin-tabu-los-hombres-se-someten-a-examenes-preventivos\/#primaryimage\"},\"image\":{\"@id\":\"https:\/\/www.biolabeco.com.br\/es\/blog\/prevencion-e-inmunidad\/noviembre-azul-sin-tabu-los-hombres-se-someten-a-examenes-preventivos\/#primaryimage\"},\"thumbnailUrl\":\"https:\/\/www.biolabeco.com.br\/wp-content\/uploads\/2024\/11\/header_2023-11-16-11h35m16s-7523-o_1hfc8t8qj3hr18u8bllm5f1bfg7.jpg.webp\",\"datePublished\":\"2024-11-15T18:53:28+00:00\",\"dateModified\":\"2025-12-09T17:40:32+00:00\",\"author\":{\"@id\":\"https:\/\/www.biolabeco.com.br\/#\/schema\/person\/bb07d50e32d20028751837031a066fac\"},\"breadcrumb\":{\"@id\":\"https:\/\/www.biolabeco.com.br\/es\/blog\/prevencion-e-inmunidad\/noviembre-azul-sin-tabu-los-hombres-se-someten-a-examenes-preventivos\/#breadcrumb\"},\"inLanguage\":\"es-ES\",\"potentialAction\":[{\"@type\":\"ReadAction\",\"target\":[\"https:\/\/www.biolabeco.com.br\/es\/blog\/prevencion-e-inmunidad\/noviembre-azul-sin-tabu-los-hombres-se-someten-a-examenes-preventivos\/\"]}]},{\"@type\":\"ImageObject\",\"inLanguage\":\"es-ES\",\"@id\":\"https:\/\/www.biolabeco.com.br\/es\/blog\/prevencion-e-inmunidad\/noviembre-azul-sin-tabu-los-hombres-se-someten-a-examenes-preventivos\/#primaryimage\",\"url\":\"https:\/\/www.biolabeco.com.br\/wp-content\/uploads\/2024\/11\/header_2023-11-16-11h35m16s-7523-o_1hfc8t8qj3hr18u8bllm5f1bfg7.jpg.webp\",\"contentUrl\":\"https:\/\/www.biolabeco.com.br\/wp-content\/uploads\/2024\/11\/header_2023-11-16-11h35m16s-7523-o_1hfc8t8qj3hr18u8bllm5f1bfg7.jpg.webp\",\"width\":1200,\"height\":440},{\"@type\":\"BreadcrumbList\",\"@id\":\"https:\/\/www.biolabeco.com.br\/es\/blog\/prevencion-e-inmunidad\/noviembre-azul-sin-tabu-los-hombres-se-someten-a-examenes-preventivos\/#breadcrumb\",\"itemListElement\":[{\"@type\":\"ListItem\",\"position\":1,\"name\":\"Home\",\"item\":\"https:\/\/www.biolabeco.com.br\/\"},{\"@type\":\"ListItem\",\"position\":2,\"name\":\"Novembro Azul sem tabu: Homens, fa\u00e7am exames preventivos!\"}]},{\"@type\":\"WebSite\",\"@id\":\"https:\/\/www.biolabeco.com.br\/#website\",\"url\":\"https:\/\/www.biolabeco.com.br\/\",\"name\":\"Biolab\",\"description\":\"Na Biolab &amp; Co, ci\u00eancia e cuidado caminham juntos. Saiba como promovemos sa\u00fade com responsabilidade socioambiental e tecnologia.\",\"potentialAction\":[{\"@type\":\"SearchAction\",\"target\":{\"@type\":\"EntryPoint\",\"urlTemplate\":\"https:\/\/www.biolabeco.com.br\/?s={search_term_string}\"},\"query-input\":{\"@type\":\"PropertyValueSpecification\",\"valueRequired\":true,\"valueName\":\"search_term_string\"}}],\"inLanguage\":\"es-ES\"},{\"@type\":\"Person\",\"@id\":\"https:\/\/www.biolabeco.com.br\/#\/schema\/person\/bb07d50e32d20028751837031a066fac\",\"name\":\"Yasmim Botelho\",\"image\":{\"@type\":\"ImageObject\",\"inLanguage\":\"es-ES\",\"@id\":\"https:\/\/www.biolabeco.com.br\/#\/schema\/person\/image\/\",\"url\":\"https:\/\/secure.gravatar.com\/avatar\/9d0fea0daa82eb99e89f9f8c0e5ab7f7?s=96&d=mm&r=g\",\"contentUrl\":\"https:\/\/secure.gravatar.com\/avatar\/9d0fea0daa82eb99e89f9f8c0e5ab7f7?s=96&d=mm&r=g\",\"caption\":\"Yasmim Botelho\"},\"url\":\"https:\/\/www.biolabeco.com.br\/es\/author\/yalves\/\"}]}<\/script>\n<!-- \/ Yoast SEO Premium plugin. -->","yoast_head_json":{"title":"Noviembre azul sin tab\u00faes: \u00a1Hombres, h\u00e1ganse la prueba! - Biolab &amp; Co","robots":{"index":"index","follow":"follow","max-snippet":"max-snippet:-1","max-image-preview":"max-image-preview:large","max-video-preview":"max-video-preview:-1"},"canonical":"https:\/\/www.biolabeco.com.br\/es\/blog\/prevencion-e-inmunidad\/noviembre-azul-sin-tabu-los-hombres-se-someten-a-examenes-preventivos\/","og_locale":"es_ES","og_type":"article","og_title":"Novembro Azul sem tabu: Homens, fa\u00e7am exames preventivos!","og_description":"O c\u00e2ncer de pr\u00f3stata \u00e9 a segunda principal causa de morte em homens, ficando atr\u00e1s somente do c\u00e2ncer de pulm\u00e3o. Segundo dados mais recentes do Instituto Nacional do C\u00e2ncer (Inca), esse tipo de c\u00e2ncer mata 1 homem a cada 38 minutos, atingindo 28,6% da popula\u00e7\u00e3o masculina. Mas, afinal, o que \u00e9 a pr\u00f3stata? A pr\u00f3stata [&hellip;]","og_url":"https:\/\/www.biolabeco.com.br\/es\/blog\/prevencion-e-inmunidad\/noviembre-azul-sin-tabu-los-hombres-se-someten-a-examenes-preventivos\/","og_site_name":"Biolab &amp; Co","article_published_time":"2024-11-15T18:53:28+00:00","article_modified_time":"2025-12-09T17:40:32+00:00","og_image":[{"width":1200,"height":440,"url":"https:\/\/www.biolabeco.com.br\/wp-content\/uploads\/2024\/11\/header_2023-11-16-11h35m16s-7523-o_1hfc8t8qj3hr18u8bllm5f1bfg7.jpg.webp","type":"image\/webp"}],"author":"Yasmim Botelho","twitter_card":"summary_large_image","twitter_misc":{"Written by":"Yasmim Botelho","Est. reading time":"3 minutes"},"schema":{"@context":"https:\/\/schema.org","@graph":[{"@type":"WebPage","@id":"https:\/\/www.biolabeco.com.br\/es\/blog\/prevencion-e-inmunidad\/noviembre-azul-sin-tabu-los-hombres-se-someten-a-examenes-preventivos\/","url":"https:\/\/www.biolabeco.com.br\/es\/blog\/prevencion-e-inmunidad\/noviembre-azul-sin-tabu-los-hombres-se-someten-a-examenes-preventivos\/","name":"Noviembre azul sin tab\u00faes: \u00a1Hombres, h\u00e1ganse la prueba! - Biolab &amp; Co","isPartOf":{"@id":"https:\/\/www.biolabeco.com.br\/#website"},"primaryImageOfPage":{"@id":"https:\/\/www.biolabeco.com.br\/es\/blog\/prevencion-e-inmunidad\/noviembre-azul-sin-tabu-los-hombres-se-someten-a-examenes-preventivos\/#primaryimage"},"image":{"@id":"https:\/\/www.biolabeco.com.br\/es\/blog\/prevencion-e-inmunidad\/noviembre-azul-sin-tabu-los-hombres-se-someten-a-examenes-preventivos\/#primaryimage"},"thumbnailUrl":"https:\/\/www.biolabeco.com.br\/wp-content\/uploads\/2024\/11\/header_2023-11-16-11h35m16s-7523-o_1hfc8t8qj3hr18u8bllm5f1bfg7.jpg.webp","datePublished":"2024-11-15T18:53:28+00:00","dateModified":"2025-12-09T17:40:32+00:00","author":{"@id":"https:\/\/www.biolabeco.com.br\/#\/schema\/person\/bb07d50e32d20028751837031a066fac"},"breadcrumb":{"@id":"https:\/\/www.biolabeco.com.br\/es\/blog\/prevencion-e-inmunidad\/noviembre-azul-sin-tabu-los-hombres-se-someten-a-examenes-preventivos\/#breadcrumb"},"inLanguage":"es-ES","potentialAction":[{"@type":"ReadAction","target":["https:\/\/www.biolabeco.com.br\/es\/blog\/prevencion-e-inmunidad\/noviembre-azul-sin-tabu-los-hombres-se-someten-a-examenes-preventivos\/"]}]},{"@type":"ImageObject","inLanguage":"es-ES","@id":"https:\/\/www.biolabeco.com.br\/es\/blog\/prevencion-e-inmunidad\/noviembre-azul-sin-tabu-los-hombres-se-someten-a-examenes-preventivos\/#primaryimage","url":"https:\/\/www.biolabeco.com.br\/wp-content\/uploads\/2024\/11\/header_2023-11-16-11h35m16s-7523-o_1hfc8t8qj3hr18u8bllm5f1bfg7.jpg.webp","contentUrl":"https:\/\/www.biolabeco.com.br\/wp-content\/uploads\/2024\/11\/header_2023-11-16-11h35m16s-7523-o_1hfc8t8qj3hr18u8bllm5f1bfg7.jpg.webp","width":1200,"height":440},{"@type":"BreadcrumbList","@id":"https:\/\/www.biolabeco.com.br\/es\/blog\/prevencion-e-inmunidad\/noviembre-azul-sin-tabu-los-hombres-se-someten-a-examenes-preventivos\/#breadcrumb","itemListElement":[{"@type":"ListItem","position":1,"name":"Home","item":"https:\/\/www.biolabeco.com.br\/"},{"@type":"ListItem","position":2,"name":"Novembro Azul sem tabu: Homens, fa\u00e7am exames preventivos!"}]},{"@type":"WebSite","@id":"https:\/\/www.biolabeco.com.br\/#website","url":"https:\/\/www.biolabeco.com.br\/","name":"biolaboratorio","description":"En Biolab &amp; Co, la ciencia y el cuidado van de la mano. Descubra c\u00f3mo promovemos la salud con responsabilidad socioambiental y tecnolog\u00eda.","potentialAction":[{"@type":"SearchAction","target":{"@type":"EntryPoint","urlTemplate":"https:\/\/www.biolabeco.com.br\/?s={search_term_string}"},"query-input":{"@type":"PropertyValueSpecification","valueRequired":true,"valueName":"search_term_string"}}],"inLanguage":"es-ES"},{"@type":"Person","@id":"https:\/\/www.biolabeco.com.br\/#\/schema\/person\/bb07d50e32d20028751837031a066fac","name":"Yasmim Botelho","image":{"@type":"ImageObject","inLanguage":"es-ES","@id":"https:\/\/www.biolabeco.com.br\/#\/schema\/person\/image\/","url":"https:\/\/secure.gravatar.com\/avatar\/9d0fea0daa82eb99e89f9f8c0e5ab7f7?s=96&d=mm&r=g","contentUrl":"https:\/\/secure.gravatar.com\/avatar\/9d0fea0daa82eb99e89f9f8c0e5ab7f7?s=96&d=mm&r=g","caption":"Yasmim Botelho"},"url":"https:\/\/www.biolabeco.com.br\/es\/author\/yalves\/"}]}},"_links":{"self":[{"href":"https:\/\/www.biolabeco.com.br\/es\/wp-json\/wp\/v2\/posts\/528"}],"collection":[{"href":"https:\/\/www.biolabeco.com.br\/es\/wp-json\/wp\/v2\/posts"}],"about":[{"href":"https:\/\/www.biolabeco.com.br\/es\/wp-json\/wp\/v2\/types\/post"}],"author":[{"embeddable":true,"href":"https:\/\/www.biolabeco.com.br\/es\/wp-json\/wp\/v2\/users\/7"}],"replies":[{"embeddable":true,"href":"https:\/\/www.biolabeco.com.br\/es\/wp-json\/wp\/v2\/comments?post=528"}],"version-history":[{"count":1,"href":"https:\/\/www.biolabeco.com.br\/es\/wp-json\/wp\/v2\/posts\/528\/revisions"}],"predecessor-version":[{"id":14948,"href":"https:\/\/www.biolabeco.com.br\/es\/wp-json\/wp\/v2\/posts\/528\/revisions\/14948"}],"wp:featuredmedia":[{"embeddable":true,"href":"https:\/\/www.biolabeco.com.br\/es\/wp-json\/wp\/v2\/media\/14947"}],"wp:attachment":[{"href":"https:\/\/www.biolabeco.com.br\/es\/wp-json\/wp\/v2\/media?parent=528"}],"wp:term":[{"taxonomy":"category","embeddable":true,"href":"https:\/\/www.biolabeco.com.br\/es\/wp-json\/wp\/v2\/categories?post=528"},{"taxonomy":"post_tag","embeddable":true,"href":"https:\/\/www.biolabeco.com.br\/es\/wp-json\/wp\/v2\/tags?post=528"}],"curies":[{"name":"wp","href":"https:\/\/api.w.org\/{rel}","templated":true}]}}