{"id":534,"date":"2024-12-30T17:03:35","date_gmt":"2024-12-30T19:03:35","guid":{"rendered":"https:\/\/www.biolabemcasa.com.br\/?p=534"},"modified":"2025-12-09T14:43:06","modified_gmt":"2025-12-09T17:43:06","slug":"la-indisposicion-puede-ser-un-indicio-de-deficiencia-de-vitamina-b12","status":"publish","type":"post","link":"https:\/\/www.biolabeco.com.br\/es\/blog\/mobilidade-e-atividade-fisica\/indisposicao-pode-ser-indicio-de-carencia-de-vitamina-b12\/","title":{"rendered":"\u00bfSe encuentra mal? Podr\u00eda ser un indicio de deficiencia de vitamina B12"},"content":{"rendered":"<p>La vitamina B12 desempe\u00f1a un papel fundamental en el mantenimiento de diversas funciones del cuerpo humano y su presencia es indispensable en una dieta equilibrada.<\/p>\n<p>Tambi\u00e9n conocida como cobalamina, forma parte del complejo B e interviene directamente en la formaci\u00f3n de c\u00e9lulas sangu\u00edneas y neuronas, y es muy importante para mantener la vaina de mielina, la estructura que conduce los impulsos el\u00e9ctricos e integra la comunicaci\u00f3n entre neuronas.<\/p>\n<p>La carencia de vitamina B12 puede causar complicaciones neurol\u00f3gicas y hematol\u00f3gicas (en la sangre), ya que es responsable del funcionamiento de diversas c\u00e9lulas y del mantenimiento del metabolismo y del sistema nervioso, adem\u00e1s de participar en la s\u00edntesis del ADN. En cuanto a la carencia, un estudio realizado por la Revista Brasile\u00f1a de Patolog\u00eda y Medicina de Laboratorio estima que el 20% de la poblaci\u00f3n de los pa\u00edses industrializados tiene carencia de esta vitamina.<\/p>\n<p>Aunque predominan las manifestaciones neurol\u00f3gicas, una carencia de esta vitamina puede afectar a otras partes del organismo, dando lugar a diversas complicaciones como anemia perniciosa, disfunciones gastrointestinales e incluso problemas cardiovasculares.<\/p>\n<p>No todo el mundo tiene s\u00edntomas, muchos pueden ser asintom\u00e1ticos y descubrir la deficiencia tras una investigaci\u00f3n m\u00e9dica. Pero, en general, los s\u00edntomas pueden incluir palidez y piel amarillenta; debilidad y fatiga extremas; dificultad para respirar y mareos; disminuci\u00f3n del sentido del tacto, problemas para caminar y de visi\u00f3n, y falta de apetito y p\u00e9rdida de peso.<\/p>\n<p>La vitamina B12 se encuentra en alimentos de origen animal, como el pescado, el marisco, la carne, los productos l\u00e1cteos y los huevos. No se ha encontrado en alimentos de origen vegetal. Por eso es frecuente que los vegetarianos y veganos tengan carencias de esta vitamina. Sin embargo, la carencia de esta vitamina tambi\u00e9n puede estar relacionada con la edad y ciertas enfermedades del tracto gastrointestinal, como la celiaqu\u00eda y la enfermedad de Crohn. Los beb\u00e9s de madres que no comen carne y las personas que se han sometido a procedimientos gastrointestinales tambi\u00e9n est\u00e1n en riesgo.<\/p>\n<p>Para saber si tiene carencia de vitamina B12, debe hacerse pruebas de laboratorio. En caso de duda, pida consejo a un profesional para que le recomiende la mejor forma de suplementaci\u00f3n. De hecho, con los avances tecnol\u00f3gicos, puedes encontrar opciones de suplementos veganos que satisfagan tus necesidades diarias.<\/p>\n<p><span style=\"font-size: 14px;\"><em>Fuentes:<\/em><\/span><\/p>\n<h6><span style=\"font-size: 14px;\"><em>https:\/\/www.biolabemcasa.com.br\/produtos\/ativb-1000mcg-com-30-comprimidos<\/em><\/span><\/h6>\n<h6>https:\/\/abran.org.br\/imprensa\/noticia\/associacao-da-ingestao-de-vitamina-b-12-de-laticinios-e-de-carnes-na-diminuicao-do-risco-de-baixo-status-e-deficiencia-de-vitamina-b-12<\/h6>\n<h6>https:\/\/codeagro.agricultura.sp.gov.br\/cesans\/artigo\/170\/vitamina-b12<\/h6>\n<blockquote class=\"wp-embedded-content\" data-secret=\"b5aAfIleev\"><p><a href=\"https:\/\/svb.org.br\/vegetarianismo-e-veganismo\/saude\/\">Salud<\/a><\/p><\/blockquote>\n<p><iframe class=\"wp-embedded-content\" sandbox=\"allow-scripts\" security=\"restricted\" style=\"position: absolute; clip: rect(1px, 1px, 1px, 1px);\" title=\"&quot;Salud&quot; - SVB\" src=\"https:\/\/svb.org.br\/vegetarianismo-e-veganismo\/saude\/embed\/#?secret=gK5QtYLvu2#?secret=b5aAfIleev\" data-secret=\"b5aAfIleev\" width=\"500\" height=\"282\" frameborder=\"0\" marginwidth=\"0\" marginheight=\"0\" scrolling=\"no\"><\/iframe><\/p>\n<h6>https:\/\/old.svb.org.br\/images\/livros\/alimentacao-vegetariana2019-web-.pdf<\/h6>\n<h6>https:\/\/www.scielo.br\/j\/jbpml\/a\/ds8PKDSTTBsXBhtfHqncT8M\/#:~:text=Em%20pa%C3%ADses%20industrializados%2C%20estudos%20epidemiol%C3%B3gicos,de%20vitamina%20usada%20no%20estudo).<\/h6>","protected":false},"excerpt":{"rendered":"<p>A vitamina B12 tem papel fundamental na manuten\u00e7\u00e3o de v\u00e1rias fun\u00e7\u00f5es do corpo humano e sua presen\u00e7a \u00e9 indispens\u00e1vel em uma alimenta\u00e7\u00e3o equilibrada. Tamb\u00e9m conhecida como cobalamina, ela faz parte do complexo B e est\u00e1 diretamente envolvida na forma\u00e7\u00e3o das c\u00e9lulas sangu\u00edneas e dos neur\u00f4nios, e \u00e9 muito importante para a manuten\u00e7\u00e3o da bainha de [&hellip;]<\/p>\n","protected":false},"author":7,"featured_media":14959,"comment_status":"closed","ping_status":"closed","sticky":false,"template":"","format":"standard","meta":{"_acf_changed":false,"footnotes":""},"categories":[1620,1618,1616],"tags":[],"acf":[],"yoast_head":"<!-- This site is optimized with the Yoast SEO Premium plugin v24.4 (Yoast SEO v24.4) - https:\/\/yoast.com\/wordpress\/plugins\/seo\/ -->\n<title>Indisposi\u00e7\u00e3o? Pode ser ind\u00edcio de car\u00eancia de vitamina B12 - Biolab &amp; Co<\/title>\n<meta name=\"robots\" content=\"index, follow, max-snippet:-1, max-image-preview:large, max-video-preview:-1\" \/>\n<link rel=\"canonical\" href=\"https:\/\/www.biolabeco.com.br\/es\/blog\/movilidad-y-actividad-fisica\/la-indisposicion-puede-ser-un-indicio-de-deficiencia-de-vitamina-b12\/\" \/>\n<meta property=\"og:locale\" content=\"es_ES\" \/>\n<meta property=\"og:type\" content=\"article\" \/>\n<meta property=\"og:title\" content=\"Indisposi\u00e7\u00e3o? Pode ser ind\u00edcio de car\u00eancia de vitamina B12\" \/>\n<meta property=\"og:description\" content=\"A vitamina B12 tem papel fundamental na manuten\u00e7\u00e3o de v\u00e1rias fun\u00e7\u00f5es do corpo humano e sua presen\u00e7a \u00e9 indispens\u00e1vel em uma alimenta\u00e7\u00e3o equilibrada. Tamb\u00e9m conhecida como cobalamina, ela faz parte do complexo B e est\u00e1 diretamente envolvida na forma\u00e7\u00e3o das c\u00e9lulas sangu\u00edneas e dos neur\u00f4nios, e \u00e9 muito importante para a manuten\u00e7\u00e3o da bainha de [&hellip;]\" \/>\n<meta property=\"og:url\" content=\"https:\/\/www.biolabeco.com.br\/es\/blog\/movilidad-y-actividad-fisica\/la-indisposicion-puede-ser-un-indicio-de-deficiencia-de-vitamina-b12\/\" \/>\n<meta property=\"og:site_name\" content=\"Biolab &amp; Co\" \/>\n<meta property=\"article:published_time\" content=\"2024-12-30T19:03:35+00:00\" \/>\n<meta property=\"article:modified_time\" content=\"2025-12-09T17:43:06+00:00\" \/>\n<meta property=\"og:image\" content=\"https:\/\/www.biolabeco.com.br\/wp-content\/uploads\/2024\/12\/Banner-Blog-Viver-Bem-Indisposicao-Pode-ser-indicio-de-carencia-de-vitamina-B12.png.webp\" \/>\n\t<meta property=\"og:image:width\" content=\"1200\" \/>\n\t<meta property=\"og:image:height\" content=\"436\" \/>\n\t<meta property=\"og:image:type\" content=\"image\/webp\" \/>\n<meta name=\"author\" content=\"Yasmim Botelho\" \/>\n<meta name=\"twitter:card\" content=\"summary_large_image\" \/>\n<meta name=\"twitter:label1\" content=\"Written by\" \/>\n\t<meta name=\"twitter:data1\" content=\"Yasmim Botelho\" \/>\n\t<meta name=\"twitter:label2\" content=\"Est. reading time\" \/>\n\t<meta name=\"twitter:data2\" content=\"3 minutes\" \/>\n<script type=\"application\/ld+json\" class=\"yoast-schema-graph\">{\"@context\":\"https:\/\/schema.org\",\"@graph\":[{\"@type\":\"WebPage\",\"@id\":\"https:\/\/www.biolabeco.com.br\/blog\/mobilidade-e-atividade-fisica\/indisposicao-pode-ser-indicio-de-carencia-de-vitamina-b12\/\",\"url\":\"https:\/\/www.biolabeco.com.br\/blog\/mobilidade-e-atividade-fisica\/indisposicao-pode-ser-indicio-de-carencia-de-vitamina-b12\/\",\"name\":\"Indisposi\u00e7\u00e3o? Pode ser ind\u00edcio de car\u00eancia de vitamina B12 - Biolab &amp; Co\",\"isPartOf\":{\"@id\":\"https:\/\/www.biolabeco.com.br\/#website\"},\"primaryImageOfPage\":{\"@id\":\"https:\/\/www.biolabeco.com.br\/blog\/mobilidade-e-atividade-fisica\/indisposicao-pode-ser-indicio-de-carencia-de-vitamina-b12\/#primaryimage\"},\"image\":{\"@id\":\"https:\/\/www.biolabeco.com.br\/blog\/mobilidade-e-atividade-fisica\/indisposicao-pode-ser-indicio-de-carencia-de-vitamina-b12\/#primaryimage\"},\"thumbnailUrl\":\"https:\/\/www.biolabeco.com.br\/wp-content\/uploads\/2024\/12\/Banner-Blog-Viver-Bem-Indisposicao-Pode-ser-indicio-de-carencia-de-vitamina-B12.png.webp\",\"datePublished\":\"2024-12-30T19:03:35+00:00\",\"dateModified\":\"2025-12-09T17:43:06+00:00\",\"author\":{\"@id\":\"https:\/\/www.biolabeco.com.br\/#\/schema\/person\/bb07d50e32d20028751837031a066fac\"},\"breadcrumb\":{\"@id\":\"https:\/\/www.biolabeco.com.br\/blog\/mobilidade-e-atividade-fisica\/indisposicao-pode-ser-indicio-de-carencia-de-vitamina-b12\/#breadcrumb\"},\"inLanguage\":\"es-ES\",\"potentialAction\":[{\"@type\":\"ReadAction\",\"target\":[\"https:\/\/www.biolabeco.com.br\/blog\/mobilidade-e-atividade-fisica\/indisposicao-pode-ser-indicio-de-carencia-de-vitamina-b12\/\"]}]},{\"@type\":\"ImageObject\",\"inLanguage\":\"es-ES\",\"@id\":\"https:\/\/www.biolabeco.com.br\/blog\/mobilidade-e-atividade-fisica\/indisposicao-pode-ser-indicio-de-carencia-de-vitamina-b12\/#primaryimage\",\"url\":\"https:\/\/www.biolabeco.com.br\/wp-content\/uploads\/2024\/12\/Banner-Blog-Viver-Bem-Indisposicao-Pode-ser-indicio-de-carencia-de-vitamina-B12.png.webp\",\"contentUrl\":\"https:\/\/www.biolabeco.com.br\/wp-content\/uploads\/2024\/12\/Banner-Blog-Viver-Bem-Indisposicao-Pode-ser-indicio-de-carencia-de-vitamina-B12.png.webp\",\"width\":1200,\"height\":436},{\"@type\":\"BreadcrumbList\",\"@id\":\"https:\/\/www.biolabeco.com.br\/blog\/mobilidade-e-atividade-fisica\/indisposicao-pode-ser-indicio-de-carencia-de-vitamina-b12\/#breadcrumb\",\"itemListElement\":[{\"@type\":\"ListItem\",\"position\":1,\"name\":\"Home\",\"item\":\"https:\/\/www.biolabeco.com.br\/\"},{\"@type\":\"ListItem\",\"position\":2,\"name\":\"Indisposi\u00e7\u00e3o? Pode ser ind\u00edcio de car\u00eancia de vitamina B12\"}]},{\"@type\":\"WebSite\",\"@id\":\"https:\/\/www.biolabeco.com.br\/#website\",\"url\":\"https:\/\/www.biolabeco.com.br\/\",\"name\":\"Biolab\",\"description\":\"Na Biolab &amp; Co, ci\u00eancia e cuidado caminham juntos. Saiba como promovemos sa\u00fade com responsabilidade socioambiental e tecnologia.\",\"potentialAction\":[{\"@type\":\"SearchAction\",\"target\":{\"@type\":\"EntryPoint\",\"urlTemplate\":\"https:\/\/www.biolabeco.com.br\/?s={search_term_string}\"},\"query-input\":{\"@type\":\"PropertyValueSpecification\",\"valueRequired\":true,\"valueName\":\"search_term_string\"}}],\"inLanguage\":\"es-ES\"},{\"@type\":\"Person\",\"@id\":\"https:\/\/www.biolabeco.com.br\/#\/schema\/person\/bb07d50e32d20028751837031a066fac\",\"name\":\"Yasmim Botelho\",\"image\":{\"@type\":\"ImageObject\",\"inLanguage\":\"es-ES\",\"@id\":\"https:\/\/www.biolabeco.com.br\/#\/schema\/person\/image\/\",\"url\":\"https:\/\/secure.gravatar.com\/avatar\/9d0fea0daa82eb99e89f9f8c0e5ab7f7?s=96&d=mm&r=g\",\"contentUrl\":\"https:\/\/secure.gravatar.com\/avatar\/9d0fea0daa82eb99e89f9f8c0e5ab7f7?s=96&d=mm&r=g\",\"caption\":\"Yasmim Botelho\"},\"url\":\"https:\/\/www.biolabeco.com.br\/es\/author\/yalves\/\"}]}<\/script>\n<!-- \/ Yoast SEO Premium plugin. -->","yoast_head_json":{"title":"\u00bfSe encuentra mal? Podr\u00eda ser un indicio de deficiencia de vitamina B12 - Biolab &amp; Co","robots":{"index":"index","follow":"follow","max-snippet":"max-snippet:-1","max-image-preview":"max-image-preview:large","max-video-preview":"max-video-preview:-1"},"canonical":"https:\/\/www.biolabeco.com.br\/es\/blog\/movilidad-y-actividad-fisica\/la-indisposicion-puede-ser-un-indicio-de-deficiencia-de-vitamina-b12\/","og_locale":"es_ES","og_type":"article","og_title":"Indisposi\u00e7\u00e3o? Pode ser ind\u00edcio de car\u00eancia de vitamina B12","og_description":"A vitamina B12 tem papel fundamental na manuten\u00e7\u00e3o de v\u00e1rias fun\u00e7\u00f5es do corpo humano e sua presen\u00e7a \u00e9 indispens\u00e1vel em uma alimenta\u00e7\u00e3o equilibrada. Tamb\u00e9m conhecida como cobalamina, ela faz parte do complexo B e est\u00e1 diretamente envolvida na forma\u00e7\u00e3o das c\u00e9lulas sangu\u00edneas e dos neur\u00f4nios, e \u00e9 muito importante para a manuten\u00e7\u00e3o da bainha de [&hellip;]","og_url":"https:\/\/www.biolabeco.com.br\/es\/blog\/movilidad-y-actividad-fisica\/la-indisposicion-puede-ser-un-indicio-de-deficiencia-de-vitamina-b12\/","og_site_name":"Biolab &amp; Co","article_published_time":"2024-12-30T19:03:35+00:00","article_modified_time":"2025-12-09T17:43:06+00:00","og_image":[{"width":1200,"height":436,"url":"https:\/\/www.biolabeco.com.br\/wp-content\/uploads\/2024\/12\/Banner-Blog-Viver-Bem-Indisposicao-Pode-ser-indicio-de-carencia-de-vitamina-B12.png.webp","type":"image\/webp"}],"author":"Yasmim Botelho","twitter_card":"summary_large_image","twitter_misc":{"Written by":"Yasmim Botelho","Est. reading time":"3 minutes"},"schema":{"@context":"https:\/\/schema.org","@graph":[{"@type":"WebPage","@id":"https:\/\/www.biolabeco.com.br\/blog\/mobilidade-e-atividade-fisica\/indisposicao-pode-ser-indicio-de-carencia-de-vitamina-b12\/","url":"https:\/\/www.biolabeco.com.br\/blog\/mobilidade-e-atividade-fisica\/indisposicao-pode-ser-indicio-de-carencia-de-vitamina-b12\/","name":"\u00bfSe encuentra mal? Podr\u00eda ser un indicio de deficiencia de vitamina B12 - Biolab &amp; Co","isPartOf":{"@id":"https:\/\/www.biolabeco.com.br\/#website"},"primaryImageOfPage":{"@id":"https:\/\/www.biolabeco.com.br\/blog\/mobilidade-e-atividade-fisica\/indisposicao-pode-ser-indicio-de-carencia-de-vitamina-b12\/#primaryimage"},"image":{"@id":"https:\/\/www.biolabeco.com.br\/blog\/mobilidade-e-atividade-fisica\/indisposicao-pode-ser-indicio-de-carencia-de-vitamina-b12\/#primaryimage"},"thumbnailUrl":"https:\/\/www.biolabeco.com.br\/wp-content\/uploads\/2024\/12\/Banner-Blog-Viver-Bem-Indisposicao-Pode-ser-indicio-de-carencia-de-vitamina-B12.png.webp","datePublished":"2024-12-30T19:03:35+00:00","dateModified":"2025-12-09T17:43:06+00:00","author":{"@id":"https:\/\/www.biolabeco.com.br\/#\/schema\/person\/bb07d50e32d20028751837031a066fac"},"breadcrumb":{"@id":"https:\/\/www.biolabeco.com.br\/blog\/mobilidade-e-atividade-fisica\/indisposicao-pode-ser-indicio-de-carencia-de-vitamina-b12\/#breadcrumb"},"inLanguage":"es-ES","potentialAction":[{"@type":"ReadAction","target":["https:\/\/www.biolabeco.com.br\/blog\/mobilidade-e-atividade-fisica\/indisposicao-pode-ser-indicio-de-carencia-de-vitamina-b12\/"]}]},{"@type":"ImageObject","inLanguage":"es-ES","@id":"https:\/\/www.biolabeco.com.br\/blog\/mobilidade-e-atividade-fisica\/indisposicao-pode-ser-indicio-de-carencia-de-vitamina-b12\/#primaryimage","url":"https:\/\/www.biolabeco.com.br\/wp-content\/uploads\/2024\/12\/Banner-Blog-Viver-Bem-Indisposicao-Pode-ser-indicio-de-carencia-de-vitamina-B12.png.webp","contentUrl":"https:\/\/www.biolabeco.com.br\/wp-content\/uploads\/2024\/12\/Banner-Blog-Viver-Bem-Indisposicao-Pode-ser-indicio-de-carencia-de-vitamina-B12.png.webp","width":1200,"height":436},{"@type":"BreadcrumbList","@id":"https:\/\/www.biolabeco.com.br\/blog\/mobilidade-e-atividade-fisica\/indisposicao-pode-ser-indicio-de-carencia-de-vitamina-b12\/#breadcrumb","itemListElement":[{"@type":"ListItem","position":1,"name":"Home","item":"https:\/\/www.biolabeco.com.br\/"},{"@type":"ListItem","position":2,"name":"Indisposi\u00e7\u00e3o? Pode ser ind\u00edcio de car\u00eancia de vitamina B12"}]},{"@type":"WebSite","@id":"https:\/\/www.biolabeco.com.br\/#website","url":"https:\/\/www.biolabeco.com.br\/","name":"biolaboratorio","description":"En Biolab &amp; Co, la ciencia y el cuidado van de la mano. Descubra c\u00f3mo promovemos la salud con responsabilidad socioambiental y tecnolog\u00eda.","potentialAction":[{"@type":"SearchAction","target":{"@type":"EntryPoint","urlTemplate":"https:\/\/www.biolabeco.com.br\/?s={search_term_string}"},"query-input":{"@type":"PropertyValueSpecification","valueRequired":true,"valueName":"search_term_string"}}],"inLanguage":"es-ES"},{"@type":"Person","@id":"https:\/\/www.biolabeco.com.br\/#\/schema\/person\/bb07d50e32d20028751837031a066fac","name":"Yasmim Botelho","image":{"@type":"ImageObject","inLanguage":"es-ES","@id":"https:\/\/www.biolabeco.com.br\/#\/schema\/person\/image\/","url":"https:\/\/secure.gravatar.com\/avatar\/9d0fea0daa82eb99e89f9f8c0e5ab7f7?s=96&d=mm&r=g","contentUrl":"https:\/\/secure.gravatar.com\/avatar\/9d0fea0daa82eb99e89f9f8c0e5ab7f7?s=96&d=mm&r=g","caption":"Yasmim Botelho"},"url":"https:\/\/www.biolabeco.com.br\/es\/author\/yalves\/"}]}},"_links":{"self":[{"href":"https:\/\/www.biolabeco.com.br\/es\/wp-json\/wp\/v2\/posts\/534"}],"collection":[{"href":"https:\/\/www.biolabeco.com.br\/es\/wp-json\/wp\/v2\/posts"}],"about":[{"href":"https:\/\/www.biolabeco.com.br\/es\/wp-json\/wp\/v2\/types\/post"}],"author":[{"embeddable":true,"href":"https:\/\/www.biolabeco.com.br\/es\/wp-json\/wp\/v2\/users\/7"}],"replies":[{"embeddable":true,"href":"https:\/\/www.biolabeco.com.br\/es\/wp-json\/wp\/v2\/comments?post=534"}],"version-history":[{"count":1,"href":"https:\/\/www.biolabeco.com.br\/es\/wp-json\/wp\/v2\/posts\/534\/revisions"}],"predecessor-version":[{"id":14960,"href":"https:\/\/www.biolabeco.com.br\/es\/wp-json\/wp\/v2\/posts\/534\/revisions\/14960"}],"wp:featuredmedia":[{"embeddable":true,"href":"https:\/\/www.biolabeco.com.br\/es\/wp-json\/wp\/v2\/media\/14959"}],"wp:attachment":[{"href":"https:\/\/www.biolabeco.com.br\/es\/wp-json\/wp\/v2\/media?parent=534"}],"wp:term":[{"taxonomy":"category","embeddable":true,"href":"https:\/\/www.biolabeco.com.br\/es\/wp-json\/wp\/v2\/categories?post=534"},{"taxonomy":"post_tag","embeddable":true,"href":"https:\/\/www.biolabeco.com.br\/es\/wp-json\/wp\/v2\/tags?post=534"}],"curies":[{"name":"wp","href":"https:\/\/api.w.org\/{rel}","templated":true}]}}