{"id":537,"date":"2025-01-01T17:09:07","date_gmt":"2025-01-01T19:09:07","guid":{"rendered":"https:\/\/www.biolabemcasa.com.br\/?p=537"},"modified":"2025-12-09T14:43:38","modified_gmt":"2025-12-09T17:43:38","slug":"sensibilizacion-sobre-el-cancer-de-mama-todo-el-ano","status":"publish","type":"post","link":"https:\/\/www.biolabeco.com.br\/es\/blog\/prevencao-e-imunidade\/conscientizacao-sobre-cancer-de-mama-o-ano-inteiro\/","title":{"rendered":"Sensibilizaci\u00f3n sobre el c\u00e1ncer de mama todo el a\u00f1o"},"content":{"rendered":"<p>El c\u00e1ncer de mama es el tipo de c\u00e1ncer m\u00e1s frecuente en las mujeres, s\u00f3lo superado por el c\u00e1ncer de piel no melanoma. Seg\u00fan las Estimativas 2023 ? Incidencia del C\u00e1ncer en Brasil, publicado por el Instituto Nacional del C\u00e1ncer (INCA), habr\u00e1 74.000 casos anuales de la enfermedad en 2025.<\/p>\n<p>Este problema se produce debido a un aumento desordenado de las c\u00e9lulas mamarias, que da lugar a la formaci\u00f3n de c\u00e9lulas anormales que se multiplican y se convierten en tumores. Adem\u00e1s, existen varios tipos de c\u00e1ncer de mama, desde los m\u00e1s comunes hasta los m\u00e1s raros y extremadamente graves.<\/p>\n<p>Aunque el c\u00e1ncer de mama es m\u00e1s frecuente en mujeres mayores de 40 a\u00f1os, tambi\u00e9n puede afectar a personas j\u00f3venes. Las m\u00e1s propensas a desarrollar la enfermedad son aquellas que, a lo largo de su vida, han experimentado: menstruaci\u00f3n precoz o menopausia tard\u00eda, sustituci\u00f3n hormonal prolongada, problemas endocrinos o factores gen\u00e9ticos y hereditarios.<\/p>\n<p>Otro dato importante del Instituto Nacional del C\u00e1ncer (INCA) es la cartograf\u00eda de las tasas de casos de c\u00e1ncer de mama. \u00a1Las regiones m\u00e1s desarrolladas, como el Sur y el Sudeste, son las que registran m\u00e1s casos de mujeres con esta enfermedad!<\/p>\n<p>Cabe se\u00f1alar que los hombres tambi\u00e9n pueden verse afectados, aunque es poco frecuente en cualquier grupo de edad masculino. Los tumores de mama pueden aparecer en hombres mayores de 60 a\u00f1os y en aquellos que tienen casos previos de c\u00e1ncer en la familia.<\/p>\n<p>Los s\u00edntomas pueden variar seg\u00fan la paciente. Por eso es fundamental someterse a ex\u00e1menes rutinarios con la periodicidad recomendada: mamograf\u00eda -cada a\u00f1o a partir de los 40- y ecograf\u00eda mamaria -una vez al a\u00f1o a partir de los 25-.<\/p>\n<p>Un consejo valioso para un diagn\u00f3stico precoz: aproveche la hora del ba\u00f1o para tocarse los pechos y familiarizarse con ellos. As\u00ed ser\u00e1 m\u00e1s f\u00e1cil reconocer cualquier cambio que pueda aparecer. El mejor momento del mes para que las mujeres que siguen menstruando conozcan sus pechos es justo despu\u00e9s de la menstruaci\u00f3n, cuando los pechos est\u00e1n menos hinchados. Para las mujeres que han entrado en la menopausia, la autoexploraci\u00f3n mamaria puede realizarse en cualquier momento del mes.<\/p>\n<p>Adem\u00e1s de esta periodicidad, algunos signos merecen especial atenci\u00f3n:<\/p>\n<p>. Hinchaz\u00f3n o enrojecimiento de la zona mamaria<\/p>\n<p>. Bulto endurecido en el pecho, la axila o el cuello<\/p>\n<p>. Irritaci\u00f3n o curvatura mamaria<\/p>\n<p>. Dolor de mamas o pezones<\/p>\n<p>. Inversi\u00f3n del pez\u00f3n<\/p>\n<p>. Concentraci\u00f3n o encogimiento de la piel o del pez\u00f3n.<\/p>\n<p>. Secreci\u00f3n serosa o sanguinolenta de los pezones.<\/p>\n<p>Entre las medidas que contribuyen a la prevenci\u00f3n primaria de la enfermedad se encuentran: la actividad f\u00edsica diaria, el mantenimiento de un peso corporal adecuado y la adopci\u00f3n de una dieta m\u00e1s sana. La lactancia materna tambi\u00e9n es un factor protector.<\/p>\n<p>Debido al creciente n\u00famero de casos, la Fundaci\u00f3n Susan G. Komen for the Cure cre\u00f3 en los a\u00f1os 90 el movimiento internacional Octubre Rosa, que anualmente difunde informaci\u00f3n y sensibiliza sobre el c\u00e1ncer de mama. La causa proporciona un mayor acceso a los servicios de diagn\u00f3stico y tratamiento y contribuye a reducir la mortalidad en Brasil y en todo el mundo.<\/p>\n<p>Aproveche la campa\u00f1a de octubre para reservar su mamograf\u00eda y reforzar los h\u00e1bitos preventivos para todo el a\u00f1o. Cuanto antes se descubra la enfermedad, \u00a1mayores ser\u00e1n las posibilidades de curaci\u00f3n! Practica el autoconocimiento. T\u00f3cate.<\/p>\n<h6><span style=\"font-size: 14px;\"><em>Fuentes:<\/p>\n<blockquote class=\"wp-embedded-content\" data-secret=\"ui5UvMutGS\"><p><a href=\"https:\/\/bvsms.saude.gov.br\/cancer-de-mama\/\">C\u00e1ncer de mama<\/a><\/p><\/blockquote>\n<p><iframe class=\"wp-embedded-content\" sandbox=\"allow-scripts\" security=\"restricted\" style=\"position: absolute; clip: rect(1px, 1px, 1px, 1px);\" title=\"&quot;C\u00e1ncer de mama&quot; - Biblioteca Virtual de Salud MS\" src=\"https:\/\/bvsms.saude.gov.br\/cancer-de-mama\/embed\/#?secret=ONqgrAJtGO#?secret=ui5UvMutGS\" data-secret=\"ui5UvMutGS\" width=\"500\" height=\"282\" frameborder=\"0\" marginwidth=\"0\" marginheight=\"0\" scrolling=\"no\"><\/iframe><br \/>\nhttps:\/\/www.inca.gov.br\/sites\/ufu.sti.inca.local\/files\/media\/document\/cartil1.pdf<br \/>\nhttps:\/\/www.who.int\/pt\/news\/item\/03-02-2021-breast-cancer-now-most-common-form-of-cancer-who-taking-action<br \/>\nhttps:\/\/www.sbmastologia.com.br\/o-cancer-de-mama\/<br \/>\nhttps:\/\/www.prefeitura.sp.gov.br\/cidade\/secretarias\/saude\/atencao_basica\/index.php?p=5776<\/p>\n<blockquote class=\"wp-embedded-content\" data-secret=\"VpVKzHR5ww\"><p><a href=\"https:\/\/bvsms.saude.gov.br\/inca-lanca-a-estimativa-2023-incidencia-de-cancer-no-brasil\/\">INCA lanza Estimaci\u00f3n 2023 - Incidencia del c\u00e1ncer en Brasil<\/a><\/p><\/blockquote>\n<p><iframe class=\"wp-embedded-content\" sandbox=\"allow-scripts\" security=\"restricted\" style=\"position: absolute; clip: rect(1px, 1px, 1px, 1px);\" title=\"&quot;El INCA lanza la Estimaci\u00f3n 2023 - Incidencia del C\u00e1ncer en Brasil&quot; - Biblioteca Virtual em Sa\u00fade MS\" src=\"https:\/\/bvsms.saude.gov.br\/inca-lanca-a-estimativa-2023-incidencia-de-cancer-no-brasil\/embed\/#?secret=iGH7E2BKld#?secret=VpVKzHR5ww\" data-secret=\"VpVKzHR5ww\" width=\"500\" height=\"282\" frameborder=\"0\" marginwidth=\"0\" marginheight=\"0\" scrolling=\"no\"><\/iframe><br \/>\nhttps:\/\/www.gov.br\/inca\/pt-br\/assuntos\/gestor-e-profissional-de-saude\/controle-do-cancer-de-mama\/conceito-e-magnitude#:~:text=O%20c%C3%A2ncer%20de%20mama%20%C3%A9%20o%20mais%20incidente%20em%20mulheres,novos%20por%20c%C3%A2ncer%20em%20mulheres.<br \/>\nhttps:\/\/www.gov.br\/inca\/pt-br\/assuntos\/gestor-e-profissional-de-saude\/controle-do-cancer-de-mama\/fatores-de-risco<\/em><\/span><\/h6>","protected":false},"excerpt":{"rendered":"<p>O c\u00e2ncer de mama \u00e9 o tipo mais comum em mulheres, ficando atr\u00e1s somente para o c\u00e2ncer de pele n\u00e3o-melanoma. Segundo a Estimativa 2023 ? Incid\u00eancia de C\u00e2ncer no Brasil, publica\u00e7\u00e3o do Instituto Nacional de C\u00e2ncer (INCA), ser\u00e3o 74 mil casos da doen\u00e7a por ano at\u00e9 2025. Esse problema ocorre devido ao aumento desordenado das [&hellip;]<\/p>\n","protected":false},"author":7,"featured_media":14961,"comment_status":"closed","ping_status":"closed","sticky":false,"template":"","format":"standard","meta":{"_acf_changed":false,"footnotes":""},"categories":[1618,1615],"tags":[],"acf":[],"yoast_head":"<!-- This site is optimized with the Yoast SEO Premium plugin v24.4 (Yoast SEO v24.4) - https:\/\/yoast.com\/wordpress\/plugins\/seo\/ -->\n<title>Conscientiza\u00e7\u00e3o sobre c\u00e2ncer de mama o ano inteiro - Biolab &amp; Co<\/title>\n<meta name=\"robots\" content=\"index, follow, max-snippet:-1, max-image-preview:large, max-video-preview:-1\" \/>\n<link rel=\"canonical\" href=\"https:\/\/www.biolabeco.com.br\/es\/blog\/prevencion-e-inmunidad\/sensibilizacion-sobre-el-cancer-de-mama-todo-el-ano\/\" \/>\n<meta property=\"og:locale\" content=\"es_ES\" \/>\n<meta property=\"og:type\" content=\"article\" \/>\n<meta property=\"og:title\" content=\"Conscientiza\u00e7\u00e3o sobre c\u00e2ncer de mama o ano inteiro\" \/>\n<meta property=\"og:description\" content=\"O c\u00e2ncer de mama \u00e9 o tipo mais comum em mulheres, ficando atr\u00e1s somente para o c\u00e2ncer de pele n\u00e3o-melanoma. Segundo a Estimativa 2023 ? Incid\u00eancia de C\u00e2ncer no Brasil, publica\u00e7\u00e3o do Instituto Nacional de C\u00e2ncer (INCA), ser\u00e3o 74 mil casos da doen\u00e7a por ano at\u00e9 2025. Esse problema ocorre devido ao aumento desordenado das [&hellip;]\" \/>\n<meta property=\"og:url\" content=\"https:\/\/www.biolabeco.com.br\/es\/blog\/prevencion-e-inmunidad\/sensibilizacion-sobre-el-cancer-de-mama-todo-el-ano\/\" \/>\n<meta property=\"og:site_name\" content=\"Biolab &amp; Co\" \/>\n<meta property=\"article:published_time\" content=\"2025-01-01T19:09:07+00:00\" \/>\n<meta property=\"article:modified_time\" content=\"2025-12-09T17:43:38+00:00\" \/>\n<meta property=\"og:image\" content=\"https:\/\/www.biolabeco.com.br\/wp-content\/uploads\/2025\/01\/Banner-Blog-Viver-Bem-Conscientizacao-sobre-cancer-de-mama-o-ano-inteiro.png.webp\" \/>\n\t<meta property=\"og:image:width\" content=\"1200\" \/>\n\t<meta property=\"og:image:height\" content=\"436\" \/>\n\t<meta property=\"og:image:type\" content=\"image\/webp\" \/>\n<meta name=\"author\" content=\"Yasmim Botelho\" \/>\n<meta name=\"twitter:card\" content=\"summary_large_image\" \/>\n<meta name=\"twitter:label1\" content=\"Written by\" \/>\n\t<meta name=\"twitter:data1\" content=\"Yasmim Botelho\" \/>\n\t<meta name=\"twitter:label2\" content=\"Est. reading time\" \/>\n\t<meta name=\"twitter:data2\" content=\"3 minutes\" \/>\n<script type=\"application\/ld+json\" class=\"yoast-schema-graph\">{\"@context\":\"https:\/\/schema.org\",\"@graph\":[{\"@type\":\"WebPage\",\"@id\":\"https:\/\/www.biolabeco.com.br\/blog\/prevencao-e-imunidade\/conscientizacao-sobre-cancer-de-mama-o-ano-inteiro\/\",\"url\":\"https:\/\/www.biolabeco.com.br\/blog\/prevencao-e-imunidade\/conscientizacao-sobre-cancer-de-mama-o-ano-inteiro\/\",\"name\":\"Conscientiza\u00e7\u00e3o sobre c\u00e2ncer de mama o ano inteiro - Biolab &amp; Co\",\"isPartOf\":{\"@id\":\"https:\/\/www.biolabeco.com.br\/#website\"},\"primaryImageOfPage\":{\"@id\":\"https:\/\/www.biolabeco.com.br\/blog\/prevencao-e-imunidade\/conscientizacao-sobre-cancer-de-mama-o-ano-inteiro\/#primaryimage\"},\"image\":{\"@id\":\"https:\/\/www.biolabeco.com.br\/blog\/prevencao-e-imunidade\/conscientizacao-sobre-cancer-de-mama-o-ano-inteiro\/#primaryimage\"},\"thumbnailUrl\":\"https:\/\/www.biolabeco.com.br\/wp-content\/uploads\/2025\/01\/Banner-Blog-Viver-Bem-Conscientizacao-sobre-cancer-de-mama-o-ano-inteiro.png.webp\",\"datePublished\":\"2025-01-01T19:09:07+00:00\",\"dateModified\":\"2025-12-09T17:43:38+00:00\",\"author\":{\"@id\":\"https:\/\/www.biolabeco.com.br\/#\/schema\/person\/bb07d50e32d20028751837031a066fac\"},\"breadcrumb\":{\"@id\":\"https:\/\/www.biolabeco.com.br\/blog\/prevencao-e-imunidade\/conscientizacao-sobre-cancer-de-mama-o-ano-inteiro\/#breadcrumb\"},\"inLanguage\":\"es-ES\",\"potentialAction\":[{\"@type\":\"ReadAction\",\"target\":[\"https:\/\/www.biolabeco.com.br\/blog\/prevencao-e-imunidade\/conscientizacao-sobre-cancer-de-mama-o-ano-inteiro\/\"]}]},{\"@type\":\"ImageObject\",\"inLanguage\":\"es-ES\",\"@id\":\"https:\/\/www.biolabeco.com.br\/blog\/prevencao-e-imunidade\/conscientizacao-sobre-cancer-de-mama-o-ano-inteiro\/#primaryimage\",\"url\":\"https:\/\/www.biolabeco.com.br\/wp-content\/uploads\/2025\/01\/Banner-Blog-Viver-Bem-Conscientizacao-sobre-cancer-de-mama-o-ano-inteiro.png.webp\",\"contentUrl\":\"https:\/\/www.biolabeco.com.br\/wp-content\/uploads\/2025\/01\/Banner-Blog-Viver-Bem-Conscientizacao-sobre-cancer-de-mama-o-ano-inteiro.png.webp\",\"width\":1200,\"height\":436},{\"@type\":\"BreadcrumbList\",\"@id\":\"https:\/\/www.biolabeco.com.br\/blog\/prevencao-e-imunidade\/conscientizacao-sobre-cancer-de-mama-o-ano-inteiro\/#breadcrumb\",\"itemListElement\":[{\"@type\":\"ListItem\",\"position\":1,\"name\":\"Home\",\"item\":\"https:\/\/www.biolabeco.com.br\/\"},{\"@type\":\"ListItem\",\"position\":2,\"name\":\"Conscientiza\u00e7\u00e3o sobre c\u00e2ncer de mama o ano inteiro\"}]},{\"@type\":\"WebSite\",\"@id\":\"https:\/\/www.biolabeco.com.br\/#website\",\"url\":\"https:\/\/www.biolabeco.com.br\/\",\"name\":\"Biolab\",\"description\":\"Na Biolab &amp; Co, ci\u00eancia e cuidado caminham juntos. Saiba como promovemos sa\u00fade com responsabilidade socioambiental e tecnologia.\",\"potentialAction\":[{\"@type\":\"SearchAction\",\"target\":{\"@type\":\"EntryPoint\",\"urlTemplate\":\"https:\/\/www.biolabeco.com.br\/?s={search_term_string}\"},\"query-input\":{\"@type\":\"PropertyValueSpecification\",\"valueRequired\":true,\"valueName\":\"search_term_string\"}}],\"inLanguage\":\"es-ES\"},{\"@type\":\"Person\",\"@id\":\"https:\/\/www.biolabeco.com.br\/#\/schema\/person\/bb07d50e32d20028751837031a066fac\",\"name\":\"Yasmim Botelho\",\"image\":{\"@type\":\"ImageObject\",\"inLanguage\":\"es-ES\",\"@id\":\"https:\/\/www.biolabeco.com.br\/#\/schema\/person\/image\/\",\"url\":\"https:\/\/secure.gravatar.com\/avatar\/9d0fea0daa82eb99e89f9f8c0e5ab7f7?s=96&d=mm&r=g\",\"contentUrl\":\"https:\/\/secure.gravatar.com\/avatar\/9d0fea0daa82eb99e89f9f8c0e5ab7f7?s=96&d=mm&r=g\",\"caption\":\"Yasmim Botelho\"},\"url\":\"https:\/\/www.biolabeco.com.br\/es\/author\/yalves\/\"}]}<\/script>\n<!-- \/ Yoast SEO Premium plugin. -->","yoast_head_json":{"title":"Sensibilizaci\u00f3n sobre el c\u00e1ncer de mama todo el a\u00f1o - Biolab &amp; Co","robots":{"index":"index","follow":"follow","max-snippet":"max-snippet:-1","max-image-preview":"max-image-preview:large","max-video-preview":"max-video-preview:-1"},"canonical":"https:\/\/www.biolabeco.com.br\/es\/blog\/prevencion-e-inmunidad\/sensibilizacion-sobre-el-cancer-de-mama-todo-el-ano\/","og_locale":"es_ES","og_type":"article","og_title":"Conscientiza\u00e7\u00e3o sobre c\u00e2ncer de mama o ano inteiro","og_description":"O c\u00e2ncer de mama \u00e9 o tipo mais comum em mulheres, ficando atr\u00e1s somente para o c\u00e2ncer de pele n\u00e3o-melanoma. Segundo a Estimativa 2023 ? Incid\u00eancia de C\u00e2ncer no Brasil, publica\u00e7\u00e3o do Instituto Nacional de C\u00e2ncer (INCA), ser\u00e3o 74 mil casos da doen\u00e7a por ano at\u00e9 2025. Esse problema ocorre devido ao aumento desordenado das [&hellip;]","og_url":"https:\/\/www.biolabeco.com.br\/es\/blog\/prevencion-e-inmunidad\/sensibilizacion-sobre-el-cancer-de-mama-todo-el-ano\/","og_site_name":"Biolab &amp; Co","article_published_time":"2025-01-01T19:09:07+00:00","article_modified_time":"2025-12-09T17:43:38+00:00","og_image":[{"width":1200,"height":436,"url":"https:\/\/www.biolabeco.com.br\/wp-content\/uploads\/2025\/01\/Banner-Blog-Viver-Bem-Conscientizacao-sobre-cancer-de-mama-o-ano-inteiro.png.webp","type":"image\/webp"}],"author":"Yasmim Botelho","twitter_card":"summary_large_image","twitter_misc":{"Written by":"Yasmim Botelho","Est. reading time":"3 minutes"},"schema":{"@context":"https:\/\/schema.org","@graph":[{"@type":"WebPage","@id":"https:\/\/www.biolabeco.com.br\/blog\/prevencao-e-imunidade\/conscientizacao-sobre-cancer-de-mama-o-ano-inteiro\/","url":"https:\/\/www.biolabeco.com.br\/blog\/prevencao-e-imunidade\/conscientizacao-sobre-cancer-de-mama-o-ano-inteiro\/","name":"Sensibilizaci\u00f3n sobre el c\u00e1ncer de mama todo el a\u00f1o - Biolab &amp; Co","isPartOf":{"@id":"https:\/\/www.biolabeco.com.br\/#website"},"primaryImageOfPage":{"@id":"https:\/\/www.biolabeco.com.br\/blog\/prevencao-e-imunidade\/conscientizacao-sobre-cancer-de-mama-o-ano-inteiro\/#primaryimage"},"image":{"@id":"https:\/\/www.biolabeco.com.br\/blog\/prevencao-e-imunidade\/conscientizacao-sobre-cancer-de-mama-o-ano-inteiro\/#primaryimage"},"thumbnailUrl":"https:\/\/www.biolabeco.com.br\/wp-content\/uploads\/2025\/01\/Banner-Blog-Viver-Bem-Conscientizacao-sobre-cancer-de-mama-o-ano-inteiro.png.webp","datePublished":"2025-01-01T19:09:07+00:00","dateModified":"2025-12-09T17:43:38+00:00","author":{"@id":"https:\/\/www.biolabeco.com.br\/#\/schema\/person\/bb07d50e32d20028751837031a066fac"},"breadcrumb":{"@id":"https:\/\/www.biolabeco.com.br\/blog\/prevencao-e-imunidade\/conscientizacao-sobre-cancer-de-mama-o-ano-inteiro\/#breadcrumb"},"inLanguage":"es-ES","potentialAction":[{"@type":"ReadAction","target":["https:\/\/www.biolabeco.com.br\/blog\/prevencao-e-imunidade\/conscientizacao-sobre-cancer-de-mama-o-ano-inteiro\/"]}]},{"@type":"ImageObject","inLanguage":"es-ES","@id":"https:\/\/www.biolabeco.com.br\/blog\/prevencao-e-imunidade\/conscientizacao-sobre-cancer-de-mama-o-ano-inteiro\/#primaryimage","url":"https:\/\/www.biolabeco.com.br\/wp-content\/uploads\/2025\/01\/Banner-Blog-Viver-Bem-Conscientizacao-sobre-cancer-de-mama-o-ano-inteiro.png.webp","contentUrl":"https:\/\/www.biolabeco.com.br\/wp-content\/uploads\/2025\/01\/Banner-Blog-Viver-Bem-Conscientizacao-sobre-cancer-de-mama-o-ano-inteiro.png.webp","width":1200,"height":436},{"@type":"BreadcrumbList","@id":"https:\/\/www.biolabeco.com.br\/blog\/prevencao-e-imunidade\/conscientizacao-sobre-cancer-de-mama-o-ano-inteiro\/#breadcrumb","itemListElement":[{"@type":"ListItem","position":1,"name":"Home","item":"https:\/\/www.biolabeco.com.br\/"},{"@type":"ListItem","position":2,"name":"Conscientiza\u00e7\u00e3o sobre c\u00e2ncer de mama o ano inteiro"}]},{"@type":"WebSite","@id":"https:\/\/www.biolabeco.com.br\/#website","url":"https:\/\/www.biolabeco.com.br\/","name":"biolaboratorio","description":"En Biolab &amp; Co, la ciencia y el cuidado van de la mano. Descubra c\u00f3mo promovemos la salud con responsabilidad socioambiental y tecnolog\u00eda.","potentialAction":[{"@type":"SearchAction","target":{"@type":"EntryPoint","urlTemplate":"https:\/\/www.biolabeco.com.br\/?s={search_term_string}"},"query-input":{"@type":"PropertyValueSpecification","valueRequired":true,"valueName":"search_term_string"}}],"inLanguage":"es-ES"},{"@type":"Person","@id":"https:\/\/www.biolabeco.com.br\/#\/schema\/person\/bb07d50e32d20028751837031a066fac","name":"Yasmim Botelho","image":{"@type":"ImageObject","inLanguage":"es-ES","@id":"https:\/\/www.biolabeco.com.br\/#\/schema\/person\/image\/","url":"https:\/\/secure.gravatar.com\/avatar\/9d0fea0daa82eb99e89f9f8c0e5ab7f7?s=96&d=mm&r=g","contentUrl":"https:\/\/secure.gravatar.com\/avatar\/9d0fea0daa82eb99e89f9f8c0e5ab7f7?s=96&d=mm&r=g","caption":"Yasmim Botelho"},"url":"https:\/\/www.biolabeco.com.br\/es\/author\/yalves\/"}]}},"_links":{"self":[{"href":"https:\/\/www.biolabeco.com.br\/es\/wp-json\/wp\/v2\/posts\/537"}],"collection":[{"href":"https:\/\/www.biolabeco.com.br\/es\/wp-json\/wp\/v2\/posts"}],"about":[{"href":"https:\/\/www.biolabeco.com.br\/es\/wp-json\/wp\/v2\/types\/post"}],"author":[{"embeddable":true,"href":"https:\/\/www.biolabeco.com.br\/es\/wp-json\/wp\/v2\/users\/7"}],"replies":[{"embeddable":true,"href":"https:\/\/www.biolabeco.com.br\/es\/wp-json\/wp\/v2\/comments?post=537"}],"version-history":[{"count":1,"href":"https:\/\/www.biolabeco.com.br\/es\/wp-json\/wp\/v2\/posts\/537\/revisions"}],"predecessor-version":[{"id":14962,"href":"https:\/\/www.biolabeco.com.br\/es\/wp-json\/wp\/v2\/posts\/537\/revisions\/14962"}],"wp:featuredmedia":[{"embeddable":true,"href":"https:\/\/www.biolabeco.com.br\/es\/wp-json\/wp\/v2\/media\/14961"}],"wp:attachment":[{"href":"https:\/\/www.biolabeco.com.br\/es\/wp-json\/wp\/v2\/media?parent=537"}],"wp:term":[{"taxonomy":"category","embeddable":true,"href":"https:\/\/www.biolabeco.com.br\/es\/wp-json\/wp\/v2\/categories?post=537"},{"taxonomy":"post_tag","embeddable":true,"href":"https:\/\/www.biolabeco.com.br\/es\/wp-json\/wp\/v2\/tags?post=537"}],"curies":[{"name":"wp","href":"https:\/\/api.w.org\/{rel}","templated":true}]}}