{"id":544,"date":"2024-11-25T17:21:29","date_gmt":"2024-11-25T19:21:29","guid":{"rendered":"https:\/\/www.biolabemcasa.com.br\/?p=544"},"modified":"2025-12-09T14:40:54","modified_gmt":"2025-12-09T17:40:54","slug":"diagnostico-precoz-y-respuesta-a-la-sepsis","status":"publish","type":"post","link":"https:\/\/www.biolabeco.com.br\/es\/blog\/prevencao-e-imunidade\/diagnostico-precoce-e-resposta-contra-a-sepse\/","title":{"rendered":"El diagn\u00f3stico precoz es la respuesta a la sepsis"},"content":{"rendered":"<p>La sepsis es una de las principales causas de muerte evitable en el mundo, cobr\u00e1ndose la vida de 1 de cada 5 personas. Conocida como \"infecci\u00f3n generalizada\", causa 11 millones de muertes al a\u00f1o, seg\u00fan datos de la Sociedad Brasile\u00f1a de Enfermedades Infecciosas (SBI). En Brasil, la sepsis es la principal causa de muerte en los hospitales.<\/p>\n<p>Agentes infecciosos como bacterias, virus u hongos causan sepsis. La infecci\u00f3n puede comenzar en cualquier parte del cuerpo, como los pulmones o incluso la piel. Cuando estos microorganismos entran en el torrente sangu\u00edneo, los \u00f3rganos tienen que trabajar con sus funciones reducidas porque reciben menos ox\u00edgeno. Si no se combate, puede evolucionar a shock s\u00e9ptico, la fase m\u00e1s avanzada de la sepsis, y en consecuencia la muerte si no se trata a tiempo.<\/p>\n<p>Aunque esta afecci\u00f3n puede afectar a cualquier persona de distintas edades, hay grupos de riesgo, como los beb\u00e9s prematuros y los ni\u00f1os menores de un a\u00f1o, los ancianos y los pacientes que afrontan enfermedades y tratamientos que comprometen el sistema inmunitario, los enfermos cr\u00f3nicos, los pacientes trasplantados o los hospitalizados que toman antibi\u00f3ticos.<\/p>\n<p>Otra cifra de la Sociedad Brasile\u00f1a de Enfermedades Infecciosas (SBI) revela que alrededor de 670.000 personas son diagnosticadas con sepsis cada a\u00f1o en Brasil, 240.000 de los cuales terminan muriendo. Y, sin embargo, es una enfermedad que m\u00e1s de 80% de los brasile\u00f1os no conocen, seg\u00fan una encuesta de Datafolha realizada en 2017 a petici\u00f3n del Instituto Latinoamericano de Sepsis (ILAS).<\/p>\n<p>Como no existen pruebas espec\u00edficas para diagnosticar esta enfermedad, se utilizan criterios muy bien establecidos, y se diagnostica a partir de la evaluaci\u00f3n de los s\u00edntomas asociados a los resultados de hemogramas y colecciones de orina, entre otras pruebas. Por ello, es imprescindible acudir a urgencias para que un m\u00e9dico valore su estado e inicie el tratamiento adecuado. La sepsis y el shock s\u00e9ptico son urgencias m\u00e9dicas que requieren toda la atenci\u00f3n y el paciente debe ser tratado inmediatamente.<\/p>\n<p>Curiosidad: Pensando en la importancia de este tema para la poblaci\u00f3n mundial, la Alianza Global para la Sepsis propuso en 2012 el D\u00eda Mundial de la Sepsis (DMS), que se recuerda anualmente el 13 de septiembre. En Brasil, el Instituto Latinoamericano de Sepsis (ILAS) coordina acciones de concienciaci\u00f3n. Las campa\u00f1as se dirigen tanto a los profesionales de la salud como al p\u00fablico en general.<\/p>\n<p>Es importante destacar que las infecciones que causan sepsis no s\u00f3lo se adquieren en los hospitales. Por lo tanto, \u00a1hay que tener cuidado en cualquier entorno!<\/p>\n<p>L\u00e1vate las manos y las mu\u00f1ecas con jab\u00f3n cuando vengas de la calle o cuando visites a enfermos, mant\u00e9n al d\u00eda tu cartilla de vacunaci\u00f3n y no te trates, sobre todo con antibi\u00f3ticos, porque las bacterias pueden hacerse resistentes a los antibi\u00f3ticos disponibles, lo que hace que se agoten las opciones de tratamiento en casos de verdadera necesidad. En caso de duda, consulta a tu m\u00e9dico.<\/p>\n<p>Presta atenci\u00f3n a las se\u00f1ales de tu cuerpo.<\/p>\n<p><span style=\"font-size: 14px;\"><em>Fuentes:<\/em><\/span><\/p>\n<h6>https:\/\/www.paho.org\/pt\/noticias\/9-9-2020-oms-pede-acao-global-contra-sepse-causa-uma-em-cada-cinco-mortes-no-mundo<\/h6>\n<h6>https:\/\/www.anahp.com.br\/noticias\/sepse-uma-das-maiores-causas-de-mortes-que-voce-provavelmente-nao-conhece\/<\/h6>\n<h6>https:\/\/infectologia.org.br\/2020\/09\/10\/sbi-apoia-acoes-do-dia-mundial-da-sepse\/<br \/>\nhttps:\/\/www.gov.br\/pt-br\/noticias\/saude-e-vigilancia-sanitaria\/2022\/09\/diagnostico-precoce-e-fundamental-para-tratar-a-sepse-conhecida-como-infeccao-generalizada#:~:text=Os%20pacientes%20devem%20receber%20antibioticoterapia,seu%20tratamento%20deve%20ser%20priorizado.<\/h6>\n<h6>https:\/\/ilas.org.br\/sepse-atinge-celebridades-e-anonimos-tem-alto-indice-de-mortalidade-mas-e-desconhecida-por-86-do-publico-leigo\/<\/h6>","protected":false},"excerpt":{"rendered":"<p>A sepse \u00e9 uma das principais causas de morte evit\u00e1vel no mundo, vitimando 1 a cada 5 pessoas. Conhecida como &#8220;infec\u00e7\u00e3o generalizada&#8221;, ela causa 11 milh\u00f5es de \u00f3bitos por ano, segundo os dados da Sociedade Brasileira de Infectologia (SBI), j\u00e1 no Brasil, a sepse \u00e9 a principal respons\u00e1vel pelos \u00f3bitos dentro dos hospitais. Agentes infecciosos, [&hellip;]<\/p>\n","protected":false},"author":7,"featured_media":14949,"comment_status":"closed","ping_status":"closed","sticky":false,"template":"","format":"standard","meta":{"_acf_changed":false,"footnotes":""},"categories":[1618,1616],"tags":[],"acf":[],"yoast_head":"<!-- This site is optimized with the Yoast SEO Premium plugin v24.4 (Yoast SEO v24.4) - https:\/\/yoast.com\/wordpress\/plugins\/seo\/ -->\n<title>Diagn\u00f3stico precoce \u00e9 resposta contra a sepse - Biolab &amp; Co<\/title>\n<meta name=\"robots\" content=\"index, follow, max-snippet:-1, max-image-preview:large, max-video-preview:-1\" \/>\n<link rel=\"canonical\" href=\"https:\/\/www.biolabeco.com.br\/es\/blog\/prevencion-e-inmunidad\/diagnostico-precoz-y-respuesta-a-la-sepsis\/\" \/>\n<meta property=\"og:locale\" content=\"es_ES\" \/>\n<meta property=\"og:type\" content=\"article\" \/>\n<meta property=\"og:title\" content=\"Diagn\u00f3stico precoce \u00e9 resposta contra a sepse\" \/>\n<meta property=\"og:description\" content=\"A sepse \u00e9 uma das principais causas de morte evit\u00e1vel no mundo, vitimando 1 a cada 5 pessoas. Conhecida como &#8220;infec\u00e7\u00e3o generalizada&#8221;, ela causa 11 milh\u00f5es de \u00f3bitos por ano, segundo os dados da Sociedade Brasileira de Infectologia (SBI), j\u00e1 no Brasil, a sepse \u00e9 a principal respons\u00e1vel pelos \u00f3bitos dentro dos hospitais. Agentes infecciosos, [&hellip;]\" \/>\n<meta property=\"og:url\" content=\"https:\/\/www.biolabeco.com.br\/es\/blog\/prevencion-e-inmunidad\/diagnostico-precoz-y-respuesta-a-la-sepsis\/\" \/>\n<meta property=\"og:site_name\" content=\"Biolab &amp; Co\" \/>\n<meta property=\"article:published_time\" content=\"2024-11-25T19:21:29+00:00\" \/>\n<meta property=\"article:modified_time\" content=\"2025-12-09T17:40:54+00:00\" \/>\n<meta property=\"og:image\" content=\"https:\/\/www.biolabeco.com.br\/wp-content\/uploads\/2024\/11\/header_2023-09-18-11h48m45s-4360-o_1hakc44p0170e11kjq5d35k2sb7.jpg.webp\" \/>\n\t<meta property=\"og:image:width\" content=\"1200\" \/>\n\t<meta property=\"og:image:height\" content=\"376\" \/>\n\t<meta property=\"og:image:type\" content=\"image\/webp\" \/>\n<meta name=\"author\" content=\"Yasmim Botelho\" \/>\n<meta name=\"twitter:card\" content=\"summary_large_image\" \/>\n<meta name=\"twitter:label1\" content=\"Written by\" \/>\n\t<meta name=\"twitter:data1\" content=\"Yasmim Botelho\" \/>\n\t<meta name=\"twitter:label2\" content=\"Est. reading time\" \/>\n\t<meta name=\"twitter:data2\" content=\"3 minutes\" \/>\n<script type=\"application\/ld+json\" class=\"yoast-schema-graph\">{\"@context\":\"https:\/\/schema.org\",\"@graph\":[{\"@type\":\"WebPage\",\"@id\":\"https:\/\/www.biolabeco.com.br\/en\/blog\/prevencao-e-imunidade\/diagnostico-precoce-e-resposta-contra-a-sepse\/\",\"url\":\"https:\/\/www.biolabeco.com.br\/en\/blog\/prevencao-e-imunidade\/diagnostico-precoce-e-resposta-contra-a-sepse\/\",\"name\":\"Diagn\u00f3stico precoce \u00e9 resposta contra a sepse - Biolab &amp; Co\",\"isPartOf\":{\"@id\":\"https:\/\/www.biolabeco.com.br\/#website\"},\"primaryImageOfPage\":{\"@id\":\"https:\/\/www.biolabeco.com.br\/en\/blog\/prevencao-e-imunidade\/diagnostico-precoce-e-resposta-contra-a-sepse\/#primaryimage\"},\"image\":{\"@id\":\"https:\/\/www.biolabeco.com.br\/en\/blog\/prevencao-e-imunidade\/diagnostico-precoce-e-resposta-contra-a-sepse\/#primaryimage\"},\"thumbnailUrl\":\"https:\/\/www.biolabeco.com.br\/wp-content\/uploads\/2024\/11\/header_2023-09-18-11h48m45s-4360-o_1hakc44p0170e11kjq5d35k2sb7.jpg.webp\",\"datePublished\":\"2024-11-25T19:21:29+00:00\",\"dateModified\":\"2025-12-09T17:40:54+00:00\",\"author\":{\"@id\":\"https:\/\/www.biolabeco.com.br\/#\/schema\/person\/bb07d50e32d20028751837031a066fac\"},\"breadcrumb\":{\"@id\":\"https:\/\/www.biolabeco.com.br\/en\/blog\/prevencao-e-imunidade\/diagnostico-precoce-e-resposta-contra-a-sepse\/#breadcrumb\"},\"inLanguage\":\"es-ES\",\"potentialAction\":[{\"@type\":\"ReadAction\",\"target\":[\"https:\/\/www.biolabeco.com.br\/en\/blog\/prevencao-e-imunidade\/diagnostico-precoce-e-resposta-contra-a-sepse\/\"]}]},{\"@type\":\"ImageObject\",\"inLanguage\":\"es-ES\",\"@id\":\"https:\/\/www.biolabeco.com.br\/en\/blog\/prevencao-e-imunidade\/diagnostico-precoce-e-resposta-contra-a-sepse\/#primaryimage\",\"url\":\"https:\/\/www.biolabeco.com.br\/wp-content\/uploads\/2024\/11\/header_2023-09-18-11h48m45s-4360-o_1hakc44p0170e11kjq5d35k2sb7.jpg.webp\",\"contentUrl\":\"https:\/\/www.biolabeco.com.br\/wp-content\/uploads\/2024\/11\/header_2023-09-18-11h48m45s-4360-o_1hakc44p0170e11kjq5d35k2sb7.jpg.webp\",\"width\":1200,\"height\":376},{\"@type\":\"BreadcrumbList\",\"@id\":\"https:\/\/www.biolabeco.com.br\/en\/blog\/prevencao-e-imunidade\/diagnostico-precoce-e-resposta-contra-a-sepse\/#breadcrumb\",\"itemListElement\":[{\"@type\":\"ListItem\",\"position\":1,\"name\":\"Home\",\"item\":\"https:\/\/www.biolabeco.com.br\/\"},{\"@type\":\"ListItem\",\"position\":2,\"name\":\"Diagn\u00f3stico precoce \u00e9 resposta contra a sepse\"}]},{\"@type\":\"WebSite\",\"@id\":\"https:\/\/www.biolabeco.com.br\/#website\",\"url\":\"https:\/\/www.biolabeco.com.br\/\",\"name\":\"Biolab\",\"description\":\"Na Biolab &amp; Co, ci\u00eancia e cuidado caminham juntos. Saiba como promovemos sa\u00fade com responsabilidade socioambiental e tecnologia.\",\"potentialAction\":[{\"@type\":\"SearchAction\",\"target\":{\"@type\":\"EntryPoint\",\"urlTemplate\":\"https:\/\/www.biolabeco.com.br\/?s={search_term_string}\"},\"query-input\":{\"@type\":\"PropertyValueSpecification\",\"valueRequired\":true,\"valueName\":\"search_term_string\"}}],\"inLanguage\":\"es-ES\"},{\"@type\":\"Person\",\"@id\":\"https:\/\/www.biolabeco.com.br\/#\/schema\/person\/bb07d50e32d20028751837031a066fac\",\"name\":\"Yasmim Botelho\",\"image\":{\"@type\":\"ImageObject\",\"inLanguage\":\"es-ES\",\"@id\":\"https:\/\/www.biolabeco.com.br\/#\/schema\/person\/image\/\",\"url\":\"https:\/\/secure.gravatar.com\/avatar\/9d0fea0daa82eb99e89f9f8c0e5ab7f7?s=96&d=mm&r=g\",\"contentUrl\":\"https:\/\/secure.gravatar.com\/avatar\/9d0fea0daa82eb99e89f9f8c0e5ab7f7?s=96&d=mm&r=g\",\"caption\":\"Yasmim Botelho\"},\"url\":\"https:\/\/www.biolabeco.com.br\/es\/author\/yalves\/\"}]}<\/script>\n<!-- \/ Yoast SEO Premium plugin. -->","yoast_head_json":{"title":"El diagn\u00f3stico precoz es la respuesta a la sepsis - Biolab &amp; Co","robots":{"index":"index","follow":"follow","max-snippet":"max-snippet:-1","max-image-preview":"max-image-preview:large","max-video-preview":"max-video-preview:-1"},"canonical":"https:\/\/www.biolabeco.com.br\/es\/blog\/prevencion-e-inmunidad\/diagnostico-precoz-y-respuesta-a-la-sepsis\/","og_locale":"es_ES","og_type":"article","og_title":"Diagn\u00f3stico precoce \u00e9 resposta contra a sepse","og_description":"A sepse \u00e9 uma das principais causas de morte evit\u00e1vel no mundo, vitimando 1 a cada 5 pessoas. Conhecida como &#8220;infec\u00e7\u00e3o generalizada&#8221;, ela causa 11 milh\u00f5es de \u00f3bitos por ano, segundo os dados da Sociedade Brasileira de Infectologia (SBI), j\u00e1 no Brasil, a sepse \u00e9 a principal respons\u00e1vel pelos \u00f3bitos dentro dos hospitais. Agentes infecciosos, [&hellip;]","og_url":"https:\/\/www.biolabeco.com.br\/es\/blog\/prevencion-e-inmunidad\/diagnostico-precoz-y-respuesta-a-la-sepsis\/","og_site_name":"Biolab &amp; Co","article_published_time":"2024-11-25T19:21:29+00:00","article_modified_time":"2025-12-09T17:40:54+00:00","og_image":[{"width":1200,"height":376,"url":"https:\/\/www.biolabeco.com.br\/wp-content\/uploads\/2024\/11\/header_2023-09-18-11h48m45s-4360-o_1hakc44p0170e11kjq5d35k2sb7.jpg.webp","type":"image\/webp"}],"author":"Yasmim Botelho","twitter_card":"summary_large_image","twitter_misc":{"Written by":"Yasmim Botelho","Est. reading time":"3 minutes"},"schema":{"@context":"https:\/\/schema.org","@graph":[{"@type":"WebPage","@id":"https:\/\/www.biolabeco.com.br\/en\/blog\/prevencao-e-imunidade\/diagnostico-precoce-e-resposta-contra-a-sepse\/","url":"https:\/\/www.biolabeco.com.br\/en\/blog\/prevencao-e-imunidade\/diagnostico-precoce-e-resposta-contra-a-sepse\/","name":"El diagn\u00f3stico precoz es la respuesta a la sepsis - Biolab &amp; Co","isPartOf":{"@id":"https:\/\/www.biolabeco.com.br\/#website"},"primaryImageOfPage":{"@id":"https:\/\/www.biolabeco.com.br\/en\/blog\/prevencao-e-imunidade\/diagnostico-precoce-e-resposta-contra-a-sepse\/#primaryimage"},"image":{"@id":"https:\/\/www.biolabeco.com.br\/en\/blog\/prevencao-e-imunidade\/diagnostico-precoce-e-resposta-contra-a-sepse\/#primaryimage"},"thumbnailUrl":"https:\/\/www.biolabeco.com.br\/wp-content\/uploads\/2024\/11\/header_2023-09-18-11h48m45s-4360-o_1hakc44p0170e11kjq5d35k2sb7.jpg.webp","datePublished":"2024-11-25T19:21:29+00:00","dateModified":"2025-12-09T17:40:54+00:00","author":{"@id":"https:\/\/www.biolabeco.com.br\/#\/schema\/person\/bb07d50e32d20028751837031a066fac"},"breadcrumb":{"@id":"https:\/\/www.biolabeco.com.br\/en\/blog\/prevencao-e-imunidade\/diagnostico-precoce-e-resposta-contra-a-sepse\/#breadcrumb"},"inLanguage":"es-ES","potentialAction":[{"@type":"ReadAction","target":["https:\/\/www.biolabeco.com.br\/en\/blog\/prevencao-e-imunidade\/diagnostico-precoce-e-resposta-contra-a-sepse\/"]}]},{"@type":"ImageObject","inLanguage":"es-ES","@id":"https:\/\/www.biolabeco.com.br\/en\/blog\/prevencao-e-imunidade\/diagnostico-precoce-e-resposta-contra-a-sepse\/#primaryimage","url":"https:\/\/www.biolabeco.com.br\/wp-content\/uploads\/2024\/11\/header_2023-09-18-11h48m45s-4360-o_1hakc44p0170e11kjq5d35k2sb7.jpg.webp","contentUrl":"https:\/\/www.biolabeco.com.br\/wp-content\/uploads\/2024\/11\/header_2023-09-18-11h48m45s-4360-o_1hakc44p0170e11kjq5d35k2sb7.jpg.webp","width":1200,"height":376},{"@type":"BreadcrumbList","@id":"https:\/\/www.biolabeco.com.br\/en\/blog\/prevencao-e-imunidade\/diagnostico-precoce-e-resposta-contra-a-sepse\/#breadcrumb","itemListElement":[{"@type":"ListItem","position":1,"name":"Home","item":"https:\/\/www.biolabeco.com.br\/"},{"@type":"ListItem","position":2,"name":"Diagn\u00f3stico precoce \u00e9 resposta contra a sepse"}]},{"@type":"WebSite","@id":"https:\/\/www.biolabeco.com.br\/#website","url":"https:\/\/www.biolabeco.com.br\/","name":"biolaboratorio","description":"En Biolab &amp; Co, la ciencia y el cuidado van de la mano. Descubra c\u00f3mo promovemos la salud con responsabilidad socioambiental y tecnolog\u00eda.","potentialAction":[{"@type":"SearchAction","target":{"@type":"EntryPoint","urlTemplate":"https:\/\/www.biolabeco.com.br\/?s={search_term_string}"},"query-input":{"@type":"PropertyValueSpecification","valueRequired":true,"valueName":"search_term_string"}}],"inLanguage":"es-ES"},{"@type":"Person","@id":"https:\/\/www.biolabeco.com.br\/#\/schema\/person\/bb07d50e32d20028751837031a066fac","name":"Yasmim Botelho","image":{"@type":"ImageObject","inLanguage":"es-ES","@id":"https:\/\/www.biolabeco.com.br\/#\/schema\/person\/image\/","url":"https:\/\/secure.gravatar.com\/avatar\/9d0fea0daa82eb99e89f9f8c0e5ab7f7?s=96&d=mm&r=g","contentUrl":"https:\/\/secure.gravatar.com\/avatar\/9d0fea0daa82eb99e89f9f8c0e5ab7f7?s=96&d=mm&r=g","caption":"Yasmim Botelho"},"url":"https:\/\/www.biolabeco.com.br\/es\/author\/yalves\/"}]}},"_links":{"self":[{"href":"https:\/\/www.biolabeco.com.br\/es\/wp-json\/wp\/v2\/posts\/544"}],"collection":[{"href":"https:\/\/www.biolabeco.com.br\/es\/wp-json\/wp\/v2\/posts"}],"about":[{"href":"https:\/\/www.biolabeco.com.br\/es\/wp-json\/wp\/v2\/types\/post"}],"author":[{"embeddable":true,"href":"https:\/\/www.biolabeco.com.br\/es\/wp-json\/wp\/v2\/users\/7"}],"replies":[{"embeddable":true,"href":"https:\/\/www.biolabeco.com.br\/es\/wp-json\/wp\/v2\/comments?post=544"}],"version-history":[{"count":1,"href":"https:\/\/www.biolabeco.com.br\/es\/wp-json\/wp\/v2\/posts\/544\/revisions"}],"predecessor-version":[{"id":14950,"href":"https:\/\/www.biolabeco.com.br\/es\/wp-json\/wp\/v2\/posts\/544\/revisions\/14950"}],"wp:featuredmedia":[{"embeddable":true,"href":"https:\/\/www.biolabeco.com.br\/es\/wp-json\/wp\/v2\/media\/14949"}],"wp:attachment":[{"href":"https:\/\/www.biolabeco.com.br\/es\/wp-json\/wp\/v2\/media?parent=544"}],"wp:term":[{"taxonomy":"category","embeddable":true,"href":"https:\/\/www.biolabeco.com.br\/es\/wp-json\/wp\/v2\/categories?post=544"},{"taxonomy":"post_tag","embeddable":true,"href":"https:\/\/www.biolabeco.com.br\/es\/wp-json\/wp\/v2\/tags?post=544"}],"curies":[{"name":"wp","href":"https:\/\/api.w.org\/{rel}","templated":true}]}}