{"id":560,"date":"2024-06-30T17:44:40","date_gmt":"2024-06-30T20:44:40","guid":{"rendered":"https:\/\/www.biolabemcasa.com.br\/?p=560"},"modified":"2025-12-09T14:36:08","modified_gmt":"2025-12-09T17:36:08","slug":"la-hidratacion-nasal-va-bien-con-el-invierno","status":"publish","type":"post","link":"https:\/\/www.biolabeco.com.br\/es\/blog\/saude-geral\/hidratacao-nasal-combina-com-o-inverno\/","title":{"rendered":"La hidrataci\u00f3n nasal va bien con el invierno"},"content":{"rendered":"<p>La \u00e9poca m\u00e1s fr\u00eda del a\u00f1o se caracteriza por la baja humedad del aire, que puede aumentar la incidencia de enfermedades respiratorias y alergias. Esto se debe a la elevada concentraci\u00f3n de contaminantes en la atm\u00f3sfera que, durante el fr\u00edo, acaban deposit\u00e1ndose en la superficie terrestre, lo que provoca la irritaci\u00f3n de las mucosas y la condici\u00f3n ideal para la aparici\u00f3n de afecciones como ataques de asma, bronquitis, rinitis y sinusitis.<\/p>\n<p>Durante esta estaci\u00f3n, el aire fr\u00edo tambi\u00e9n puede irritar las v\u00edas respiratorias y desencadenar s\u00edntomas al\u00e9rgicos como picor, secreci\u00f3n nasal e incluso dificultad para respirar. Esto se debe a que la nariz es la principal puerta de entrada del aire que respiramos. Por eso es importante mantener una buena higiene e hidrataci\u00f3n nasal, que no s\u00f3lo alivia los s\u00edntomas y limpia la mucosa, sino que tambi\u00e9n puede ayudar a prevenir enfermedades respiratorias. Descuidar el cuidado de la nariz puede aumentar las posibilidades de infecci\u00f3n por virus o bacterias, responsables de problemas como otitis, amigdalitis e incluso neumon\u00eda.<\/p>\n<p>Para una limpieza adecuada, lo mejor es utilizar soluciones nasales a base de cloruro s\u00f3dico, que deben colocarse en un irrigador nasal adecuado, repitiendo el procedimiento en ambas fosas nasales. Mientras lo hace en una fosa nasal, mantenga la cabeza inclinada para que el agua salga por el otro lado.<\/p>\n<p>Para la hidrataci\u00f3n nasal diaria, <a href=\"https:\/\/www.biolabemcasa.com.br\/produtos\/sinusec-spray-nasal-com-30ml\" target=\"_blank\" rel=\"noopener\">soluciones nasales<\/a> en formato spray son los m\u00e1s adecuados y pueden utilizarse tres veces al d\u00eda, 1 \u00f3 2 dosis en cada fosa nasal, ajust\u00e1ndose seg\u00fan su rutina de higiene nasal y las condiciones climatol\u00f3gicas de su zona. Cuando sea necesario, sonarse la nariz para eliminar las secreciones ya fluidificadas por la soluci\u00f3n.<\/p>\n<p>Aunque no podemos controlar directamente el clima, algunas medidas pueden mejorar nuestra salud y calidad de vida:<\/p>\n<p>. Beba mucho l\u00edquido.<\/p>\n<p>. Coloque pa\u00f1os o cubos de agua por la casa, especialmente en el dormitorio mientras duerme, o utilice humidificadores de aire.<\/p>\n<p>. El lavado nasal puede realizarse varias veces al d\u00eda.<\/p>\n<p>. Evite alfombras o cortinas que acumulen polvo.<\/p>\n<p>. Elige ropa y mantas de algod\u00f3n.<\/p>\n<p>. Limitar la exposici\u00f3n prolongada a ambientes con aire acondicionado.<\/p>\n<p>. Mantenga siempre la casa limpia y ventilada.<\/p>\n<p>El autocuidado tambi\u00e9n est\u00e1 en las tareas cotidianas m\u00e1s sencillas, as\u00ed que \u00a1empieza!<\/p>\n<h6><em>Fuentes:<br \/>\nhttps:\/\/www.scielo.br\/j\/rboto\/a\/tCWPcZYQxNBD4xd9PKyZK7J\/?format=pdf&#038;lang=pt<\/p>\n<blockquote class=\"wp-embedded-content\" data-secret=\"RZNliwuZjM\"><p><a href=\"https:\/\/bvsms.saude.gov.br\/periodo-de-seca-pede-cuidados-especiais\/\">El periodo de sequ\u00eda exige cuidados especiales<\/a><\/p><\/blockquote>\n<p><iframe class=\"wp-embedded-content\" sandbox=\"allow-scripts\" security=\"restricted\" style=\"position: absolute; clip: rect(1px, 1px, 1px, 1px);\" title=\"&quot;El periodo de sequ\u00eda exige cuidados especiales&quot; - Biblioteca Virtual em Sa\u00fade MS\" src=\"https:\/\/bvsms.saude.gov.br\/periodo-de-seca-pede-cuidados-especiais\/embed\/#?secret=VjNbhsfVwb#?secret=RZNliwuZjM\" data-secret=\"RZNliwuZjM\" width=\"500\" height=\"282\" frameborder=\"0\" marginwidth=\"0\" marginheight=\"0\" scrolling=\"no\"><\/iframe><\/p>\n<blockquote class=\"wp-embedded-content\" data-secret=\"e7LjiN0ZBU\"><p><a href=\"https:\/\/bvsms.saude.gov.br\/27-5-inverno-aumenta-risco-de-doencas-respiratorias\/\">27\/5 - El invierno aumenta el riesgo de enfermedades respiratorias<\/a><\/p><\/blockquote>\n<p><iframe class=\"wp-embedded-content\" sandbox=\"allow-scripts\" security=\"restricted\" style=\"position: absolute; clip: rect(1px, 1px, 1px, 1px);\" title=\"&quot;27\/5 - El invierno aumenta el riesgo de enfermedades respiratorias&quot; - Biblioteca Virtual em Sa\u00fade MS\" src=\"https:\/\/bvsms.saude.gov.br\/27-5-inverno-aumenta-risco-de-doencas-respiratorias\/embed\/#?secret=dGpeZjeVSi#?secret=e7LjiN0ZBU\" data-secret=\"e7LjiN0ZBU\" width=\"500\" height=\"282\" frameborder=\"0\" marginwidth=\"0\" marginheight=\"0\" scrolling=\"no\"><\/iframe><br \/>\nhttps:\/\/www.spsp.org.br\/site\/asp\/recomendacoes\/Rec91_PedAmbulatorial.pdf<\/em><\/h6>","protected":false},"excerpt":{"rendered":"<p>A \u00e9poca mais fria do ano \u00e9 marcada pela baixa umidade do ar, que pode aumentar a incid\u00eancia de doen\u00e7as e alergias respirat\u00f3rias. Isso ocorre devido \u00e0 alta concentra\u00e7\u00e3o de poluentes na atmosfera, que, durante o frio, acabam sendo depositadas na superf\u00edcie terrestre resultando na irrita\u00e7\u00e3o da mucosa e na condi\u00e7\u00e3o ideal para o surgimento [&hellip;]<\/p>\n","protected":false},"author":7,"featured_media":14931,"comment_status":"closed","ping_status":"closed","sticky":false,"template":"","format":"standard","meta":{"_acf_changed":false,"footnotes":""},"categories":[1616],"tags":[],"acf":[],"yoast_head":"<!-- This site is optimized with the Yoast SEO Premium plugin v24.4 (Yoast SEO v24.4) - https:\/\/yoast.com\/wordpress\/plugins\/seo\/ -->\n<title>Hidrata\u00e7\u00e3o nasal combina com o inverno - Biolab &amp; Co<\/title>\n<meta name=\"robots\" content=\"index, follow, max-snippet:-1, max-image-preview:large, max-video-preview:-1\" \/>\n<link rel=\"canonical\" href=\"https:\/\/www.biolabeco.com.br\/es\/blog\/salud-general\/la-hidratacion-nasal-va-bien-con-el-invierno\/\" \/>\n<meta property=\"og:locale\" content=\"es_ES\" \/>\n<meta property=\"og:type\" content=\"article\" \/>\n<meta property=\"og:title\" content=\"Hidrata\u00e7\u00e3o nasal combina com o inverno\" \/>\n<meta property=\"og:description\" content=\"A \u00e9poca mais fria do ano \u00e9 marcada pela baixa umidade do ar, que pode aumentar a incid\u00eancia de doen\u00e7as e alergias respirat\u00f3rias. Isso ocorre devido \u00e0 alta concentra\u00e7\u00e3o de poluentes na atmosfera, que, durante o frio, acabam sendo depositadas na superf\u00edcie terrestre resultando na irrita\u00e7\u00e3o da mucosa e na condi\u00e7\u00e3o ideal para o surgimento [&hellip;]\" \/>\n<meta property=\"og:url\" content=\"https:\/\/www.biolabeco.com.br\/es\/blog\/salud-general\/la-hidratacion-nasal-va-bien-con-el-invierno\/\" \/>\n<meta property=\"og:site_name\" content=\"Biolab &amp; Co\" \/>\n<meta property=\"article:published_time\" content=\"2024-06-30T20:44:40+00:00\" \/>\n<meta property=\"article:modified_time\" content=\"2025-12-09T17:36:08+00:00\" \/>\n<meta property=\"og:image\" content=\"https:\/\/www.biolabeco.com.br\/wp-content\/uploads\/2024\/06\/Banner-Blog-Viver-Bem-Hidratacao-nasal-combina-com-o-inverno.png.webp\" \/>\n\t<meta property=\"og:image:width\" content=\"1200\" \/>\n\t<meta property=\"og:image:height\" content=\"436\" \/>\n\t<meta property=\"og:image:type\" content=\"image\/webp\" \/>\n<meta name=\"author\" content=\"Yasmim Botelho\" \/>\n<meta name=\"twitter:card\" content=\"summary_large_image\" \/>\n<meta name=\"twitter:label1\" content=\"Written by\" \/>\n\t<meta name=\"twitter:data1\" content=\"Yasmim Botelho\" \/>\n\t<meta name=\"twitter:label2\" content=\"Est. reading time\" \/>\n\t<meta name=\"twitter:data2\" content=\"3 minutes\" \/>\n<script type=\"application\/ld+json\" class=\"yoast-schema-graph\">{\"@context\":\"https:\/\/schema.org\",\"@graph\":[{\"@type\":\"WebPage\",\"@id\":\"https:\/\/www.biolabeco.com.br\/en\/blog\/general-health\/nasal-hydration-goes-well-with-winter\/\",\"url\":\"https:\/\/www.biolabeco.com.br\/en\/blog\/general-health\/nasal-hydration-goes-well-with-winter\/\",\"name\":\"Hidrata\u00e7\u00e3o nasal combina com o inverno - Biolab &amp; Co\",\"isPartOf\":{\"@id\":\"https:\/\/www.biolabeco.com.br\/#website\"},\"primaryImageOfPage\":{\"@id\":\"https:\/\/www.biolabeco.com.br\/en\/blog\/general-health\/nasal-hydration-goes-well-with-winter\/#primaryimage\"},\"image\":{\"@id\":\"https:\/\/www.biolabeco.com.br\/en\/blog\/general-health\/nasal-hydration-goes-well-with-winter\/#primaryimage\"},\"thumbnailUrl\":\"https:\/\/www.biolabeco.com.br\/wp-content\/uploads\/2024\/06\/Banner-Blog-Viver-Bem-Hidratacao-nasal-combina-com-o-inverno.png.webp\",\"datePublished\":\"2024-06-30T20:44:40+00:00\",\"dateModified\":\"2025-12-09T17:36:08+00:00\",\"author\":{\"@id\":\"https:\/\/www.biolabeco.com.br\/#\/schema\/person\/bb07d50e32d20028751837031a066fac\"},\"breadcrumb\":{\"@id\":\"https:\/\/www.biolabeco.com.br\/en\/blog\/general-health\/nasal-hydration-goes-well-with-winter\/#breadcrumb\"},\"inLanguage\":\"es-ES\",\"potentialAction\":[{\"@type\":\"ReadAction\",\"target\":[\"https:\/\/www.biolabeco.com.br\/en\/blog\/general-health\/nasal-hydration-goes-well-with-winter\/\"]}]},{\"@type\":\"ImageObject\",\"inLanguage\":\"es-ES\",\"@id\":\"https:\/\/www.biolabeco.com.br\/en\/blog\/general-health\/nasal-hydration-goes-well-with-winter\/#primaryimage\",\"url\":\"https:\/\/www.biolabeco.com.br\/wp-content\/uploads\/2024\/06\/Banner-Blog-Viver-Bem-Hidratacao-nasal-combina-com-o-inverno.png.webp\",\"contentUrl\":\"https:\/\/www.biolabeco.com.br\/wp-content\/uploads\/2024\/06\/Banner-Blog-Viver-Bem-Hidratacao-nasal-combina-com-o-inverno.png.webp\",\"width\":1200,\"height\":436},{\"@type\":\"BreadcrumbList\",\"@id\":\"https:\/\/www.biolabeco.com.br\/en\/blog\/general-health\/nasal-hydration-goes-well-with-winter\/#breadcrumb\",\"itemListElement\":[{\"@type\":\"ListItem\",\"position\":1,\"name\":\"Home\",\"item\":\"https:\/\/www.biolabeco.com.br\/\"},{\"@type\":\"ListItem\",\"position\":2,\"name\":\"Hidrata\u00e7\u00e3o nasal combina com o inverno\"}]},{\"@type\":\"WebSite\",\"@id\":\"https:\/\/www.biolabeco.com.br\/#website\",\"url\":\"https:\/\/www.biolabeco.com.br\/\",\"name\":\"Biolab\",\"description\":\"Na Biolab &amp; Co, ci\u00eancia e cuidado caminham juntos. Saiba como promovemos sa\u00fade com responsabilidade socioambiental e tecnologia.\",\"potentialAction\":[{\"@type\":\"SearchAction\",\"target\":{\"@type\":\"EntryPoint\",\"urlTemplate\":\"https:\/\/www.biolabeco.com.br\/?s={search_term_string}\"},\"query-input\":{\"@type\":\"PropertyValueSpecification\",\"valueRequired\":true,\"valueName\":\"search_term_string\"}}],\"inLanguage\":\"es-ES\"},{\"@type\":\"Person\",\"@id\":\"https:\/\/www.biolabeco.com.br\/#\/schema\/person\/bb07d50e32d20028751837031a066fac\",\"name\":\"Yasmim Botelho\",\"image\":{\"@type\":\"ImageObject\",\"inLanguage\":\"es-ES\",\"@id\":\"https:\/\/www.biolabeco.com.br\/#\/schema\/person\/image\/\",\"url\":\"https:\/\/secure.gravatar.com\/avatar\/9d0fea0daa82eb99e89f9f8c0e5ab7f7?s=96&d=mm&r=g\",\"contentUrl\":\"https:\/\/secure.gravatar.com\/avatar\/9d0fea0daa82eb99e89f9f8c0e5ab7f7?s=96&d=mm&r=g\",\"caption\":\"Yasmim Botelho\"},\"url\":\"https:\/\/www.biolabeco.com.br\/es\/author\/yalves\/\"}]}<\/script>\n<!-- \/ Yoast SEO Premium plugin. -->","yoast_head_json":{"title":"La hidrataci\u00f3n nasal acompa\u00f1a bien al invierno - Biolab &amp; Co","robots":{"index":"index","follow":"follow","max-snippet":"max-snippet:-1","max-image-preview":"max-image-preview:large","max-video-preview":"max-video-preview:-1"},"canonical":"https:\/\/www.biolabeco.com.br\/es\/blog\/salud-general\/la-hidratacion-nasal-va-bien-con-el-invierno\/","og_locale":"es_ES","og_type":"article","og_title":"Hidrata\u00e7\u00e3o nasal combina com o inverno","og_description":"A \u00e9poca mais fria do ano \u00e9 marcada pela baixa umidade do ar, que pode aumentar a incid\u00eancia de doen\u00e7as e alergias respirat\u00f3rias. Isso ocorre devido \u00e0 alta concentra\u00e7\u00e3o de poluentes na atmosfera, que, durante o frio, acabam sendo depositadas na superf\u00edcie terrestre resultando na irrita\u00e7\u00e3o da mucosa e na condi\u00e7\u00e3o ideal para o surgimento [&hellip;]","og_url":"https:\/\/www.biolabeco.com.br\/es\/blog\/salud-general\/la-hidratacion-nasal-va-bien-con-el-invierno\/","og_site_name":"Biolab &amp; Co","article_published_time":"2024-06-30T20:44:40+00:00","article_modified_time":"2025-12-09T17:36:08+00:00","og_image":[{"width":1200,"height":436,"url":"https:\/\/www.biolabeco.com.br\/wp-content\/uploads\/2024\/06\/Banner-Blog-Viver-Bem-Hidratacao-nasal-combina-com-o-inverno.png.webp","type":"image\/webp"}],"author":"Yasmim Botelho","twitter_card":"summary_large_image","twitter_misc":{"Written by":"Yasmim Botelho","Est. reading time":"3 minutes"},"schema":{"@context":"https:\/\/schema.org","@graph":[{"@type":"WebPage","@id":"https:\/\/www.biolabeco.com.br\/en\/blog\/general-health\/nasal-hydration-goes-well-with-winter\/","url":"https:\/\/www.biolabeco.com.br\/en\/blog\/general-health\/nasal-hydration-goes-well-with-winter\/","name":"La hidrataci\u00f3n nasal acompa\u00f1a bien al invierno - Biolab &amp; Co","isPartOf":{"@id":"https:\/\/www.biolabeco.com.br\/#website"},"primaryImageOfPage":{"@id":"https:\/\/www.biolabeco.com.br\/en\/blog\/general-health\/nasal-hydration-goes-well-with-winter\/#primaryimage"},"image":{"@id":"https:\/\/www.biolabeco.com.br\/en\/blog\/general-health\/nasal-hydration-goes-well-with-winter\/#primaryimage"},"thumbnailUrl":"https:\/\/www.biolabeco.com.br\/wp-content\/uploads\/2024\/06\/Banner-Blog-Viver-Bem-Hidratacao-nasal-combina-com-o-inverno.png.webp","datePublished":"2024-06-30T20:44:40+00:00","dateModified":"2025-12-09T17:36:08+00:00","author":{"@id":"https:\/\/www.biolabeco.com.br\/#\/schema\/person\/bb07d50e32d20028751837031a066fac"},"breadcrumb":{"@id":"https:\/\/www.biolabeco.com.br\/en\/blog\/general-health\/nasal-hydration-goes-well-with-winter\/#breadcrumb"},"inLanguage":"es-ES","potentialAction":[{"@type":"ReadAction","target":["https:\/\/www.biolabeco.com.br\/en\/blog\/general-health\/nasal-hydration-goes-well-with-winter\/"]}]},{"@type":"ImageObject","inLanguage":"es-ES","@id":"https:\/\/www.biolabeco.com.br\/en\/blog\/general-health\/nasal-hydration-goes-well-with-winter\/#primaryimage","url":"https:\/\/www.biolabeco.com.br\/wp-content\/uploads\/2024\/06\/Banner-Blog-Viver-Bem-Hidratacao-nasal-combina-com-o-inverno.png.webp","contentUrl":"https:\/\/www.biolabeco.com.br\/wp-content\/uploads\/2024\/06\/Banner-Blog-Viver-Bem-Hidratacao-nasal-combina-com-o-inverno.png.webp","width":1200,"height":436},{"@type":"BreadcrumbList","@id":"https:\/\/www.biolabeco.com.br\/en\/blog\/general-health\/nasal-hydration-goes-well-with-winter\/#breadcrumb","itemListElement":[{"@type":"ListItem","position":1,"name":"Home","item":"https:\/\/www.biolabeco.com.br\/"},{"@type":"ListItem","position":2,"name":"Hidrata\u00e7\u00e3o nasal combina com o inverno"}]},{"@type":"WebSite","@id":"https:\/\/www.biolabeco.com.br\/#website","url":"https:\/\/www.biolabeco.com.br\/","name":"biolaboratorio","description":"En Biolab &amp; Co, la ciencia y el cuidado van de la mano. Descubra c\u00f3mo promovemos la salud con responsabilidad socioambiental y tecnolog\u00eda.","potentialAction":[{"@type":"SearchAction","target":{"@type":"EntryPoint","urlTemplate":"https:\/\/www.biolabeco.com.br\/?s={search_term_string}"},"query-input":{"@type":"PropertyValueSpecification","valueRequired":true,"valueName":"search_term_string"}}],"inLanguage":"es-ES"},{"@type":"Person","@id":"https:\/\/www.biolabeco.com.br\/#\/schema\/person\/bb07d50e32d20028751837031a066fac","name":"Yasmim Botelho","image":{"@type":"ImageObject","inLanguage":"es-ES","@id":"https:\/\/www.biolabeco.com.br\/#\/schema\/person\/image\/","url":"https:\/\/secure.gravatar.com\/avatar\/9d0fea0daa82eb99e89f9f8c0e5ab7f7?s=96&d=mm&r=g","contentUrl":"https:\/\/secure.gravatar.com\/avatar\/9d0fea0daa82eb99e89f9f8c0e5ab7f7?s=96&d=mm&r=g","caption":"Yasmim Botelho"},"url":"https:\/\/www.biolabeco.com.br\/es\/author\/yalves\/"}]}},"_links":{"self":[{"href":"https:\/\/www.biolabeco.com.br\/es\/wp-json\/wp\/v2\/posts\/560"}],"collection":[{"href":"https:\/\/www.biolabeco.com.br\/es\/wp-json\/wp\/v2\/posts"}],"about":[{"href":"https:\/\/www.biolabeco.com.br\/es\/wp-json\/wp\/v2\/types\/post"}],"author":[{"embeddable":true,"href":"https:\/\/www.biolabeco.com.br\/es\/wp-json\/wp\/v2\/users\/7"}],"replies":[{"embeddable":true,"href":"https:\/\/www.biolabeco.com.br\/es\/wp-json\/wp\/v2\/comments?post=560"}],"version-history":[{"count":1,"href":"https:\/\/www.biolabeco.com.br\/es\/wp-json\/wp\/v2\/posts\/560\/revisions"}],"predecessor-version":[{"id":14932,"href":"https:\/\/www.biolabeco.com.br\/es\/wp-json\/wp\/v2\/posts\/560\/revisions\/14932"}],"wp:featuredmedia":[{"embeddable":true,"href":"https:\/\/www.biolabeco.com.br\/es\/wp-json\/wp\/v2\/media\/14931"}],"wp:attachment":[{"href":"https:\/\/www.biolabeco.com.br\/es\/wp-json\/wp\/v2\/media?parent=560"}],"wp:term":[{"taxonomy":"category","embeddable":true,"href":"https:\/\/www.biolabeco.com.br\/es\/wp-json\/wp\/v2\/categories?post=560"},{"taxonomy":"post_tag","embeddable":true,"href":"https:\/\/www.biolabeco.com.br\/es\/wp-json\/wp\/v2\/tags?post=560"}],"curies":[{"name":"wp","href":"https:\/\/api.w.org\/{rel}","templated":true}]}}