{"id":579,"date":"2024-12-10T18:10:24","date_gmt":"2024-12-10T20:10:24","guid":{"rendered":"https:\/\/www.biolabemcasa.com.br\/?p=579"},"modified":"2025-12-09T14:41:48","modified_gmt":"2025-12-09T17:41:48","slug":"sudar-forma-parte-de-ello-pero-no-demasiado","status":"publish","type":"post","link":"https:\/\/www.biolabeco.com.br\/es\/blog\/mobilidade-e-atividade-fisica\/suar-faz-parte-mas-nao-em-excesso\/","title":{"rendered":"Sudar forma parte de ello, \u00a1pero no demasiado!"},"content":{"rendered":"<p>Sudar es una funci\u00f3n natural de nuestro cuerpo. Por t\u00e9rmino medio, liberamos alrededor de un litro de sudor al d\u00eda, pero la cantidad puede alcanzar los diez litros, especialmente en d\u00edas calurosos y durante el ejercicio.<\/p>\n<p>Este proceso se conoce como sudoraci\u00f3n. En general, sudamos para enfriar nuestro cuerpo mediante la termorregulaci\u00f3n. Funciona as\u00ed: cuando aumenta la temperatura corporal, el cerebro env\u00eda se\u00f1ales a m\u00e1s de 3 millones de gl\u00e1ndulas que liberan un l\u00edquido incoloro compuesto por 99% de agua y 1% de sales minerales, sodio y urea: es el sudor. Al evaporarse de la piel, reduce y reequilibra la temperatura corporal.<\/p>\n<p>La hiperhidrosis es una sudoraci\u00f3n excesiva que puede producirse en todo el cuerpo, pero las axilas, las manos, las plantas de los pies, las regiones inguinal y perineal, la cara y la cabeza suelen ser las zonas m\u00e1s afectadas. Todo est\u00e1 causado por una hiperfunci\u00f3n de las gl\u00e1ndulas.<\/p>\n<p>Por eso hay que estar alerta, porque la enfermedad -s\u00ed, es una enfermedad- puede ser leve, moderada o intensa. Esto significa que puede durar meses o toda la vida, presentando s\u00edntomas que a veces pueden resultar desafiantes.<\/p>\n<p>Una de las se\u00f1ales de que sudas m\u00e1s de lo necesario es la sudoraci\u00f3n excesiva durante al menos 6 meses sin motivo aparente, sudar mucho en situaciones cotidianas que no requieren esfuerzo y tener antecedentes familiares de hiperhidrosis.<\/p>\n<p>Esta afecci\u00f3n se diagnostica cl\u00ednicamente, teniendo en cuenta las molestias de cada paciente y los factores que pueden desencadenarla, como antecedentes familiares, estr\u00e9s psicol\u00f3gico, exposici\u00f3n continua al sol en d\u00edas muy calurosos y actividad f\u00edsica excesiva.<\/p>\n<p>Combatir la sudoraci\u00f3n excesiva no es tarea f\u00e1cil. En primer lugar, hay que identificar la causa y los niveles del trastorno.<\/p>\n<p>Adem\u00e1s, hay algunos cambios de h\u00e1bitos que pueden mejorar su calidad de vida. \u00c9stos son:<\/p>\n<p>. Utilice <a href=\"https:\/\/www.biolabemcasa.com.br\/produtos\/mp-dry-locao-antitranspirante-para-maos-e-pes-60-ml\" target=\"_blank\" rel=\"noopener\">antitranspirantes<\/a> indicado por el m\u00e9dico.<br \/>\n. Favorece el calzado y los calcetines de materiales naturales como el lino y el algod\u00f3n.<br \/>\n. Procura llevar ropa ligera, preferiblemente de algod\u00f3n.<br \/>\n. Seque bien las zonas afectadas despu\u00e9s de ducharse, esto ayudar\u00e1 a que los antitranspirantes se adhieran.<br \/>\n. Evite los alimentos que estimulan la sudoraci\u00f3n, como las comidas picantes y las bebidas alcoh\u00f3licas o con cafe\u00edna.<\/p>\n<p>La hiperhidrosis no es una enfermedad grave, pero puede comprometer la calidad de vida e interferir en las actividades sociales, escolares o profesionales. Busque ayuda m\u00e9dica para encontrar el tratamiento adecuado para usted.<\/p>\n<p>Referencias:<\/p>\n<h6>https:\/\/www.einstein.br\/noticias\/noticia\/suor-qual-a-sua-funcao#:~:text=Composto%20por%2099%25%20de%20%C3%A1gua,que%20%C3%A9%20hora%20de%20transpirar<\/h6>\n<h6>https:\/\/www.ecycle.com.br\/hiperidrose\/<\/h6>\n<h6>https:\/\/consultaremedios.com.br\/m-and-p-dry-antiperspirante-para-maos-e-pes-biolab\/p#description<\/h6>\n<h6>https:\/\/www.sbd.org.br\/hiperidrose-afeta-vida-social-de-quem-tem-a-doenca\/<\/h6>","protected":false},"excerpt":{"rendered":"<p>A transpira\u00e7\u00e3o \u00e9 uma fun\u00e7\u00e3o natural do nosso corpo. Em m\u00e9dia, liberamos cerca de um litro de suor por dia, mas a quantidade pode chegar a dez litros ? especialmente em dias quentes e durante a pr\u00e1tica de exerc\u00edcios f\u00edsicos. Esse processo \u00e9 conhecido por sudorese. Geralmente, suamos para refrescar o corpo, por meio da [&hellip;]<\/p>\n","protected":false},"author":7,"featured_media":14953,"comment_status":"closed","ping_status":"closed","sticky":false,"template":"","format":"standard","meta":{"_acf_changed":false,"footnotes":""},"categories":[1620,1615,1616,1621],"tags":[],"acf":[],"yoast_head":"<!-- This site is optimized with the Yoast SEO Premium plugin v24.4 (Yoast SEO v24.4) - https:\/\/yoast.com\/wordpress\/plugins\/seo\/ -->\n<title>Suar faz parte, mas n\u00e3o em excesso! - Biolab &amp; Co<\/title>\n<meta name=\"robots\" content=\"index, follow, max-snippet:-1, max-image-preview:large, max-video-preview:-1\" \/>\n<link rel=\"canonical\" href=\"https:\/\/www.biolabeco.com.br\/es\/blog\/movilidad-y-actividad-fisica\/sudar-forma-parte-de-ello-pero-no-demasiado\/\" \/>\n<meta property=\"og:locale\" content=\"es_ES\" \/>\n<meta property=\"og:type\" content=\"article\" \/>\n<meta property=\"og:title\" content=\"Suar faz parte, mas n\u00e3o em excesso!\" \/>\n<meta property=\"og:description\" content=\"A transpira\u00e7\u00e3o \u00e9 uma fun\u00e7\u00e3o natural do nosso corpo. Em m\u00e9dia, liberamos cerca de um litro de suor por dia, mas a quantidade pode chegar a dez litros ? especialmente em dias quentes e durante a pr\u00e1tica de exerc\u00edcios f\u00edsicos. Esse processo \u00e9 conhecido por sudorese. Geralmente, suamos para refrescar o corpo, por meio da [&hellip;]\" \/>\n<meta property=\"og:url\" content=\"https:\/\/www.biolabeco.com.br\/es\/blog\/movilidad-y-actividad-fisica\/sudar-forma-parte-de-ello-pero-no-demasiado\/\" \/>\n<meta property=\"og:site_name\" content=\"Biolab &amp; Co\" \/>\n<meta property=\"article:published_time\" content=\"2024-12-10T20:10:24+00:00\" \/>\n<meta property=\"article:modified_time\" content=\"2025-12-09T17:41:48+00:00\" \/>\n<meta property=\"og:image\" content=\"https:\/\/www.biolabeco.com.br\/wp-content\/uploads\/2024\/12\/Banner-Blog-Viver-Bem-Suar-faz-parte-suar-em-excesso.png.webp\" \/>\n\t<meta property=\"og:image:width\" content=\"1200\" \/>\n\t<meta property=\"og:image:height\" content=\"436\" \/>\n\t<meta property=\"og:image:type\" content=\"image\/webp\" \/>\n<meta name=\"author\" content=\"Yasmim Botelho\" \/>\n<meta name=\"twitter:card\" content=\"summary_large_image\" \/>\n<meta name=\"twitter:label1\" content=\"Written by\" \/>\n\t<meta name=\"twitter:data1\" content=\"Yasmim Botelho\" \/>\n\t<meta name=\"twitter:label2\" content=\"Est. reading time\" \/>\n\t<meta name=\"twitter:data2\" content=\"3 minutes\" \/>\n<script type=\"application\/ld+json\" class=\"yoast-schema-graph\">{\"@context\":\"https:\/\/schema.org\",\"@graph\":[{\"@type\":\"WebPage\",\"@id\":\"https:\/\/www.biolabeco.com.br\/blog\/mobilidade-e-atividade-fisica\/suar-faz-parte-mas-nao-em-excesso\/\",\"url\":\"https:\/\/www.biolabeco.com.br\/blog\/mobilidade-e-atividade-fisica\/suar-faz-parte-mas-nao-em-excesso\/\",\"name\":\"Suar faz parte, mas n\u00e3o em excesso! - Biolab &amp; Co\",\"isPartOf\":{\"@id\":\"https:\/\/www.biolabeco.com.br\/#website\"},\"primaryImageOfPage\":{\"@id\":\"https:\/\/www.biolabeco.com.br\/blog\/mobilidade-e-atividade-fisica\/suar-faz-parte-mas-nao-em-excesso\/#primaryimage\"},\"image\":{\"@id\":\"https:\/\/www.biolabeco.com.br\/blog\/mobilidade-e-atividade-fisica\/suar-faz-parte-mas-nao-em-excesso\/#primaryimage\"},\"thumbnailUrl\":\"https:\/\/www.biolabeco.com.br\/wp-content\/uploads\/2024\/12\/Banner-Blog-Viver-Bem-Suar-faz-parte-suar-em-excesso.png.webp\",\"datePublished\":\"2024-12-10T20:10:24+00:00\",\"dateModified\":\"2025-12-09T17:41:48+00:00\",\"author\":{\"@id\":\"https:\/\/www.biolabeco.com.br\/#\/schema\/person\/bb07d50e32d20028751837031a066fac\"},\"breadcrumb\":{\"@id\":\"https:\/\/www.biolabeco.com.br\/blog\/mobilidade-e-atividade-fisica\/suar-faz-parte-mas-nao-em-excesso\/#breadcrumb\"},\"inLanguage\":\"es-ES\",\"potentialAction\":[{\"@type\":\"ReadAction\",\"target\":[\"https:\/\/www.biolabeco.com.br\/blog\/mobilidade-e-atividade-fisica\/suar-faz-parte-mas-nao-em-excesso\/\"]}]},{\"@type\":\"ImageObject\",\"inLanguage\":\"es-ES\",\"@id\":\"https:\/\/www.biolabeco.com.br\/blog\/mobilidade-e-atividade-fisica\/suar-faz-parte-mas-nao-em-excesso\/#primaryimage\",\"url\":\"https:\/\/www.biolabeco.com.br\/wp-content\/uploads\/2024\/12\/Banner-Blog-Viver-Bem-Suar-faz-parte-suar-em-excesso.png.webp\",\"contentUrl\":\"https:\/\/www.biolabeco.com.br\/wp-content\/uploads\/2024\/12\/Banner-Blog-Viver-Bem-Suar-faz-parte-suar-em-excesso.png.webp\",\"width\":1200,\"height\":436},{\"@type\":\"BreadcrumbList\",\"@id\":\"https:\/\/www.biolabeco.com.br\/blog\/mobilidade-e-atividade-fisica\/suar-faz-parte-mas-nao-em-excesso\/#breadcrumb\",\"itemListElement\":[{\"@type\":\"ListItem\",\"position\":1,\"name\":\"Home\",\"item\":\"https:\/\/www.biolabeco.com.br\/\"},{\"@type\":\"ListItem\",\"position\":2,\"name\":\"Suar faz parte, mas n\u00e3o em excesso!\"}]},{\"@type\":\"WebSite\",\"@id\":\"https:\/\/www.biolabeco.com.br\/#website\",\"url\":\"https:\/\/www.biolabeco.com.br\/\",\"name\":\"Biolab\",\"description\":\"Na Biolab &amp; Co, ci\u00eancia e cuidado caminham juntos. Saiba como promovemos sa\u00fade com responsabilidade socioambiental e tecnologia.\",\"potentialAction\":[{\"@type\":\"SearchAction\",\"target\":{\"@type\":\"EntryPoint\",\"urlTemplate\":\"https:\/\/www.biolabeco.com.br\/?s={search_term_string}\"},\"query-input\":{\"@type\":\"PropertyValueSpecification\",\"valueRequired\":true,\"valueName\":\"search_term_string\"}}],\"inLanguage\":\"es-ES\"},{\"@type\":\"Person\",\"@id\":\"https:\/\/www.biolabeco.com.br\/#\/schema\/person\/bb07d50e32d20028751837031a066fac\",\"name\":\"Yasmim Botelho\",\"image\":{\"@type\":\"ImageObject\",\"inLanguage\":\"es-ES\",\"@id\":\"https:\/\/www.biolabeco.com.br\/#\/schema\/person\/image\/\",\"url\":\"https:\/\/secure.gravatar.com\/avatar\/9d0fea0daa82eb99e89f9f8c0e5ab7f7?s=96&d=mm&r=g\",\"contentUrl\":\"https:\/\/secure.gravatar.com\/avatar\/9d0fea0daa82eb99e89f9f8c0e5ab7f7?s=96&d=mm&r=g\",\"caption\":\"Yasmim Botelho\"},\"url\":\"https:\/\/www.biolabeco.com.br\/es\/author\/yalves\/\"}]}<\/script>\n<!-- \/ Yoast SEO Premium plugin. -->","yoast_head_json":{"title":"Sudar forma parte de ello, \u00a1pero no demasiado! - Biolab &amp; Co","robots":{"index":"index","follow":"follow","max-snippet":"max-snippet:-1","max-image-preview":"max-image-preview:large","max-video-preview":"max-video-preview:-1"},"canonical":"https:\/\/www.biolabeco.com.br\/es\/blog\/movilidad-y-actividad-fisica\/sudar-forma-parte-de-ello-pero-no-demasiado\/","og_locale":"es_ES","og_type":"article","og_title":"Suar faz parte, mas n\u00e3o em excesso!","og_description":"A transpira\u00e7\u00e3o \u00e9 uma fun\u00e7\u00e3o natural do nosso corpo. Em m\u00e9dia, liberamos cerca de um litro de suor por dia, mas a quantidade pode chegar a dez litros ? especialmente em dias quentes e durante a pr\u00e1tica de exerc\u00edcios f\u00edsicos. Esse processo \u00e9 conhecido por sudorese. Geralmente, suamos para refrescar o corpo, por meio da [&hellip;]","og_url":"https:\/\/www.biolabeco.com.br\/es\/blog\/movilidad-y-actividad-fisica\/sudar-forma-parte-de-ello-pero-no-demasiado\/","og_site_name":"Biolab &amp; Co","article_published_time":"2024-12-10T20:10:24+00:00","article_modified_time":"2025-12-09T17:41:48+00:00","og_image":[{"width":1200,"height":436,"url":"https:\/\/www.biolabeco.com.br\/wp-content\/uploads\/2024\/12\/Banner-Blog-Viver-Bem-Suar-faz-parte-suar-em-excesso.png.webp","type":"image\/webp"}],"author":"Yasmim Botelho","twitter_card":"summary_large_image","twitter_misc":{"Written by":"Yasmim Botelho","Est. reading time":"3 minutes"},"schema":{"@context":"https:\/\/schema.org","@graph":[{"@type":"WebPage","@id":"https:\/\/www.biolabeco.com.br\/blog\/mobilidade-e-atividade-fisica\/suar-faz-parte-mas-nao-em-excesso\/","url":"https:\/\/www.biolabeco.com.br\/blog\/mobilidade-e-atividade-fisica\/suar-faz-parte-mas-nao-em-excesso\/","name":"Sudar forma parte de ello, \u00a1pero no demasiado! - Biolab &amp; Co","isPartOf":{"@id":"https:\/\/www.biolabeco.com.br\/#website"},"primaryImageOfPage":{"@id":"https:\/\/www.biolabeco.com.br\/blog\/mobilidade-e-atividade-fisica\/suar-faz-parte-mas-nao-em-excesso\/#primaryimage"},"image":{"@id":"https:\/\/www.biolabeco.com.br\/blog\/mobilidade-e-atividade-fisica\/suar-faz-parte-mas-nao-em-excesso\/#primaryimage"},"thumbnailUrl":"https:\/\/www.biolabeco.com.br\/wp-content\/uploads\/2024\/12\/Banner-Blog-Viver-Bem-Suar-faz-parte-suar-em-excesso.png.webp","datePublished":"2024-12-10T20:10:24+00:00","dateModified":"2025-12-09T17:41:48+00:00","author":{"@id":"https:\/\/www.biolabeco.com.br\/#\/schema\/person\/bb07d50e32d20028751837031a066fac"},"breadcrumb":{"@id":"https:\/\/www.biolabeco.com.br\/blog\/mobilidade-e-atividade-fisica\/suar-faz-parte-mas-nao-em-excesso\/#breadcrumb"},"inLanguage":"es-ES","potentialAction":[{"@type":"ReadAction","target":["https:\/\/www.biolabeco.com.br\/blog\/mobilidade-e-atividade-fisica\/suar-faz-parte-mas-nao-em-excesso\/"]}]},{"@type":"ImageObject","inLanguage":"es-ES","@id":"https:\/\/www.biolabeco.com.br\/blog\/mobilidade-e-atividade-fisica\/suar-faz-parte-mas-nao-em-excesso\/#primaryimage","url":"https:\/\/www.biolabeco.com.br\/wp-content\/uploads\/2024\/12\/Banner-Blog-Viver-Bem-Suar-faz-parte-suar-em-excesso.png.webp","contentUrl":"https:\/\/www.biolabeco.com.br\/wp-content\/uploads\/2024\/12\/Banner-Blog-Viver-Bem-Suar-faz-parte-suar-em-excesso.png.webp","width":1200,"height":436},{"@type":"BreadcrumbList","@id":"https:\/\/www.biolabeco.com.br\/blog\/mobilidade-e-atividade-fisica\/suar-faz-parte-mas-nao-em-excesso\/#breadcrumb","itemListElement":[{"@type":"ListItem","position":1,"name":"Home","item":"https:\/\/www.biolabeco.com.br\/"},{"@type":"ListItem","position":2,"name":"Suar faz parte, mas n\u00e3o em excesso!"}]},{"@type":"WebSite","@id":"https:\/\/www.biolabeco.com.br\/#website","url":"https:\/\/www.biolabeco.com.br\/","name":"biolaboratorio","description":"En Biolab &amp; Co, la ciencia y el cuidado van de la mano. Descubra c\u00f3mo promovemos la salud con responsabilidad socioambiental y tecnolog\u00eda.","potentialAction":[{"@type":"SearchAction","target":{"@type":"EntryPoint","urlTemplate":"https:\/\/www.biolabeco.com.br\/?s={search_term_string}"},"query-input":{"@type":"PropertyValueSpecification","valueRequired":true,"valueName":"search_term_string"}}],"inLanguage":"es-ES"},{"@type":"Person","@id":"https:\/\/www.biolabeco.com.br\/#\/schema\/person\/bb07d50e32d20028751837031a066fac","name":"Yasmim Botelho","image":{"@type":"ImageObject","inLanguage":"es-ES","@id":"https:\/\/www.biolabeco.com.br\/#\/schema\/person\/image\/","url":"https:\/\/secure.gravatar.com\/avatar\/9d0fea0daa82eb99e89f9f8c0e5ab7f7?s=96&d=mm&r=g","contentUrl":"https:\/\/secure.gravatar.com\/avatar\/9d0fea0daa82eb99e89f9f8c0e5ab7f7?s=96&d=mm&r=g","caption":"Yasmim Botelho"},"url":"https:\/\/www.biolabeco.com.br\/es\/author\/yalves\/"}]}},"_links":{"self":[{"href":"https:\/\/www.biolabeco.com.br\/es\/wp-json\/wp\/v2\/posts\/579"}],"collection":[{"href":"https:\/\/www.biolabeco.com.br\/es\/wp-json\/wp\/v2\/posts"}],"about":[{"href":"https:\/\/www.biolabeco.com.br\/es\/wp-json\/wp\/v2\/types\/post"}],"author":[{"embeddable":true,"href":"https:\/\/www.biolabeco.com.br\/es\/wp-json\/wp\/v2\/users\/7"}],"replies":[{"embeddable":true,"href":"https:\/\/www.biolabeco.com.br\/es\/wp-json\/wp\/v2\/comments?post=579"}],"version-history":[{"count":1,"href":"https:\/\/www.biolabeco.com.br\/es\/wp-json\/wp\/v2\/posts\/579\/revisions"}],"predecessor-version":[{"id":14954,"href":"https:\/\/www.biolabeco.com.br\/es\/wp-json\/wp\/v2\/posts\/579\/revisions\/14954"}],"wp:featuredmedia":[{"embeddable":true,"href":"https:\/\/www.biolabeco.com.br\/es\/wp-json\/wp\/v2\/media\/14953"}],"wp:attachment":[{"href":"https:\/\/www.biolabeco.com.br\/es\/wp-json\/wp\/v2\/media?parent=579"}],"wp:term":[{"taxonomy":"category","embeddable":true,"href":"https:\/\/www.biolabeco.com.br\/es\/wp-json\/wp\/v2\/categories?post=579"},{"taxonomy":"post_tag","embeddable":true,"href":"https:\/\/www.biolabeco.com.br\/es\/wp-json\/wp\/v2\/tags?post=579"}],"curies":[{"name":"wp","href":"https:\/\/api.w.org\/{rel}","templated":true}]}}