{"id":673,"date":"2025-04-30T10:39:23","date_gmt":"2025-04-30T13:39:23","guid":{"rendered":"https:\/\/www.biolabemcasa.com.br\/?p=673"},"modified":"2025-12-09T14:51:18","modified_gmt":"2025-12-09T17:51:18","slug":"migrana-y-ansiedad","status":"publish","type":"post","link":"https:\/\/www.biolabeco.com.br\/es\/blog\/saude-geral\/enxaqueca-e-ansiedade\/","title":{"rendered":"Migra\u00f1a y ansiedad: cuando el cuerpo y la mente hablan juntos"},"content":{"rendered":"<p><span style=\"font-weight: 400;\">\u00bfSufre dolores de cabeza frecuentes, le cuesta relajarse y la ansiedad parece estar siempre al acecho? Estos s\u00edntomas pueden parecer independientes, pero en realidad est\u00e1n m\u00e1s relacionados de lo que creemos: la migra\u00f1a.<\/span><\/p>\n<p><span style=\"font-weight: 400;\">Los estudios demuestran que <\/span><b>la migra\u00f1a cr\u00f3nica suele ir asociada a trastornos del estado de \u00e1nimo como la ansiedad y la depresi\u00f3n<\/b><span style=\"font-weight: 400;\">. En otras palabras, lo que empieza con un dolor f\u00edsico puede entrelazarse con repercusiones emocionales, y viceversa.<\/span><\/p>\n<p>&nbsp;<\/p>\n<h3><b>Migra\u00f1a: m\u00e1s que un dolor de cabeza<\/b><\/h3>\n<p><span style=\"font-weight: 400;\">La migra\u00f1a es una afecci\u00f3n neurol\u00f3gica compleja que puede incluir s\u00edntomas como:<\/span><\/p>\n<p><span style=\"font-weight: 400;\">- Dolor punzante intenso, generalmente en un lado de la cabeza.<\/span><\/p>\n<p><span style=\"font-weight: 400;\">- N\u00e1useas<\/span><\/p>\n<p><span style=\"font-weight: 400;\"><span style=\"vertical-align: inherit;\"><span style=\"vertical-align: inherit;\">- Sensibilidad a la luz y al sonido<\/span><\/span><\/span><\/p>\n<p><span style=\"font-weight: 400;\">- Cambios visuales (aura)<\/span><\/p>\n<p><span style=\"font-weight: 400;\">Pero va m\u00e1s all\u00e1 del aspecto f\u00edsico: muchos pacientes se\u00f1alan que las crisis van acompa\u00f1adas de <\/span><b>ansiedad anticipatoria<\/b><span style=\"font-weight: 400;\">El miedo constante a cu\u00e1ndo llegar\u00e1 el pr\u00f3ximo dolor. Esto en s\u00ed mismo repercute en la salud mental.<\/span><\/p>\n<p>&nbsp;<\/p>\n<h3><b>La relaci\u00f3n con la ansiedad<\/b><\/h3>\n<p><span style=\"font-weight: 400;\">Las investigaciones demuestran que las personas con migra\u00f1as tienen <\/span><b>mayor prevalencia de trastornos de ansiedad<\/b><span style=\"font-weight: 400;\">especialmente cuando el dolor se vuelve frecuente o incapacitante. Seg\u00fan un estudio publicado en 2023 en la revista <\/span><i><span style=\"font-weight: 400;\">Fronteras de la neurolog\u00eda<\/span><\/i><span style=\"font-weight: 400;\">Esta comorbilidad puede <\/span><b>intensificar los s\u00edntomas de ambas afecciones<\/b><span style=\"font-weight: 400;\">Esto crea un ciclo de dolor, tensi\u00f3n emocional y empeoramiento de la calidad de vida.<\/span><\/p>\n<p><span style=\"font-weight: 400;\">Adem\u00e1s, el <\/span><i><span style=\"font-weight: 400;\">Fundaci\u00f3n Americana de la Migra\u00f1a <\/span><\/i><span style=\"font-weight: 400;\">(AMF) subraya que la ansiedad puede afectar a la respuesta al tratamiento de la migra\u00f1a, lo que requiere un enfoque m\u00e1s amplio que incluya tanto la atenci\u00f3n neurol\u00f3gica como la emocional.<\/span><\/p>\n<p>&nbsp;<\/p>\n<h3><b>\u00bfQu\u00e9 importancia tiene?<\/b><\/h3>\n<p><span style=\"font-weight: 400;\">Comprender esta conexi\u00f3n es esencial para promover una atenci\u00f3n m\u00e1s completa e individualizada. Para Biolab, que trabaja profundamente en el sistema nervioso central (SNC), hablar de migra\u00f1a es tambi\u00e9n hablar de salud mental, y viceversa.<\/span><\/p>\n<p><span style=\"font-weight: 400;\">Cuidar el cuerpo es tambi\u00e9n escuchar la mente. Y cuanto antes se inicie esta conversaci\u00f3n, mejores ser\u00e1n las posibilidades de recepci\u00f3n, diagn\u00f3stico y calidad de vida.<\/span><\/p>","protected":false},"excerpt":{"rendered":"<p>Voc\u00ea sente dor de cabe\u00e7a de modo frequente, dificuldade para relaxar e uma ansiedade que parece sempre \u00e0 espreita? Esses sintomas podem parecer separados, mas na verdade est\u00e3o mais conectados do que imaginamos: enxaqueca. Estudos informam que a enxaqueca cr\u00f4nica est\u00e1 frequentemente associada a transtornos de humor, como ansiedade e depress\u00e3o. Ou seja, o que [&hellip;]<\/p>\n","protected":false},"author":7,"featured_media":14989,"comment_status":"closed","ping_status":"open","sticky":false,"template":"","format":"standard","meta":{"_acf_changed":false,"footnotes":""},"categories":[1616,1626],"tags":[1630,1631,1632],"acf":[],"yoast_head":"<!-- This site is optimized with the Yoast SEO Premium plugin v24.4 (Yoast SEO v24.4) - https:\/\/yoast.com\/wordpress\/plugins\/seo\/ -->\n<title>Enxaqueca e ansiedade: quando o corpo e a mente falam juntos - Biolab &amp; Co<\/title>\n<meta name=\"robots\" content=\"index, follow, max-snippet:-1, max-image-preview:large, max-video-preview:-1\" \/>\n<link rel=\"canonical\" href=\"https:\/\/www.biolabeco.com.br\/es\/blog\/salud-general\/migrana-y-ansiedad\/\" \/>\n<meta property=\"og:locale\" content=\"es_ES\" \/>\n<meta property=\"og:type\" content=\"article\" \/>\n<meta property=\"og:title\" content=\"Enxaqueca e ansiedade: quando o corpo e a mente falam juntos\" \/>\n<meta property=\"og:description\" content=\"Voc\u00ea sente dor de cabe\u00e7a de modo frequente, dificuldade para relaxar e uma ansiedade que parece sempre \u00e0 espreita? Esses sintomas podem parecer separados, mas na verdade est\u00e3o mais conectados do que imaginamos: enxaqueca. Estudos informam que a enxaqueca cr\u00f4nica est\u00e1 frequentemente associada a transtornos de humor, como ansiedade e depress\u00e3o. Ou seja, o que [&hellip;]\" \/>\n<meta property=\"og:url\" content=\"https:\/\/www.biolabeco.com.br\/es\/blog\/salud-general\/migrana-y-ansiedad\/\" \/>\n<meta property=\"og:site_name\" content=\"Biolab &amp; Co\" \/>\n<meta property=\"article:published_time\" content=\"2025-04-30T13:39:23+00:00\" \/>\n<meta property=\"article:modified_time\" content=\"2025-12-09T17:51:18+00:00\" \/>\n<meta property=\"og:image\" content=\"https:\/\/www.biolabeco.com.br\/wp-content\/uploads\/2025\/04\/DIG0010-25F_DIGITAL_PROFUNDAMENTE_BLOGPOST_v2-1.png.webp\" \/>\n\t<meta property=\"og:image:width\" content=\"1200\" \/>\n\t<meta property=\"og:image:height\" content=\"436\" \/>\n\t<meta property=\"og:image:type\" content=\"image\/webp\" \/>\n<meta name=\"author\" content=\"Yasmim Botelho\" \/>\n<meta name=\"twitter:card\" content=\"summary_large_image\" \/>\n<meta name=\"twitter:label1\" content=\"Written by\" \/>\n\t<meta name=\"twitter:data1\" content=\"Yasmim Botelho\" \/>\n\t<meta name=\"twitter:label2\" content=\"Est. reading time\" \/>\n\t<meta name=\"twitter:data2\" content=\"2 minutes\" \/>\n<script type=\"application\/ld+json\" class=\"yoast-schema-graph\">{\"@context\":\"https:\/\/schema.org\",\"@graph\":[{\"@type\":\"WebPage\",\"@id\":\"https:\/\/www.biolabeco.com.br\/es\/blog\/salud-general\/migrana-y-ansiedad\/\",\"url\":\"https:\/\/www.biolabeco.com.br\/es\/blog\/salud-general\/migrana-y-ansiedad\/\",\"name\":\"Enxaqueca e ansiedade: quando o corpo e a mente falam juntos - Biolab &amp; Co\",\"isPartOf\":{\"@id\":\"https:\/\/www.biolabeco.com.br\/#website\"},\"primaryImageOfPage\":{\"@id\":\"https:\/\/www.biolabeco.com.br\/es\/blog\/salud-general\/migrana-y-ansiedad\/#primaryimage\"},\"image\":{\"@id\":\"https:\/\/www.biolabeco.com.br\/es\/blog\/salud-general\/migrana-y-ansiedad\/#primaryimage\"},\"thumbnailUrl\":\"https:\/\/www.biolabeco.com.br\/wp-content\/uploads\/2025\/04\/DIG0010-25F_DIGITAL_PROFUNDAMENTE_BLOGPOST_v2-1.png.webp\",\"datePublished\":\"2025-04-30T13:39:23+00:00\",\"dateModified\":\"2025-12-09T17:51:18+00:00\",\"author\":{\"@id\":\"https:\/\/www.biolabeco.com.br\/#\/schema\/person\/bb07d50e32d20028751837031a066fac\"},\"breadcrumb\":{\"@id\":\"https:\/\/www.biolabeco.com.br\/es\/blog\/salud-general\/migrana-y-ansiedad\/#breadcrumb\"},\"inLanguage\":\"es-ES\",\"potentialAction\":[{\"@type\":\"ReadAction\",\"target\":[\"https:\/\/www.biolabeco.com.br\/es\/blog\/salud-general\/migrana-y-ansiedad\/\"]}]},{\"@type\":\"ImageObject\",\"inLanguage\":\"es-ES\",\"@id\":\"https:\/\/www.biolabeco.com.br\/es\/blog\/salud-general\/migrana-y-ansiedad\/#primaryimage\",\"url\":\"https:\/\/www.biolabeco.com.br\/wp-content\/uploads\/2025\/04\/DIG0010-25F_DIGITAL_PROFUNDAMENTE_BLOGPOST_v2-1.png.webp\",\"contentUrl\":\"https:\/\/www.biolabeco.com.br\/wp-content\/uploads\/2025\/04\/DIG0010-25F_DIGITAL_PROFUNDAMENTE_BLOGPOST_v2-1.png.webp\",\"width\":1200,\"height\":436},{\"@type\":\"BreadcrumbList\",\"@id\":\"https:\/\/www.biolabeco.com.br\/es\/blog\/salud-general\/migrana-y-ansiedad\/#breadcrumb\",\"itemListElement\":[{\"@type\":\"ListItem\",\"position\":1,\"name\":\"Home\",\"item\":\"https:\/\/www.biolabeco.com.br\/\"},{\"@type\":\"ListItem\",\"position\":2,\"name\":\"Enxaqueca e ansiedade: quando o corpo e a mente falam juntos\"}]},{\"@type\":\"WebSite\",\"@id\":\"https:\/\/www.biolabeco.com.br\/#website\",\"url\":\"https:\/\/www.biolabeco.com.br\/\",\"name\":\"Biolab\",\"description\":\"Na Biolab &amp; Co, ci\u00eancia e cuidado caminham juntos. Saiba como promovemos sa\u00fade com responsabilidade socioambiental e tecnologia.\",\"potentialAction\":[{\"@type\":\"SearchAction\",\"target\":{\"@type\":\"EntryPoint\",\"urlTemplate\":\"https:\/\/www.biolabeco.com.br\/?s={search_term_string}\"},\"query-input\":{\"@type\":\"PropertyValueSpecification\",\"valueRequired\":true,\"valueName\":\"search_term_string\"}}],\"inLanguage\":\"es-ES\"},{\"@type\":\"Person\",\"@id\":\"https:\/\/www.biolabeco.com.br\/#\/schema\/person\/bb07d50e32d20028751837031a066fac\",\"name\":\"Yasmim Botelho\",\"image\":{\"@type\":\"ImageObject\",\"inLanguage\":\"es-ES\",\"@id\":\"https:\/\/www.biolabeco.com.br\/#\/schema\/person\/image\/\",\"url\":\"https:\/\/secure.gravatar.com\/avatar\/9d0fea0daa82eb99e89f9f8c0e5ab7f7?s=96&d=mm&r=g\",\"contentUrl\":\"https:\/\/secure.gravatar.com\/avatar\/9d0fea0daa82eb99e89f9f8c0e5ab7f7?s=96&d=mm&r=g\",\"caption\":\"Yasmim Botelho\"},\"url\":\"https:\/\/www.biolabeco.com.br\/es\/author\/yalves\/\"}]}<\/script>\n<!-- \/ Yoast SEO Premium plugin. -->","yoast_head_json":{"title":"Migra\u00f1a y ansiedad: cuando el cuerpo y la mente hablan - Biolab &amp; Co","robots":{"index":"index","follow":"follow","max-snippet":"max-snippet:-1","max-image-preview":"max-image-preview:large","max-video-preview":"max-video-preview:-1"},"canonical":"https:\/\/www.biolabeco.com.br\/es\/blog\/salud-general\/migrana-y-ansiedad\/","og_locale":"es_ES","og_type":"article","og_title":"Enxaqueca e ansiedade: quando o corpo e a mente falam juntos","og_description":"Voc\u00ea sente dor de cabe\u00e7a de modo frequente, dificuldade para relaxar e uma ansiedade que parece sempre \u00e0 espreita? Esses sintomas podem parecer separados, mas na verdade est\u00e3o mais conectados do que imaginamos: enxaqueca. Estudos informam que a enxaqueca cr\u00f4nica est\u00e1 frequentemente associada a transtornos de humor, como ansiedade e depress\u00e3o. Ou seja, o que [&hellip;]","og_url":"https:\/\/www.biolabeco.com.br\/es\/blog\/salud-general\/migrana-y-ansiedad\/","og_site_name":"Biolab &amp; Co","article_published_time":"2025-04-30T13:39:23+00:00","article_modified_time":"2025-12-09T17:51:18+00:00","og_image":[{"width":1200,"height":436,"url":"https:\/\/www.biolabeco.com.br\/wp-content\/uploads\/2025\/04\/DIG0010-25F_DIGITAL_PROFUNDAMENTE_BLOGPOST_v2-1.png.webp","type":"image\/webp"}],"author":"Yasmim Botelho","twitter_card":"summary_large_image","twitter_misc":{"Written by":"Yasmim Botelho","Est. reading time":"2 minutes"},"schema":{"@context":"https:\/\/schema.org","@graph":[{"@type":"WebPage","@id":"https:\/\/www.biolabeco.com.br\/es\/blog\/salud-general\/migrana-y-ansiedad\/","url":"https:\/\/www.biolabeco.com.br\/es\/blog\/salud-general\/migrana-y-ansiedad\/","name":"Migra\u00f1a y ansiedad: cuando el cuerpo y la mente hablan - Biolab &amp; Co","isPartOf":{"@id":"https:\/\/www.biolabeco.com.br\/#website"},"primaryImageOfPage":{"@id":"https:\/\/www.biolabeco.com.br\/es\/blog\/salud-general\/migrana-y-ansiedad\/#primaryimage"},"image":{"@id":"https:\/\/www.biolabeco.com.br\/es\/blog\/salud-general\/migrana-y-ansiedad\/#primaryimage"},"thumbnailUrl":"https:\/\/www.biolabeco.com.br\/wp-content\/uploads\/2025\/04\/DIG0010-25F_DIGITAL_PROFUNDAMENTE_BLOGPOST_v2-1.png.webp","datePublished":"2025-04-30T13:39:23+00:00","dateModified":"2025-12-09T17:51:18+00:00","author":{"@id":"https:\/\/www.biolabeco.com.br\/#\/schema\/person\/bb07d50e32d20028751837031a066fac"},"breadcrumb":{"@id":"https:\/\/www.biolabeco.com.br\/es\/blog\/salud-general\/migrana-y-ansiedad\/#breadcrumb"},"inLanguage":"es-ES","potentialAction":[{"@type":"ReadAction","target":["https:\/\/www.biolabeco.com.br\/es\/blog\/salud-general\/migrana-y-ansiedad\/"]}]},{"@type":"ImageObject","inLanguage":"es-ES","@id":"https:\/\/www.biolabeco.com.br\/es\/blog\/salud-general\/migrana-y-ansiedad\/#primaryimage","url":"https:\/\/www.biolabeco.com.br\/wp-content\/uploads\/2025\/04\/DIG0010-25F_DIGITAL_PROFUNDAMENTE_BLOGPOST_v2-1.png.webp","contentUrl":"https:\/\/www.biolabeco.com.br\/wp-content\/uploads\/2025\/04\/DIG0010-25F_DIGITAL_PROFUNDAMENTE_BLOGPOST_v2-1.png.webp","width":1200,"height":436},{"@type":"BreadcrumbList","@id":"https:\/\/www.biolabeco.com.br\/es\/blog\/salud-general\/migrana-y-ansiedad\/#breadcrumb","itemListElement":[{"@type":"ListItem","position":1,"name":"Home","item":"https:\/\/www.biolabeco.com.br\/"},{"@type":"ListItem","position":2,"name":"Enxaqueca e ansiedade: quando o corpo e a mente falam juntos"}]},{"@type":"WebSite","@id":"https:\/\/www.biolabeco.com.br\/#website","url":"https:\/\/www.biolabeco.com.br\/","name":"biolaboratorio","description":"En Biolab &amp; Co, la ciencia y el cuidado van de la mano. Descubra c\u00f3mo promovemos la salud con responsabilidad socioambiental y tecnolog\u00eda.","potentialAction":[{"@type":"SearchAction","target":{"@type":"EntryPoint","urlTemplate":"https:\/\/www.biolabeco.com.br\/?s={search_term_string}"},"query-input":{"@type":"PropertyValueSpecification","valueRequired":true,"valueName":"search_term_string"}}],"inLanguage":"es-ES"},{"@type":"Person","@id":"https:\/\/www.biolabeco.com.br\/#\/schema\/person\/bb07d50e32d20028751837031a066fac","name":"Yasmim Botelho","image":{"@type":"ImageObject","inLanguage":"es-ES","@id":"https:\/\/www.biolabeco.com.br\/#\/schema\/person\/image\/","url":"https:\/\/secure.gravatar.com\/avatar\/9d0fea0daa82eb99e89f9f8c0e5ab7f7?s=96&d=mm&r=g","contentUrl":"https:\/\/secure.gravatar.com\/avatar\/9d0fea0daa82eb99e89f9f8c0e5ab7f7?s=96&d=mm&r=g","caption":"Yasmim Botelho"},"url":"https:\/\/www.biolabeco.com.br\/es\/author\/yalves\/"}]}},"_links":{"self":[{"href":"https:\/\/www.biolabeco.com.br\/es\/wp-json\/wp\/v2\/posts\/673"}],"collection":[{"href":"https:\/\/www.biolabeco.com.br\/es\/wp-json\/wp\/v2\/posts"}],"about":[{"href":"https:\/\/www.biolabeco.com.br\/es\/wp-json\/wp\/v2\/types\/post"}],"author":[{"embeddable":true,"href":"https:\/\/www.biolabeco.com.br\/es\/wp-json\/wp\/v2\/users\/7"}],"replies":[{"embeddable":true,"href":"https:\/\/www.biolabeco.com.br\/es\/wp-json\/wp\/v2\/comments?post=673"}],"version-history":[{"count":1,"href":"https:\/\/www.biolabeco.com.br\/es\/wp-json\/wp\/v2\/posts\/673\/revisions"}],"predecessor-version":[{"id":14990,"href":"https:\/\/www.biolabeco.com.br\/es\/wp-json\/wp\/v2\/posts\/673\/revisions\/14990"}],"wp:featuredmedia":[{"embeddable":true,"href":"https:\/\/www.biolabeco.com.br\/es\/wp-json\/wp\/v2\/media\/14989"}],"wp:attachment":[{"href":"https:\/\/www.biolabeco.com.br\/es\/wp-json\/wp\/v2\/media?parent=673"}],"wp:term":[{"taxonomy":"category","embeddable":true,"href":"https:\/\/www.biolabeco.com.br\/es\/wp-json\/wp\/v2\/categories?post=673"},{"taxonomy":"post_tag","embeddable":true,"href":"https:\/\/www.biolabeco.com.br\/es\/wp-json\/wp\/v2\/tags?post=673"}],"curies":[{"name":"wp","href":"https:\/\/api.w.org\/{rel}","templated":true}]}}