{"id":680,"date":"2025-05-09T12:26:40","date_gmt":"2025-05-09T15:26:40","guid":{"rendered":"https:\/\/www.biolabemcasa.com.br\/?p=680"},"modified":"2025-12-09T14:51:56","modified_gmt":"2025-12-09T17:51:56","slug":"de-generacion-en-generacion-lo-que-el-corazon-de-una-mujer-tiene-que-decir-sobre-la-herencia-genetica-y-el-cuidado","status":"publish","type":"post","link":"https:\/\/www.biolabeco.com.br\/es\/blog\/prevencao-e-imunidade\/de-geracao-em-geracao-o-que-o-coracao-da-mulher-tem-a-dizer-sobre-heranca-genetica-e-cuidado\/","title":{"rendered":"De generaci\u00f3n en generaci\u00f3n: lo que el coraz\u00f3n de una mujer tiene que decir sobre la herencia y el cuidado gen\u00e9ticos"},"content":{"rendered":"<p><i><span style=\"font-weight: 400;\">Comprenda c\u00f3mo los antecedentes familiares pueden influir en la salud cardiovascular y qu\u00e9 puede hacer para protegerse.<\/span><\/i><\/p>\n<p><span style=\"font-weight: 400;\"><br \/>\n<\/span><span style=\"font-weight: 400;\">Cuando se trata de la salud de la mujer, el coraz\u00f3n tambi\u00e9n debe ocupar un lugar central. Aunque mucha gente sigue asociando las enfermedades del coraz\u00f3n con los hombres, lo cierto es que tambi\u00e9n son una de las principales causas de muerte entre las mujeres.<\/span><\/p>\n<p><span style=\"font-weight: 400;\">Es m\u00e1s, parte de este riesgo puede venir de algo que llevas arrastrando desde que naciste: la gen\u00e9tica. Si los infartos de miocardio, los accidentes cerebrovasculares o la hipertensi\u00f3n forman parte de tus antecedentes familiares, es hora de dar la voz de alarma.<\/span><\/p>\n<p><span style=\"font-weight: 400;\">Pero respira hondo: esto no significa que tu futuro ya est\u00e9 escrito. Al contrario. Conocer tus antecedentes familiares es un paso poderoso para cuidarte mejor y poner la partida a favor de tu coraz\u00f3n.<\/span><\/p>\n<p>&nbsp;<\/p>\n<h4><b>\u00bfQu\u00e9 tiene que ver tu \u00e1rbol geneal\u00f3gico con tu coraz\u00f3n?<\/b><\/h4>\n<p><span style=\"font-weight: 400;\">Seg\u00fan <\/span><i><span style=\"font-weight: 400;\">Asociaci\u00f3n Americana del Coraz\u00f3n <\/span><\/i><span style=\"font-weight: 400;\">(AHA), la herencia gen\u00e9tica puede influir tanto en la aparici\u00f3n directa de enfermedades cardiovasculares como en los factores de riesgo que conducen a ellas, como el colesterol alto, la hipertensi\u00f3n y la diabetes.<\/span><\/p>\n<p><span style=\"font-weight: 400;\">En otras palabras, si tu madre ha sufrido un infarto o tu padre un derrame cerebral, esto deber\u00eda estar en tu lista de prioridades durante una consulta m\u00e9dica.<\/span><\/p>\n<p><span style=\"font-weight: 400;\">Y si a\u00fan no conoce toda su historia familiar, empiece por lo b\u00e1sico: pregunte a sus padres, hermanos y abuelos. Saber si alg\u00fan miembro de tu familia ha tenido problemas de coraz\u00f3n (y cu\u00e1ndo) es un buen comienzo.<\/span><\/p>\n<p>&nbsp;<\/p>\n<h4><b>La herencia gen\u00e9tica no se juzga: \u00bfqu\u00e9 se puede hacer?<\/b><\/h4>\n<p><span style=\"font-weight: 400;\">Es cierto: uno no elige los genes que hereda. Pero s\u00ed puedes -y debes- elegir el estilo de vida que llevas. Los peque\u00f1os cambios en la vida cotidiana tienen un efecto directo en la protecci\u00f3n del coraz\u00f3n. Y lo mejor: son asequibles y posibles para todos.<\/span><\/p>\n<p><span style=\"font-weight: 400;\">He aqu\u00ed algunas actitudes que marcan la diferencia:<\/span><\/p>\n<p><b>- Alimentaci\u00f3n equilibrada<\/b><span style=\"font-weight: 400;\">menos alimentos ultraprocesados, menos sal y m\u00e1s verduras;<\/span><\/p>\n<p><b>- Actividad f\u00edsica regular<\/b><span style=\"font-weight: 400;\">aunque s\u00f3lo sea un corto paseo diario;<\/span><\/p>\n<p><b>- Sue\u00f1o de calidad y gesti\u00f3n del estr\u00e9s<\/b><span style=\"font-weight: 400;\">que tambi\u00e9n influyen en la salud del coraz\u00f3n;<\/span><\/p>\n<p><b>- Evite fumar<\/b><span style=\"font-weight: 400;\"> y el consumo excesivo de alcohol;<\/span><\/p>\n<p><b>- Mantener al d\u00eda los reconocimientos m\u00e9dicos<\/b><span style=\"font-weight: 400;\">especialmente si existen antecedentes familiares relevantes.<\/span><\/p>\n<p>&nbsp;<\/p>\n<p><span style=\"font-weight: 400;\">Adem\u00e1s, el <\/span><i><span style=\"font-weight: 400;\">Asociaci\u00f3n Americana del Coraz\u00f3n<\/span><\/i><span style=\"font-weight: 400;\"> cre\u00f3 el <\/span><i><span style=\"font-weight: 400;\">Lo esencial de la vida 8\u2122<\/span><\/i><span style=\"font-weight: 400;\">Una gu\u00eda sencilla con ocho pasos para mejorar la salud cardiaca y la vida en general. <\/span><i><span style=\"font-weight: 400;\">Spoiler: <\/span><\/i><span style=\"font-weight: 400;\">puedes empezar ahora mismo, con peque\u00f1os cambios reales.<\/span><\/p>\n<p>&nbsp;<\/p>\n<h4><b>Biolab Juntos por ellas<\/b><\/h4>\n<p><span style=\"font-weight: 400;\">En Biolab, creemos que toda mujer merece un cuidado especial para su salud cardiovascular. Por eso hemos creado el <\/span><a href=\"https:\/\/www.biolabfarma.com.br\/nossa-causas\/juntos-por-elas\/\" target=\"_blank\" rel=\"noopener\"><b>Biolab Juntos por ellas<\/b><\/a><span style=\"font-weight: 400;\">es una iniciativa dedicada a sensibilizar y promover la prevenci\u00f3n, el diagn\u00f3stico y el tratamiento de las cardiopat\u00edas que m\u00e1s afectan a las mujeres. Nuestro compromiso va m\u00e1s all\u00e1 de ofrecer medicamentos de calidad: pretendemos apoyar al p\u00fablico femenino e informarle sobre la salud del coraz\u00f3n, garantizando que todo el mundo tenga acceso a los conocimientos necesarios para cuidar de su propio coraz\u00f3n.<\/span><\/p>\n<p><span style=\"font-weight: 400;\">Al fin y al cabo, cuidar <a href=\"https:\/\/www.biolabemcasa.com.br\/categorias\/saude-cardiovascular\/saude-cardiovascular-hipertensao\" target=\"_blank\" rel=\"noopener\">salud cardiovascular<\/a> es considerar su salud en su conjunto. Hable con su m\u00e9dico, comparta sus antecedentes familiares y d\u00e9 prioridad a su salud. Al fin y al cabo, <\/span><span style=\"font-weight: 400;\">Cuidarse es tambi\u00e9n una forma de amor propio.<\/span><\/p>","protected":false},"excerpt":{"rendered":"<p>Entenda como o hist\u00f3rico familiar pode influenciar a sa\u00fade cardiovascular \u2014 e o que voc\u00ea pode fazer para se proteger. Quando o assunto \u00e9 sa\u00fade da mulher, o cora\u00e7\u00e3o tamb\u00e9m precisa de protagonismo. Embora muita gente ainda associe doen\u00e7as card\u00edacas aos homens, a verdade \u00e9 que elas tamb\u00e9m s\u00e3o uma das principais causas de morte [&hellip;]<\/p>\n","protected":false},"author":7,"featured_media":14991,"comment_status":"closed","ping_status":"open","sticky":false,"template":"","format":"standard","meta":{"_acf_changed":false,"footnotes":""},"categories":[1618,1614,1615,1616],"tags":[1633,1634,1629],"acf":[],"yoast_head":"<!-- This site is optimized with the Yoast SEO Premium plugin v24.4 (Yoast SEO v24.4) - https:\/\/yoast.com\/wordpress\/plugins\/seo\/ -->\n<title>De gera\u00e7\u00e3o em gera\u00e7\u00e3o: o que o cora\u00e7\u00e3o da mulher tem a dizer sobre heran\u00e7a gen\u00e9tica e cuidado - Biolab &amp; Co<\/title>\n<meta name=\"robots\" content=\"index, follow, max-snippet:-1, max-image-preview:large, max-video-preview:-1\" \/>\n<link rel=\"canonical\" href=\"https:\/\/www.biolabeco.com.br\/es\/blog\/prevencion-e-inmunidad\/de-generacion-en-generacion-lo-que-el-corazon-de-una-mujer-tiene-que-decir-sobre-la-herencia-genetica-y-el-cuidado\/\" \/>\n<meta property=\"og:locale\" content=\"es_ES\" \/>\n<meta property=\"og:type\" content=\"article\" \/>\n<meta property=\"og:title\" content=\"De gera\u00e7\u00e3o em gera\u00e7\u00e3o: o que o cora\u00e7\u00e3o da mulher tem a dizer sobre heran\u00e7a gen\u00e9tica e cuidado\" \/>\n<meta property=\"og:description\" content=\"Entenda como o hist\u00f3rico familiar pode influenciar a sa\u00fade cardiovascular \u2014 e o que voc\u00ea pode fazer para se proteger. Quando o assunto \u00e9 sa\u00fade da mulher, o cora\u00e7\u00e3o tamb\u00e9m precisa de protagonismo. Embora muita gente ainda associe doen\u00e7as card\u00edacas aos homens, a verdade \u00e9 que elas tamb\u00e9m s\u00e3o uma das principais causas de morte [&hellip;]\" \/>\n<meta property=\"og:url\" content=\"https:\/\/www.biolabeco.com.br\/es\/blog\/prevencion-e-inmunidad\/de-generacion-en-generacion-lo-que-el-corazon-de-una-mujer-tiene-que-decir-sobre-la-herencia-genetica-y-el-cuidado\/\" \/>\n<meta property=\"og:site_name\" content=\"Biolab &amp; Co\" \/>\n<meta property=\"article:published_time\" content=\"2025-05-09T15:26:40+00:00\" \/>\n<meta property=\"article:modified_time\" content=\"2025-12-09T17:51:56+00:00\" \/>\n<meta property=\"og:image\" content=\"https:\/\/www.biolabeco.com.br\/wp-content\/uploads\/2025\/05\/geracao-de-mulheres-bonitas-olhando-um-ao-outro-1200x436-1-scaled.jpg.webp\" \/>\n\t<meta property=\"og:image:width\" content=\"2560\" \/>\n\t<meta property=\"og:image:height\" content=\"930\" \/>\n\t<meta property=\"og:image:type\" content=\"image\/webp\" \/>\n<meta name=\"author\" content=\"Yasmim Botelho\" \/>\n<meta name=\"twitter:card\" content=\"summary_large_image\" \/>\n<meta name=\"twitter:label1\" content=\"Written by\" \/>\n\t<meta name=\"twitter:data1\" content=\"Yasmim Botelho\" \/>\n\t<meta name=\"twitter:label2\" content=\"Est. reading time\" \/>\n\t<meta name=\"twitter:data2\" content=\"3 minutes\" \/>\n<script type=\"application\/ld+json\" class=\"yoast-schema-graph\">{\"@context\":\"https:\/\/schema.org\",\"@graph\":[{\"@type\":\"WebPage\",\"@id\":\"https:\/\/www.biolabeco.com.br\/blog\/prevencao-e-imunidade\/de-geracao-em-geracao-o-que-o-coracao-da-mulher-tem-a-dizer-sobre-heranca-genetica-e-cuidado\/\",\"url\":\"https:\/\/www.biolabeco.com.br\/blog\/prevencao-e-imunidade\/de-geracao-em-geracao-o-que-o-coracao-da-mulher-tem-a-dizer-sobre-heranca-genetica-e-cuidado\/\",\"name\":\"De gera\u00e7\u00e3o em gera\u00e7\u00e3o: o que o cora\u00e7\u00e3o da mulher tem a dizer sobre heran\u00e7a gen\u00e9tica e cuidado - Biolab &amp; Co\",\"isPartOf\":{\"@id\":\"https:\/\/www.biolabeco.com.br\/#website\"},\"primaryImageOfPage\":{\"@id\":\"https:\/\/www.biolabeco.com.br\/blog\/prevencao-e-imunidade\/de-geracao-em-geracao-o-que-o-coracao-da-mulher-tem-a-dizer-sobre-heranca-genetica-e-cuidado\/#primaryimage\"},\"image\":{\"@id\":\"https:\/\/www.biolabeco.com.br\/blog\/prevencao-e-imunidade\/de-geracao-em-geracao-o-que-o-coracao-da-mulher-tem-a-dizer-sobre-heranca-genetica-e-cuidado\/#primaryimage\"},\"thumbnailUrl\":\"https:\/\/www.biolabeco.com.br\/wp-content\/uploads\/2025\/05\/geracao-de-mulheres-bonitas-olhando-um-ao-outro-1200x436-1-scaled.jpg.webp\",\"datePublished\":\"2025-05-09T15:26:40+00:00\",\"dateModified\":\"2025-12-09T17:51:56+00:00\",\"author\":{\"@id\":\"https:\/\/www.biolabeco.com.br\/#\/schema\/person\/bb07d50e32d20028751837031a066fac\"},\"breadcrumb\":{\"@id\":\"https:\/\/www.biolabeco.com.br\/blog\/prevencao-e-imunidade\/de-geracao-em-geracao-o-que-o-coracao-da-mulher-tem-a-dizer-sobre-heranca-genetica-e-cuidado\/#breadcrumb\"},\"inLanguage\":\"es-ES\",\"potentialAction\":[{\"@type\":\"ReadAction\",\"target\":[\"https:\/\/www.biolabeco.com.br\/blog\/prevencao-e-imunidade\/de-geracao-em-geracao-o-que-o-coracao-da-mulher-tem-a-dizer-sobre-heranca-genetica-e-cuidado\/\"]}]},{\"@type\":\"ImageObject\",\"inLanguage\":\"es-ES\",\"@id\":\"https:\/\/www.biolabeco.com.br\/blog\/prevencao-e-imunidade\/de-geracao-em-geracao-o-que-o-coracao-da-mulher-tem-a-dizer-sobre-heranca-genetica-e-cuidado\/#primaryimage\",\"url\":\"https:\/\/www.biolabeco.com.br\/wp-content\/uploads\/2025\/05\/geracao-de-mulheres-bonitas-olhando-um-ao-outro-1200x436-1-scaled.jpg.webp\",\"contentUrl\":\"https:\/\/www.biolabeco.com.br\/wp-content\/uploads\/2025\/05\/geracao-de-mulheres-bonitas-olhando-um-ao-outro-1200x436-1-scaled.jpg.webp\",\"width\":2560,\"height\":930},{\"@type\":\"BreadcrumbList\",\"@id\":\"https:\/\/www.biolabeco.com.br\/blog\/prevencao-e-imunidade\/de-geracao-em-geracao-o-que-o-coracao-da-mulher-tem-a-dizer-sobre-heranca-genetica-e-cuidado\/#breadcrumb\",\"itemListElement\":[{\"@type\":\"ListItem\",\"position\":1,\"name\":\"Home\",\"item\":\"https:\/\/www.biolabeco.com.br\/\"},{\"@type\":\"ListItem\",\"position\":2,\"name\":\"De gera\u00e7\u00e3o em gera\u00e7\u00e3o: o que o cora\u00e7\u00e3o da mulher tem a dizer sobre heran\u00e7a gen\u00e9tica e cuidado\"}]},{\"@type\":\"WebSite\",\"@id\":\"https:\/\/www.biolabeco.com.br\/#website\",\"url\":\"https:\/\/www.biolabeco.com.br\/\",\"name\":\"Biolab\",\"description\":\"Na Biolab &amp; Co, ci\u00eancia e cuidado caminham juntos. Saiba como promovemos sa\u00fade com responsabilidade socioambiental e tecnologia.\",\"potentialAction\":[{\"@type\":\"SearchAction\",\"target\":{\"@type\":\"EntryPoint\",\"urlTemplate\":\"https:\/\/www.biolabeco.com.br\/?s={search_term_string}\"},\"query-input\":{\"@type\":\"PropertyValueSpecification\",\"valueRequired\":true,\"valueName\":\"search_term_string\"}}],\"inLanguage\":\"es-ES\"},{\"@type\":\"Person\",\"@id\":\"https:\/\/www.biolabeco.com.br\/#\/schema\/person\/bb07d50e32d20028751837031a066fac\",\"name\":\"Yasmim Botelho\",\"image\":{\"@type\":\"ImageObject\",\"inLanguage\":\"es-ES\",\"@id\":\"https:\/\/www.biolabeco.com.br\/#\/schema\/person\/image\/\",\"url\":\"https:\/\/secure.gravatar.com\/avatar\/9d0fea0daa82eb99e89f9f8c0e5ab7f7?s=96&d=mm&r=g\",\"contentUrl\":\"https:\/\/secure.gravatar.com\/avatar\/9d0fea0daa82eb99e89f9f8c0e5ab7f7?s=96&d=mm&r=g\",\"caption\":\"Yasmim Botelho\"},\"url\":\"https:\/\/www.biolabeco.com.br\/es\/author\/yalves\/\"}]}<\/script>\n<!-- \/ Yoast SEO Premium plugin. -->","yoast_head_json":{"title":"De generaci\u00f3n en generaci\u00f3n: lo que el coraz\u00f3n de una mujer tiene que decir sobre la herencia gen\u00e9tica y el cuidado - Biolab &amp; Co","robots":{"index":"index","follow":"follow","max-snippet":"max-snippet:-1","max-image-preview":"max-image-preview:large","max-video-preview":"max-video-preview:-1"},"canonical":"https:\/\/www.biolabeco.com.br\/es\/blog\/prevencion-e-inmunidad\/de-generacion-en-generacion-lo-que-el-corazon-de-una-mujer-tiene-que-decir-sobre-la-herencia-genetica-y-el-cuidado\/","og_locale":"es_ES","og_type":"article","og_title":"De gera\u00e7\u00e3o em gera\u00e7\u00e3o: o que o cora\u00e7\u00e3o da mulher tem a dizer sobre heran\u00e7a gen\u00e9tica e cuidado","og_description":"Entenda como o hist\u00f3rico familiar pode influenciar a sa\u00fade cardiovascular \u2014 e o que voc\u00ea pode fazer para se proteger. Quando o assunto \u00e9 sa\u00fade da mulher, o cora\u00e7\u00e3o tamb\u00e9m precisa de protagonismo. Embora muita gente ainda associe doen\u00e7as card\u00edacas aos homens, a verdade \u00e9 que elas tamb\u00e9m s\u00e3o uma das principais causas de morte [&hellip;]","og_url":"https:\/\/www.biolabeco.com.br\/es\/blog\/prevencion-e-inmunidad\/de-generacion-en-generacion-lo-que-el-corazon-de-una-mujer-tiene-que-decir-sobre-la-herencia-genetica-y-el-cuidado\/","og_site_name":"Biolab &amp; Co","article_published_time":"2025-05-09T15:26:40+00:00","article_modified_time":"2025-12-09T17:51:56+00:00","og_image":[{"width":2560,"height":930,"url":"https:\/\/www.biolabeco.com.br\/wp-content\/uploads\/2025\/05\/geracao-de-mulheres-bonitas-olhando-um-ao-outro-1200x436-1-scaled.jpg.webp","type":"image\/webp"}],"author":"Yasmim Botelho","twitter_card":"summary_large_image","twitter_misc":{"Written by":"Yasmim Botelho","Est. reading time":"3 minutes"},"schema":{"@context":"https:\/\/schema.org","@graph":[{"@type":"WebPage","@id":"https:\/\/www.biolabeco.com.br\/blog\/prevencao-e-imunidade\/de-geracao-em-geracao-o-que-o-coracao-da-mulher-tem-a-dizer-sobre-heranca-genetica-e-cuidado\/","url":"https:\/\/www.biolabeco.com.br\/blog\/prevencao-e-imunidade\/de-geracao-em-geracao-o-que-o-coracao-da-mulher-tem-a-dizer-sobre-heranca-genetica-e-cuidado\/","name":"De generaci\u00f3n en generaci\u00f3n: lo que el coraz\u00f3n de una mujer tiene que decir sobre la herencia gen\u00e9tica y el cuidado - Biolab &amp; Co","isPartOf":{"@id":"https:\/\/www.biolabeco.com.br\/#website"},"primaryImageOfPage":{"@id":"https:\/\/www.biolabeco.com.br\/blog\/prevencao-e-imunidade\/de-geracao-em-geracao-o-que-o-coracao-da-mulher-tem-a-dizer-sobre-heranca-genetica-e-cuidado\/#primaryimage"},"image":{"@id":"https:\/\/www.biolabeco.com.br\/blog\/prevencao-e-imunidade\/de-geracao-em-geracao-o-que-o-coracao-da-mulher-tem-a-dizer-sobre-heranca-genetica-e-cuidado\/#primaryimage"},"thumbnailUrl":"https:\/\/www.biolabeco.com.br\/wp-content\/uploads\/2025\/05\/geracao-de-mulheres-bonitas-olhando-um-ao-outro-1200x436-1-scaled.jpg.webp","datePublished":"2025-05-09T15:26:40+00:00","dateModified":"2025-12-09T17:51:56+00:00","author":{"@id":"https:\/\/www.biolabeco.com.br\/#\/schema\/person\/bb07d50e32d20028751837031a066fac"},"breadcrumb":{"@id":"https:\/\/www.biolabeco.com.br\/blog\/prevencao-e-imunidade\/de-geracao-em-geracao-o-que-o-coracao-da-mulher-tem-a-dizer-sobre-heranca-genetica-e-cuidado\/#breadcrumb"},"inLanguage":"es-ES","potentialAction":[{"@type":"ReadAction","target":["https:\/\/www.biolabeco.com.br\/blog\/prevencao-e-imunidade\/de-geracao-em-geracao-o-que-o-coracao-da-mulher-tem-a-dizer-sobre-heranca-genetica-e-cuidado\/"]}]},{"@type":"ImageObject","inLanguage":"es-ES","@id":"https:\/\/www.biolabeco.com.br\/blog\/prevencao-e-imunidade\/de-geracao-em-geracao-o-que-o-coracao-da-mulher-tem-a-dizer-sobre-heranca-genetica-e-cuidado\/#primaryimage","url":"https:\/\/www.biolabeco.com.br\/wp-content\/uploads\/2025\/05\/geracao-de-mulheres-bonitas-olhando-um-ao-outro-1200x436-1-scaled.jpg.webp","contentUrl":"https:\/\/www.biolabeco.com.br\/wp-content\/uploads\/2025\/05\/geracao-de-mulheres-bonitas-olhando-um-ao-outro-1200x436-1-scaled.jpg.webp","width":2560,"height":930},{"@type":"BreadcrumbList","@id":"https:\/\/www.biolabeco.com.br\/blog\/prevencao-e-imunidade\/de-geracao-em-geracao-o-que-o-coracao-da-mulher-tem-a-dizer-sobre-heranca-genetica-e-cuidado\/#breadcrumb","itemListElement":[{"@type":"ListItem","position":1,"name":"Home","item":"https:\/\/www.biolabeco.com.br\/"},{"@type":"ListItem","position":2,"name":"De gera\u00e7\u00e3o em gera\u00e7\u00e3o: o que o cora\u00e7\u00e3o da mulher tem a dizer sobre heran\u00e7a gen\u00e9tica e cuidado"}]},{"@type":"WebSite","@id":"https:\/\/www.biolabeco.com.br\/#website","url":"https:\/\/www.biolabeco.com.br\/","name":"biolaboratorio","description":"En Biolab &amp; Co, la ciencia y el cuidado van de la mano. Descubra c\u00f3mo promovemos la salud con responsabilidad socioambiental y tecnolog\u00eda.","potentialAction":[{"@type":"SearchAction","target":{"@type":"EntryPoint","urlTemplate":"https:\/\/www.biolabeco.com.br\/?s={search_term_string}"},"query-input":{"@type":"PropertyValueSpecification","valueRequired":true,"valueName":"search_term_string"}}],"inLanguage":"es-ES"},{"@type":"Person","@id":"https:\/\/www.biolabeco.com.br\/#\/schema\/person\/bb07d50e32d20028751837031a066fac","name":"Yasmim Botelho","image":{"@type":"ImageObject","inLanguage":"es-ES","@id":"https:\/\/www.biolabeco.com.br\/#\/schema\/person\/image\/","url":"https:\/\/secure.gravatar.com\/avatar\/9d0fea0daa82eb99e89f9f8c0e5ab7f7?s=96&d=mm&r=g","contentUrl":"https:\/\/secure.gravatar.com\/avatar\/9d0fea0daa82eb99e89f9f8c0e5ab7f7?s=96&d=mm&r=g","caption":"Yasmim Botelho"},"url":"https:\/\/www.biolabeco.com.br\/es\/author\/yalves\/"}]}},"_links":{"self":[{"href":"https:\/\/www.biolabeco.com.br\/es\/wp-json\/wp\/v2\/posts\/680"}],"collection":[{"href":"https:\/\/www.biolabeco.com.br\/es\/wp-json\/wp\/v2\/posts"}],"about":[{"href":"https:\/\/www.biolabeco.com.br\/es\/wp-json\/wp\/v2\/types\/post"}],"author":[{"embeddable":true,"href":"https:\/\/www.biolabeco.com.br\/es\/wp-json\/wp\/v2\/users\/7"}],"replies":[{"embeddable":true,"href":"https:\/\/www.biolabeco.com.br\/es\/wp-json\/wp\/v2\/comments?post=680"}],"version-history":[{"count":1,"href":"https:\/\/www.biolabeco.com.br\/es\/wp-json\/wp\/v2\/posts\/680\/revisions"}],"predecessor-version":[{"id":14992,"href":"https:\/\/www.biolabeco.com.br\/es\/wp-json\/wp\/v2\/posts\/680\/revisions\/14992"}],"wp:featuredmedia":[{"embeddable":true,"href":"https:\/\/www.biolabeco.com.br\/es\/wp-json\/wp\/v2\/media\/14991"}],"wp:attachment":[{"href":"https:\/\/www.biolabeco.com.br\/es\/wp-json\/wp\/v2\/media?parent=680"}],"wp:term":[{"taxonomy":"category","embeddable":true,"href":"https:\/\/www.biolabeco.com.br\/es\/wp-json\/wp\/v2\/categories?post=680"},{"taxonomy":"post_tag","embeddable":true,"href":"https:\/\/www.biolabeco.com.br\/es\/wp-json\/wp\/v2\/tags?post=680"}],"curies":[{"name":"wp","href":"https:\/\/api.w.org\/{rel}","templated":true}]}}