{"id":694,"date":"2025-05-22T14:18:31","date_gmt":"2025-05-22T17:18:31","guid":{"rendered":"https:\/\/www.biolabemcasa.com.br\/?p=694"},"modified":"2025-12-09T14:52:28","modified_gmt":"2025-12-09T17:52:28","slug":"sintomas-que-no-aparecen-en-las-pruebas-depresion-y-enfermedades-neurologicas","status":"publish","type":"post","link":"https:\/\/www.biolabeco.com.br\/es\/blog\/saude-mental\/sintomas-que-nao-aparecem-nos-exames-a-depressao-e-as-doencas-neurologicas\/","title":{"rendered":"S\u00edntomas que no aparecen en las pruebas: depresi\u00f3n y enfermedades neurol\u00f3gicas"},"content":{"rendered":"<p><i><span style=\"font-weight: 400;\">Comprenda la conexi\u00f3n entre las enfermedades neurol\u00f3gicas y la depresi\u00f3n, y por qu\u00e9 esta relaci\u00f3n merece su atenci\u00f3n.<\/span><\/i><\/p>\n<p><span style=\"font-weight: 400;\">A menudo, cuando pensamos en enfermedades neurol\u00f3gicas, los s\u00edntomas f\u00edsicos son los primeros que nos vienen a la mente: temblores, p\u00e9rdida de memoria, alteraciones motoras. Pero, \u00bfqu\u00e9 hay del impacto emocional? Lo que sentimos tambi\u00e9n forma parte de lo que expresa el cuerpo y, en muchos casos, la depresi\u00f3n es uno de los primeros signos a los que merece la pena prestar atenci\u00f3n.<\/span><\/p>\n<p><span style=\"font-weight: 400;\">La depresi\u00f3n es un trastorno frecuente y grave que, seg\u00fan la Organizaci\u00f3n Panamericana de la Salud (OPS), afecta a m\u00e1s de 300 millones de personas en todo el mundo. Puede surgir de una combinaci\u00f3n de factores gen\u00e9ticos, biol\u00f3gicos y ambientales y suele estar presente en individuos que se enfrentan a afecciones neurol\u00f3gicas como la epilepsia, la enfermedad de Parkinson, la enfermedad de Alzheimer, la esclerosis m\u00faltiple y otras enfermedades neurodegenerativas. En algunas situaciones, los s\u00edntomas depresivos aparecen incluso antes de que se produzcan cambios m\u00e1s visibles en la enfermedad.<\/span><\/p>\n<h3><b>El impacto emocional de las enfermedades neurol\u00f3gicas<\/b><\/h3>\n<p><span style=\"font-weight: 400;\">La ciencia demuestra que los pacientes con enfermedades neurol\u00f3gicas tienen mayor riesgo de desarrollar depresi\u00f3n y, en los casos m\u00e1s graves, ideaci\u00f3n o comportamiento suicida. Esto se debe a que, adem\u00e1s de los retos f\u00edsicos y cognitivos, estas afecciones suelen conllevar sentimientos de p\u00e9rdida de autonom\u00eda, miedo al futuro, cambios en la rutina y en la interacci\u00f3n social.<\/span><\/p>\n<p><span style=\"font-weight: 400;\">En el caso de la enfermedad de Parkinson, por ejemplo, los estudios demuestran que la depresi\u00f3n puede estar presente desde las primeras fases de la enfermedad y, en algunos casos, incluso preceder en a\u00f1os al diagn\u00f3stico. Algo similar ocurre con patolog\u00edas como la esclerosis m\u00faltiple y la enfermedad de Alzheimer, que tambi\u00e9n tienen un impacto directo en la salud emocional del paciente, especialmente en el momento del diagn\u00f3stico o durante las fases m\u00e1s pronunciadas de la evoluci\u00f3n.<\/span><\/p>\n<h3><b>Una mirada atenta puede salvar vidas<\/b><\/h3>\n<p><span style=\"font-weight: 400;\">En muchos casos, los s\u00edntomas de la depresi\u00f3n -como apat\u00eda, tristeza persistente, p\u00e9rdida de inter\u00e9s y cambios en el sue\u00f1o o el apetito- pueden confundirse con manifestaciones de la propia afecci\u00f3n neurol\u00f3gica. Por eso es fundamental que los profesionales sanitarios, los familiares y los propios pacientes est\u00e9n atentos a aspectos como los cambios de comportamiento, los sentimientos de desesperanza o el aislamiento social.<\/span><\/p>\n<p><span style=\"font-weight: 400;\">La buena noticia es que, con un asesoramiento adecuado, es posible ofrecer apoyo emocional y tratamientos eficaces que mejoran significativamente la calidad de vida.<\/span><\/p>\n<p><span style=\"font-weight: 400;\">Cuidar la mente es una parte esencial del tratamiento de las enfermedades neurol\u00f3gicas. Por eso, neur\u00f3logos, psiquiatras y otros profesionales deben trabajar juntos para tener en cuenta no s\u00f3lo los s\u00edntomas f\u00edsicos, sino tambi\u00e9n la salud emocional y el bienestar del paciente.<\/span><\/p>\n<p><span style=\"font-weight: 400;\">A <a href=\"https:\/\/www.biolabfarma.com.br\/\" target=\"_blank\" rel=\"noopener\">biolaboratorio<\/a> cree en esta atenci\u00f3n integral y apoya a m\u00e9dicos y pacientes, ya que ofrece una <a href=\"https:\/\/www.biolabemcasa.com.br\/categorias\/saude-mental\/saude-mental-ansiedade-depressao\" target=\"_blank\" rel=\"noopener\">cartera de productos de calidad<\/a>basada en la investigaci\u00f3n constante y el compromiso con la salud.<\/span><\/p>","protected":false},"excerpt":{"rendered":"<p>Entenda a conex\u00e3o entre doen\u00e7as neurol\u00f3gicas e depress\u00e3o \u2014 e porque essa rela\u00e7\u00e3o merece a sua aten\u00e7\u00e3o. Muitas vezes, quando pensamos em doen\u00e7as neurol\u00f3gicas, os sintomas f\u00edsicos s\u00e3o os primeiros que v\u00eam \u00e0 mente: tremores, perda de mem\u00f3ria, altera\u00e7\u00f5es motoras. Mas e o impacto emocional? O que sentimos tamb\u00e9m faz parte do que o corpo [&hellip;]<\/p>\n","protected":false},"author":7,"featured_media":14993,"comment_status":"closed","ping_status":"closed","sticky":false,"template":"","format":"standard","meta":{"_acf_changed":false,"footnotes":""},"categories":[1626],"tags":[1635,1636,1637,1638,1639],"acf":[],"yoast_head":"<!-- This site is optimized with the Yoast SEO Premium plugin v24.4 (Yoast SEO v24.4) - https:\/\/yoast.com\/wordpress\/plugins\/seo\/ -->\n<title>Sintomas que n\u00e3o aparecem nos exames: a depress\u00e3o e as doen\u00e7as neurol\u00f3gicas - Biolab &amp; Co<\/title>\n<meta name=\"robots\" content=\"index, follow, max-snippet:-1, max-image-preview:large, max-video-preview:-1\" \/>\n<link rel=\"canonical\" href=\"https:\/\/www.biolabeco.com.br\/es\/blog\/salud-mental-2\/sintomas-que-no-aparecen-en-las-pruebas-depresion-y-enfermedades-neurologicas\/\" \/>\n<meta property=\"og:locale\" content=\"es_ES\" \/>\n<meta property=\"og:type\" content=\"article\" \/>\n<meta property=\"og:title\" content=\"Sintomas que n\u00e3o aparecem nos exames: a depress\u00e3o e as doen\u00e7as neurol\u00f3gicas\" \/>\n<meta property=\"og:description\" content=\"Entenda a conex\u00e3o entre doen\u00e7as neurol\u00f3gicas e depress\u00e3o \u2014 e porque essa rela\u00e7\u00e3o merece a sua aten\u00e7\u00e3o. Muitas vezes, quando pensamos em doen\u00e7as neurol\u00f3gicas, os sintomas f\u00edsicos s\u00e3o os primeiros que v\u00eam \u00e0 mente: tremores, perda de mem\u00f3ria, altera\u00e7\u00f5es motoras. Mas e o impacto emocional? O que sentimos tamb\u00e9m faz parte do que o corpo [&hellip;]\" \/>\n<meta property=\"og:url\" content=\"https:\/\/www.biolabeco.com.br\/es\/blog\/salud-mental-2\/sintomas-que-no-aparecen-en-las-pruebas-depresion-y-enfermedades-neurologicas\/\" \/>\n<meta property=\"og:site_name\" content=\"Biolab &amp; Co\" \/>\n<meta property=\"article:published_time\" content=\"2025-05-22T17:18:31+00:00\" \/>\n<meta property=\"article:modified_time\" content=\"2025-12-09T17:52:28+00:00\" \/>\n<meta property=\"og:image\" content=\"https:\/\/www.biolabeco.com.br\/wp-content\/uploads\/2025\/05\/Banner-Blog-Viver-Bem-Sintomas-que-nao-aparecem-nos-exames.png.webp\" \/>\n\t<meta property=\"og:image:width\" content=\"1200\" \/>\n\t<meta property=\"og:image:height\" content=\"436\" \/>\n\t<meta property=\"og:image:type\" content=\"image\/webp\" \/>\n<meta name=\"author\" content=\"Yasmim Botelho\" \/>\n<meta name=\"twitter:card\" content=\"summary_large_image\" \/>\n<meta name=\"twitter:label1\" content=\"Written by\" \/>\n\t<meta name=\"twitter:data1\" content=\"Yasmim Botelho\" \/>\n\t<meta name=\"twitter:label2\" content=\"Est. reading time\" \/>\n\t<meta name=\"twitter:data2\" content=\"3 minutes\" \/>\n<script type=\"application\/ld+json\" class=\"yoast-schema-graph\">{\"@context\":\"https:\/\/schema.org\",\"@graph\":[{\"@type\":\"WebPage\",\"@id\":\"https:\/\/www.biolabeco.com.br\/blog\/saude-mental\/sintomas-que-nao-aparecem-nos-exames-a-depressao-e-as-doencas-neurologicas\/\",\"url\":\"https:\/\/www.biolabeco.com.br\/blog\/saude-mental\/sintomas-que-nao-aparecem-nos-exames-a-depressao-e-as-doencas-neurologicas\/\",\"name\":\"Sintomas que n\u00e3o aparecem nos exames: a depress\u00e3o e as doen\u00e7as neurol\u00f3gicas - Biolab &amp; Co\",\"isPartOf\":{\"@id\":\"https:\/\/www.biolabeco.com.br\/#website\"},\"primaryImageOfPage\":{\"@id\":\"https:\/\/www.biolabeco.com.br\/blog\/saude-mental\/sintomas-que-nao-aparecem-nos-exames-a-depressao-e-as-doencas-neurologicas\/#primaryimage\"},\"image\":{\"@id\":\"https:\/\/www.biolabeco.com.br\/blog\/saude-mental\/sintomas-que-nao-aparecem-nos-exames-a-depressao-e-as-doencas-neurologicas\/#primaryimage\"},\"thumbnailUrl\":\"https:\/\/www.biolabeco.com.br\/wp-content\/uploads\/2025\/05\/Banner-Blog-Viver-Bem-Sintomas-que-nao-aparecem-nos-exames.png.webp\",\"datePublished\":\"2025-05-22T17:18:31+00:00\",\"dateModified\":\"2025-12-09T17:52:28+00:00\",\"author\":{\"@id\":\"https:\/\/www.biolabeco.com.br\/#\/schema\/person\/bb07d50e32d20028751837031a066fac\"},\"breadcrumb\":{\"@id\":\"https:\/\/www.biolabeco.com.br\/blog\/saude-mental\/sintomas-que-nao-aparecem-nos-exames-a-depressao-e-as-doencas-neurologicas\/#breadcrumb\"},\"inLanguage\":\"es-ES\",\"potentialAction\":[{\"@type\":\"ReadAction\",\"target\":[\"https:\/\/www.biolabeco.com.br\/blog\/saude-mental\/sintomas-que-nao-aparecem-nos-exames-a-depressao-e-as-doencas-neurologicas\/\"]}]},{\"@type\":\"ImageObject\",\"inLanguage\":\"es-ES\",\"@id\":\"https:\/\/www.biolabeco.com.br\/blog\/saude-mental\/sintomas-que-nao-aparecem-nos-exames-a-depressao-e-as-doencas-neurologicas\/#primaryimage\",\"url\":\"https:\/\/www.biolabeco.com.br\/wp-content\/uploads\/2025\/05\/Banner-Blog-Viver-Bem-Sintomas-que-nao-aparecem-nos-exames.png.webp\",\"contentUrl\":\"https:\/\/www.biolabeco.com.br\/wp-content\/uploads\/2025\/05\/Banner-Blog-Viver-Bem-Sintomas-que-nao-aparecem-nos-exames.png.webp\",\"width\":1200,\"height\":436},{\"@type\":\"BreadcrumbList\",\"@id\":\"https:\/\/www.biolabeco.com.br\/blog\/saude-mental\/sintomas-que-nao-aparecem-nos-exames-a-depressao-e-as-doencas-neurologicas\/#breadcrumb\",\"itemListElement\":[{\"@type\":\"ListItem\",\"position\":1,\"name\":\"Home\",\"item\":\"https:\/\/www.biolabeco.com.br\/\"},{\"@type\":\"ListItem\",\"position\":2,\"name\":\"Sintomas que n\u00e3o aparecem nos exames: a depress\u00e3o e as doen\u00e7as neurol\u00f3gicas\"}]},{\"@type\":\"WebSite\",\"@id\":\"https:\/\/www.biolabeco.com.br\/#website\",\"url\":\"https:\/\/www.biolabeco.com.br\/\",\"name\":\"Biolab\",\"description\":\"Na Biolab &amp; Co, ci\u00eancia e cuidado caminham juntos. Saiba como promovemos sa\u00fade com responsabilidade socioambiental e tecnologia.\",\"potentialAction\":[{\"@type\":\"SearchAction\",\"target\":{\"@type\":\"EntryPoint\",\"urlTemplate\":\"https:\/\/www.biolabeco.com.br\/?s={search_term_string}\"},\"query-input\":{\"@type\":\"PropertyValueSpecification\",\"valueRequired\":true,\"valueName\":\"search_term_string\"}}],\"inLanguage\":\"es-ES\"},{\"@type\":\"Person\",\"@id\":\"https:\/\/www.biolabeco.com.br\/#\/schema\/person\/bb07d50e32d20028751837031a066fac\",\"name\":\"Yasmim Botelho\",\"image\":{\"@type\":\"ImageObject\",\"inLanguage\":\"es-ES\",\"@id\":\"https:\/\/www.biolabeco.com.br\/#\/schema\/person\/image\/\",\"url\":\"https:\/\/secure.gravatar.com\/avatar\/9d0fea0daa82eb99e89f9f8c0e5ab7f7?s=96&d=mm&r=g\",\"contentUrl\":\"https:\/\/secure.gravatar.com\/avatar\/9d0fea0daa82eb99e89f9f8c0e5ab7f7?s=96&d=mm&r=g\",\"caption\":\"Yasmim Botelho\"},\"url\":\"https:\/\/www.biolabeco.com.br\/es\/author\/yalves\/\"}]}<\/script>\n<!-- \/ Yoast SEO Premium plugin. -->","yoast_head_json":{"title":"S\u00edntomas que no aparecen en los an\u00e1lisis: depresi\u00f3n y enfermedades neurol\u00f3gicas - Biolab &amp; Co","robots":{"index":"index","follow":"follow","max-snippet":"max-snippet:-1","max-image-preview":"max-image-preview:large","max-video-preview":"max-video-preview:-1"},"canonical":"https:\/\/www.biolabeco.com.br\/es\/blog\/salud-mental-2\/sintomas-que-no-aparecen-en-las-pruebas-depresion-y-enfermedades-neurologicas\/","og_locale":"es_ES","og_type":"article","og_title":"Sintomas que n\u00e3o aparecem nos exames: a depress\u00e3o e as doen\u00e7as neurol\u00f3gicas","og_description":"Entenda a conex\u00e3o entre doen\u00e7as neurol\u00f3gicas e depress\u00e3o \u2014 e porque essa rela\u00e7\u00e3o merece a sua aten\u00e7\u00e3o. Muitas vezes, quando pensamos em doen\u00e7as neurol\u00f3gicas, os sintomas f\u00edsicos s\u00e3o os primeiros que v\u00eam \u00e0 mente: tremores, perda de mem\u00f3ria, altera\u00e7\u00f5es motoras. Mas e o impacto emocional? O que sentimos tamb\u00e9m faz parte do que o corpo [&hellip;]","og_url":"https:\/\/www.biolabeco.com.br\/es\/blog\/salud-mental-2\/sintomas-que-no-aparecen-en-las-pruebas-depresion-y-enfermedades-neurologicas\/","og_site_name":"Biolab &amp; Co","article_published_time":"2025-05-22T17:18:31+00:00","article_modified_time":"2025-12-09T17:52:28+00:00","og_image":[{"width":1200,"height":436,"url":"https:\/\/www.biolabeco.com.br\/wp-content\/uploads\/2025\/05\/Banner-Blog-Viver-Bem-Sintomas-que-nao-aparecem-nos-exames.png.webp","type":"image\/webp"}],"author":"Yasmim Botelho","twitter_card":"summary_large_image","twitter_misc":{"Written by":"Yasmim Botelho","Est. reading time":"3 minutes"},"schema":{"@context":"https:\/\/schema.org","@graph":[{"@type":"WebPage","@id":"https:\/\/www.biolabeco.com.br\/blog\/saude-mental\/sintomas-que-nao-aparecem-nos-exames-a-depressao-e-as-doencas-neurologicas\/","url":"https:\/\/www.biolabeco.com.br\/blog\/saude-mental\/sintomas-que-nao-aparecem-nos-exames-a-depressao-e-as-doencas-neurologicas\/","name":"S\u00edntomas que no aparecen en los an\u00e1lisis: depresi\u00f3n y enfermedades neurol\u00f3gicas - Biolab &amp; Co","isPartOf":{"@id":"https:\/\/www.biolabeco.com.br\/#website"},"primaryImageOfPage":{"@id":"https:\/\/www.biolabeco.com.br\/blog\/saude-mental\/sintomas-que-nao-aparecem-nos-exames-a-depressao-e-as-doencas-neurologicas\/#primaryimage"},"image":{"@id":"https:\/\/www.biolabeco.com.br\/blog\/saude-mental\/sintomas-que-nao-aparecem-nos-exames-a-depressao-e-as-doencas-neurologicas\/#primaryimage"},"thumbnailUrl":"https:\/\/www.biolabeco.com.br\/wp-content\/uploads\/2025\/05\/Banner-Blog-Viver-Bem-Sintomas-que-nao-aparecem-nos-exames.png.webp","datePublished":"2025-05-22T17:18:31+00:00","dateModified":"2025-12-09T17:52:28+00:00","author":{"@id":"https:\/\/www.biolabeco.com.br\/#\/schema\/person\/bb07d50e32d20028751837031a066fac"},"breadcrumb":{"@id":"https:\/\/www.biolabeco.com.br\/blog\/saude-mental\/sintomas-que-nao-aparecem-nos-exames-a-depressao-e-as-doencas-neurologicas\/#breadcrumb"},"inLanguage":"es-ES","potentialAction":[{"@type":"ReadAction","target":["https:\/\/www.biolabeco.com.br\/blog\/saude-mental\/sintomas-que-nao-aparecem-nos-exames-a-depressao-e-as-doencas-neurologicas\/"]}]},{"@type":"ImageObject","inLanguage":"es-ES","@id":"https:\/\/www.biolabeco.com.br\/blog\/saude-mental\/sintomas-que-nao-aparecem-nos-exames-a-depressao-e-as-doencas-neurologicas\/#primaryimage","url":"https:\/\/www.biolabeco.com.br\/wp-content\/uploads\/2025\/05\/Banner-Blog-Viver-Bem-Sintomas-que-nao-aparecem-nos-exames.png.webp","contentUrl":"https:\/\/www.biolabeco.com.br\/wp-content\/uploads\/2025\/05\/Banner-Blog-Viver-Bem-Sintomas-que-nao-aparecem-nos-exames.png.webp","width":1200,"height":436},{"@type":"BreadcrumbList","@id":"https:\/\/www.biolabeco.com.br\/blog\/saude-mental\/sintomas-que-nao-aparecem-nos-exames-a-depressao-e-as-doencas-neurologicas\/#breadcrumb","itemListElement":[{"@type":"ListItem","position":1,"name":"Home","item":"https:\/\/www.biolabeco.com.br\/"},{"@type":"ListItem","position":2,"name":"Sintomas que n\u00e3o aparecem nos exames: a depress\u00e3o e as doen\u00e7as neurol\u00f3gicas"}]},{"@type":"WebSite","@id":"https:\/\/www.biolabeco.com.br\/#website","url":"https:\/\/www.biolabeco.com.br\/","name":"biolaboratorio","description":"En Biolab &amp; Co, la ciencia y el cuidado van de la mano. Descubra c\u00f3mo promovemos la salud con responsabilidad socioambiental y tecnolog\u00eda.","potentialAction":[{"@type":"SearchAction","target":{"@type":"EntryPoint","urlTemplate":"https:\/\/www.biolabeco.com.br\/?s={search_term_string}"},"query-input":{"@type":"PropertyValueSpecification","valueRequired":true,"valueName":"search_term_string"}}],"inLanguage":"es-ES"},{"@type":"Person","@id":"https:\/\/www.biolabeco.com.br\/#\/schema\/person\/bb07d50e32d20028751837031a066fac","name":"Yasmim Botelho","image":{"@type":"ImageObject","inLanguage":"es-ES","@id":"https:\/\/www.biolabeco.com.br\/#\/schema\/person\/image\/","url":"https:\/\/secure.gravatar.com\/avatar\/9d0fea0daa82eb99e89f9f8c0e5ab7f7?s=96&d=mm&r=g","contentUrl":"https:\/\/secure.gravatar.com\/avatar\/9d0fea0daa82eb99e89f9f8c0e5ab7f7?s=96&d=mm&r=g","caption":"Yasmim Botelho"},"url":"https:\/\/www.biolabeco.com.br\/es\/author\/yalves\/"}]}},"_links":{"self":[{"href":"https:\/\/www.biolabeco.com.br\/es\/wp-json\/wp\/v2\/posts\/694"}],"collection":[{"href":"https:\/\/www.biolabeco.com.br\/es\/wp-json\/wp\/v2\/posts"}],"about":[{"href":"https:\/\/www.biolabeco.com.br\/es\/wp-json\/wp\/v2\/types\/post"}],"author":[{"embeddable":true,"href":"https:\/\/www.biolabeco.com.br\/es\/wp-json\/wp\/v2\/users\/7"}],"replies":[{"embeddable":true,"href":"https:\/\/www.biolabeco.com.br\/es\/wp-json\/wp\/v2\/comments?post=694"}],"version-history":[{"count":1,"href":"https:\/\/www.biolabeco.com.br\/es\/wp-json\/wp\/v2\/posts\/694\/revisions"}],"predecessor-version":[{"id":14994,"href":"https:\/\/www.biolabeco.com.br\/es\/wp-json\/wp\/v2\/posts\/694\/revisions\/14994"}],"wp:featuredmedia":[{"embeddable":true,"href":"https:\/\/www.biolabeco.com.br\/es\/wp-json\/wp\/v2\/media\/14993"}],"wp:attachment":[{"href":"https:\/\/www.biolabeco.com.br\/es\/wp-json\/wp\/v2\/media?parent=694"}],"wp:term":[{"taxonomy":"category","embeddable":true,"href":"https:\/\/www.biolabeco.com.br\/es\/wp-json\/wp\/v2\/categories?post=694"},{"taxonomy":"post_tag","embeddable":true,"href":"https:\/\/www.biolabeco.com.br\/es\/wp-json\/wp\/v2\/tags?post=694"}],"curies":[{"name":"wp","href":"https:\/\/api.w.org\/{rel}","templated":true}]}}