{"id":701,"date":"2025-06-06T09:45:52","date_gmt":"2025-06-06T12:45:52","guid":{"rendered":"https:\/\/www.biolabemcasa.com.br\/?p=701"},"modified":"2025-12-09T14:52:52","modified_gmt":"2025-12-09T17:52:52","slug":"tu-piel-siente-todos-los-sintomas-del-estres-que-van-mas-alla-de-la-mente","status":"publish","type":"post","link":"https:\/\/www.biolabeco.com.br\/es\/blog\/pele-e-cuidados\/sua-pele-sente-tudo-os-sintomas-do-estresse-que-vao-alem-da-mente\/","title":{"rendered":"Tu piel lo siente todo: el impacto del estr\u00e9s que va m\u00e1s all\u00e1 de la mente"},"content":{"rendered":"<p><em>Cansancio, irritaci\u00f3n, ansiedad... \u00bfY tu piel en medio de todo? Comprende esta relaci\u00f3n.<\/em><\/p>\n<p>\u00bfHas notado alguna vez c\u00f3mo, en momentos de estr\u00e9s, tu piel parece reaccionar tambi\u00e9n? Un grano que aparece de la nada, un picor persistente, ese enrojecimiento que te molesta... nada de esto es casualidad. Las investigaciones demuestran que el estr\u00e9s psicol\u00f3gico tiene una relaci\u00f3n directa con la aparici\u00f3n y el empeoramiento de diversas enfermedades cut\u00e1neas.<\/p>\n<p>La piel, nuestro \u00f3rgano m\u00e1s grande y primera l\u00ednea de defensa contra el entorno exterior, tambi\u00e9n refleja los estados internos del cuerpo. Cuando el cuerpo se enfrenta al estr\u00e9s, se activa una compleja red de comunicaci\u00f3n entre los sistemas nervioso, endocrino e inmunitario -conocida como red neuroendocrino-inmunitaria (NEI)- que influye directamente en las respuestas inmunitarias de la piel. As\u00ed, cerebro y piel mantienen un di\u00e1logo continuo, lo que pone de relieve la profunda conexi\u00f3n fisiol\u00f3gica entre ambos.<\/p>\n<p><strong><br \/>\n\u00bfC\u00f3mo afecta el estr\u00e9s a la piel?<\/strong><\/p>\n<p>El estr\u00e9s puede influir en la salud de la piel de diversas maneras:<\/p>\n<ul>\n<li><strong>puede empeorar enfermedades ya existentes:<\/strong> Afecciones como el acn\u00e9, la psoriasis, la dermatitis at\u00f3pica y la urticaria suelen intensificarse durante los periodos de estr\u00e9s;<\/li>\n<li><strong>puede alterar el sistema de defensa de la piel:<\/strong> El estr\u00e9s altera el equilibrio de las c\u00e9lulas inmunitarias y las sustancias inflamatorias de la piel, lo que puede hacerla m\u00e1s vulnerable o susceptible a las enfermedades;<\/li>\n<li><strong>afecta a las funciones esenciales:<\/strong> puede debilitar la funci\u00f3n de barrera de la piel, perjudicar la cicatrizaci\u00f3n y aumentar la liberaci\u00f3n de citoquinas inflamatorias;<\/li>\n<li><strong>crea un ciclo dif\u00edcil de romper:<\/strong> El estr\u00e9s provoca cambios en la piel, y ver estos signos en el espejo aumenta la tensi\u00f3n psicol\u00f3gica, lo que retroalimenta el problema.<\/li>\n<\/ul>\n<p><strong><br \/>\nUn enfoque m\u00e1s completo del cuidado de la piel<\/strong><\/p>\n<p>Comprender la interacci\u00f3n neuroendocrino-inmunitaria y hablar de ello con el m\u00e9dico son actitudes que ayudan a crear estrategias m\u00e1s eficaces para diagnosticar y tratar las enfermedades cut\u00e1neas, yendo m\u00e1s all\u00e1 de los s\u00edntomas visibles.<\/p>\n<p>Por eso, cuidar de su <a href=\"https:\/\/www.biolabemcasa.com.br\/categorias\/saude-mental\/saude-mental-ansiedade-depressao\" target=\"_blank\" rel=\"noopener\">salud mental<\/a> es tambi\u00e9n cuidar de su <a href=\"https:\/\/www.biolabemcasa.com.br\/categorias\/pele-cabelos-unhas\/pele-cabelos-unhas-cuidados-com-a-pele\" target=\"_blank\" rel=\"noopener\">piel<\/a>. Controlar el estr\u00e9s debe formar parte de su rutina de autocuidado, junto con la dieta, la hidrataci\u00f3n y la protecci\u00f3n solar.<\/p>\n<p>Al fin y al cabo, tu piel es un reflejo de lo que ocurre en tu interior.<\/p>\n<p><em><br \/>\nFuente: <a href=\"https:\/\/www.sciencedirect.com\/science\/article\/pii\/S0889159123003768\"><span style=\"font-weight: 400;\">https:\/\/www.sciencedirect.com\/science\/article\/pii\/S0889159123003768<\/span><\/a><\/em><\/p>\n<p>&nbsp;<\/p>","protected":false},"excerpt":{"rendered":"<p>Cansa\u00e7o, irrita\u00e7\u00e3o, ansiedade&#8230; E sua pele no meio disso tudo? Entenda essa rela\u00e7\u00e3o. Voc\u00ea j\u00e1 percebeu como, em momentos de estresse, sua pele parece reagir tamb\u00e9m? Uma espinha que aparece do nada, uma coceira insistente, aquela vermelhid\u00e3o que incomoda, nada disso \u00e9 coincid\u00eancia. Pesquisas mostram que o estresse psicol\u00f3gico tem liga\u00e7\u00e3o direta com o surgimento [&hellip;]<\/p>\n","protected":false},"author":7,"featured_media":14995,"comment_status":"closed","ping_status":"open","sticky":false,"template":"","format":"standard","meta":{"_acf_changed":false,"footnotes":""},"categories":[1619,1616,1626],"tags":[1630,1640,1641,1642,1643,1644],"acf":[],"yoast_head":"<!-- This site is optimized with the Yoast SEO Premium plugin v24.4 (Yoast SEO v24.4) - https:\/\/yoast.com\/wordpress\/plugins\/seo\/ -->\n<title>Sua pele sente tudo: o impacto do estresse que vai al\u00e9m da mente - Biolab &amp; Co<\/title>\n<meta name=\"description\" content=\"Cansa\u00e7o, irrita\u00e7\u00e3o, ansiedade... e a sua pele no meio disso tudo? Entenda os sintomas do estresse na sa\u00fade cut\u00e2nea.\" \/>\n<meta name=\"robots\" content=\"index, follow, max-snippet:-1, max-image-preview:large, max-video-preview:-1\" \/>\n<link rel=\"canonical\" href=\"https:\/\/www.biolabeco.com.br\/es\/blog\/piel-y-cuidado\/tu-piel-siente-todos-los-sintomas-del-estres-que-van-mas-alla-de-la-mente\/\" \/>\n<meta property=\"og:locale\" content=\"es_ES\" \/>\n<meta property=\"og:type\" content=\"article\" \/>\n<meta property=\"og:title\" content=\"Sua pele sente tudo: o impacto do estresse que vai al\u00e9m da mente\" \/>\n<meta property=\"og:description\" content=\"Cansa\u00e7o, irrita\u00e7\u00e3o, ansiedade... e a sua pele no meio disso tudo? Entenda os sintomas do estresse na sa\u00fade cut\u00e2nea.\" \/>\n<meta property=\"og:url\" content=\"https:\/\/www.biolabeco.com.br\/es\/blog\/piel-y-cuidado\/tu-piel-siente-todos-los-sintomas-del-estres-que-van-mas-alla-de-la-mente\/\" \/>\n<meta property=\"og:site_name\" content=\"Biolab &amp; Co\" \/>\n<meta property=\"article:published_time\" content=\"2025-06-06T12:45:52+00:00\" \/>\n<meta property=\"article:modified_time\" content=\"2025-12-09T17:52:52+00:00\" \/>\n<meta property=\"og:image\" content=\"https:\/\/www.biolabeco.com.br\/wp-content\/uploads\/2025\/06\/Banner-Blog-Viver-Bem.png.webp\" \/>\n\t<meta property=\"og:image:width\" content=\"1200\" \/>\n\t<meta property=\"og:image:height\" content=\"436\" \/>\n\t<meta property=\"og:image:type\" content=\"image\/webp\" \/>\n<meta name=\"author\" content=\"Yasmim Botelho\" \/>\n<meta name=\"twitter:card\" content=\"summary_large_image\" \/>\n<meta name=\"twitter:label1\" content=\"Written by\" \/>\n\t<meta name=\"twitter:data1\" content=\"Yasmim Botelho\" \/>\n\t<meta name=\"twitter:label2\" content=\"Est. reading time\" \/>\n\t<meta name=\"twitter:data2\" content=\"2 minutes\" \/>\n<script type=\"application\/ld+json\" class=\"yoast-schema-graph\">{\"@context\":\"https:\/\/schema.org\",\"@graph\":[{\"@type\":\"WebPage\",\"@id\":\"https:\/\/www.biolabeco.com.br\/blog\/pele-e-cuidados\/sua-pele-sente-tudo-os-sintomas-do-estresse-que-vao-alem-da-mente\/\",\"url\":\"https:\/\/www.biolabeco.com.br\/blog\/pele-e-cuidados\/sua-pele-sente-tudo-os-sintomas-do-estresse-que-vao-alem-da-mente\/\",\"name\":\"Sua pele sente tudo: o impacto do estresse que vai al\u00e9m da mente - Biolab &amp; Co\",\"isPartOf\":{\"@id\":\"https:\/\/www.biolabeco.com.br\/#website\"},\"primaryImageOfPage\":{\"@id\":\"https:\/\/www.biolabeco.com.br\/blog\/pele-e-cuidados\/sua-pele-sente-tudo-os-sintomas-do-estresse-que-vao-alem-da-mente\/#primaryimage\"},\"image\":{\"@id\":\"https:\/\/www.biolabeco.com.br\/blog\/pele-e-cuidados\/sua-pele-sente-tudo-os-sintomas-do-estresse-que-vao-alem-da-mente\/#primaryimage\"},\"thumbnailUrl\":\"https:\/\/www.biolabeco.com.br\/wp-content\/uploads\/2025\/06\/Banner-Blog-Viver-Bem.png.webp\",\"datePublished\":\"2025-06-06T12:45:52+00:00\",\"dateModified\":\"2025-12-09T17:52:52+00:00\",\"author\":{\"@id\":\"https:\/\/www.biolabeco.com.br\/#\/schema\/person\/bb07d50e32d20028751837031a066fac\"},\"description\":\"Cansa\u00e7o, irrita\u00e7\u00e3o, ansiedade... e a sua pele no meio disso tudo? Entenda os sintomas do estresse na sa\u00fade cut\u00e2nea.\",\"breadcrumb\":{\"@id\":\"https:\/\/www.biolabeco.com.br\/blog\/pele-e-cuidados\/sua-pele-sente-tudo-os-sintomas-do-estresse-que-vao-alem-da-mente\/#breadcrumb\"},\"inLanguage\":\"es-ES\",\"potentialAction\":[{\"@type\":\"ReadAction\",\"target\":[\"https:\/\/www.biolabeco.com.br\/blog\/pele-e-cuidados\/sua-pele-sente-tudo-os-sintomas-do-estresse-que-vao-alem-da-mente\/\"]}]},{\"@type\":\"ImageObject\",\"inLanguage\":\"es-ES\",\"@id\":\"https:\/\/www.biolabeco.com.br\/blog\/pele-e-cuidados\/sua-pele-sente-tudo-os-sintomas-do-estresse-que-vao-alem-da-mente\/#primaryimage\",\"url\":\"https:\/\/www.biolabeco.com.br\/wp-content\/uploads\/2025\/06\/Banner-Blog-Viver-Bem.png.webp\",\"contentUrl\":\"https:\/\/www.biolabeco.com.br\/wp-content\/uploads\/2025\/06\/Banner-Blog-Viver-Bem.png.webp\",\"width\":1200,\"height\":436},{\"@type\":\"BreadcrumbList\",\"@id\":\"https:\/\/www.biolabeco.com.br\/blog\/pele-e-cuidados\/sua-pele-sente-tudo-os-sintomas-do-estresse-que-vao-alem-da-mente\/#breadcrumb\",\"itemListElement\":[{\"@type\":\"ListItem\",\"position\":1,\"name\":\"Home\",\"item\":\"https:\/\/www.biolabeco.com.br\/\"},{\"@type\":\"ListItem\",\"position\":2,\"name\":\"Sua pele sente tudo: o impacto do estresse que vai al\u00e9m da mente\"}]},{\"@type\":\"WebSite\",\"@id\":\"https:\/\/www.biolabeco.com.br\/#website\",\"url\":\"https:\/\/www.biolabeco.com.br\/\",\"name\":\"Biolab\",\"description\":\"Na Biolab &amp; Co, ci\u00eancia e cuidado caminham juntos. Saiba como promovemos sa\u00fade com responsabilidade socioambiental e tecnologia.\",\"potentialAction\":[{\"@type\":\"SearchAction\",\"target\":{\"@type\":\"EntryPoint\",\"urlTemplate\":\"https:\/\/www.biolabeco.com.br\/?s={search_term_string}\"},\"query-input\":{\"@type\":\"PropertyValueSpecification\",\"valueRequired\":true,\"valueName\":\"search_term_string\"}}],\"inLanguage\":\"es-ES\"},{\"@type\":\"Person\",\"@id\":\"https:\/\/www.biolabeco.com.br\/#\/schema\/person\/bb07d50e32d20028751837031a066fac\",\"name\":\"Yasmim Botelho\",\"image\":{\"@type\":\"ImageObject\",\"inLanguage\":\"es-ES\",\"@id\":\"https:\/\/www.biolabeco.com.br\/#\/schema\/person\/image\/\",\"url\":\"https:\/\/secure.gravatar.com\/avatar\/9d0fea0daa82eb99e89f9f8c0e5ab7f7?s=96&d=mm&r=g\",\"contentUrl\":\"https:\/\/secure.gravatar.com\/avatar\/9d0fea0daa82eb99e89f9f8c0e5ab7f7?s=96&d=mm&r=g\",\"caption\":\"Yasmim Botelho\"},\"url\":\"https:\/\/www.biolabeco.com.br\/es\/author\/yalves\/\"}]}<\/script>\n<!-- \/ Yoast SEO Premium plugin. -->","yoast_head_json":{"title":"Tu piel lo siente todo: el impacto del estr\u00e9s que va m\u00e1s all\u00e1 de la mente - Biolab &amp; Co","description":"Cansancio, irritaci\u00f3n, ansiedad... \u00bfy su piel en medio de todo? Conozca los s\u00edntomas del estr\u00e9s en la salud de la piel.","robots":{"index":"index","follow":"follow","max-snippet":"max-snippet:-1","max-image-preview":"max-image-preview:large","max-video-preview":"max-video-preview:-1"},"canonical":"https:\/\/www.biolabeco.com.br\/es\/blog\/piel-y-cuidado\/tu-piel-siente-todos-los-sintomas-del-estres-que-van-mas-alla-de-la-mente\/","og_locale":"es_ES","og_type":"article","og_title":"Sua pele sente tudo: o impacto do estresse que vai al\u00e9m da mente","og_description":"Cansa\u00e7o, irrita\u00e7\u00e3o, ansiedade... e a sua pele no meio disso tudo? Entenda os sintomas do estresse na sa\u00fade cut\u00e2nea.","og_url":"https:\/\/www.biolabeco.com.br\/es\/blog\/piel-y-cuidado\/tu-piel-siente-todos-los-sintomas-del-estres-que-van-mas-alla-de-la-mente\/","og_site_name":"Biolab &amp; Co","article_published_time":"2025-06-06T12:45:52+00:00","article_modified_time":"2025-12-09T17:52:52+00:00","og_image":[{"width":1200,"height":436,"url":"https:\/\/www.biolabeco.com.br\/wp-content\/uploads\/2025\/06\/Banner-Blog-Viver-Bem.png.webp","type":"image\/webp"}],"author":"Yasmim Botelho","twitter_card":"summary_large_image","twitter_misc":{"Written by":"Yasmim Botelho","Est. reading time":"2 minutes"},"schema":{"@context":"https:\/\/schema.org","@graph":[{"@type":"WebPage","@id":"https:\/\/www.biolabeco.com.br\/blog\/pele-e-cuidados\/sua-pele-sente-tudo-os-sintomas-do-estresse-que-vao-alem-da-mente\/","url":"https:\/\/www.biolabeco.com.br\/blog\/pele-e-cuidados\/sua-pele-sente-tudo-os-sintomas-do-estresse-que-vao-alem-da-mente\/","name":"Tu piel lo siente todo: el impacto del estr\u00e9s que va m\u00e1s all\u00e1 de la mente - Biolab &amp; Co","isPartOf":{"@id":"https:\/\/www.biolabeco.com.br\/#website"},"primaryImageOfPage":{"@id":"https:\/\/www.biolabeco.com.br\/blog\/pele-e-cuidados\/sua-pele-sente-tudo-os-sintomas-do-estresse-que-vao-alem-da-mente\/#primaryimage"},"image":{"@id":"https:\/\/www.biolabeco.com.br\/blog\/pele-e-cuidados\/sua-pele-sente-tudo-os-sintomas-do-estresse-que-vao-alem-da-mente\/#primaryimage"},"thumbnailUrl":"https:\/\/www.biolabeco.com.br\/wp-content\/uploads\/2025\/06\/Banner-Blog-Viver-Bem.png.webp","datePublished":"2025-06-06T12:45:52+00:00","dateModified":"2025-12-09T17:52:52+00:00","author":{"@id":"https:\/\/www.biolabeco.com.br\/#\/schema\/person\/bb07d50e32d20028751837031a066fac"},"description":"Cansancio, irritaci\u00f3n, ansiedad... \u00bfy su piel en medio de todo? Conozca los s\u00edntomas del estr\u00e9s en la salud de la piel.","breadcrumb":{"@id":"https:\/\/www.biolabeco.com.br\/blog\/pele-e-cuidados\/sua-pele-sente-tudo-os-sintomas-do-estresse-que-vao-alem-da-mente\/#breadcrumb"},"inLanguage":"es-ES","potentialAction":[{"@type":"ReadAction","target":["https:\/\/www.biolabeco.com.br\/blog\/pele-e-cuidados\/sua-pele-sente-tudo-os-sintomas-do-estresse-que-vao-alem-da-mente\/"]}]},{"@type":"ImageObject","inLanguage":"es-ES","@id":"https:\/\/www.biolabeco.com.br\/blog\/pele-e-cuidados\/sua-pele-sente-tudo-os-sintomas-do-estresse-que-vao-alem-da-mente\/#primaryimage","url":"https:\/\/www.biolabeco.com.br\/wp-content\/uploads\/2025\/06\/Banner-Blog-Viver-Bem.png.webp","contentUrl":"https:\/\/www.biolabeco.com.br\/wp-content\/uploads\/2025\/06\/Banner-Blog-Viver-Bem.png.webp","width":1200,"height":436},{"@type":"BreadcrumbList","@id":"https:\/\/www.biolabeco.com.br\/blog\/pele-e-cuidados\/sua-pele-sente-tudo-os-sintomas-do-estresse-que-vao-alem-da-mente\/#breadcrumb","itemListElement":[{"@type":"ListItem","position":1,"name":"Home","item":"https:\/\/www.biolabeco.com.br\/"},{"@type":"ListItem","position":2,"name":"Sua pele sente tudo: o impacto do estresse que vai al\u00e9m da mente"}]},{"@type":"WebSite","@id":"https:\/\/www.biolabeco.com.br\/#website","url":"https:\/\/www.biolabeco.com.br\/","name":"biolaboratorio","description":"En Biolab &amp; Co, la ciencia y el cuidado van de la mano. Descubra c\u00f3mo promovemos la salud con responsabilidad socioambiental y tecnolog\u00eda.","potentialAction":[{"@type":"SearchAction","target":{"@type":"EntryPoint","urlTemplate":"https:\/\/www.biolabeco.com.br\/?s={search_term_string}"},"query-input":{"@type":"PropertyValueSpecification","valueRequired":true,"valueName":"search_term_string"}}],"inLanguage":"es-ES"},{"@type":"Person","@id":"https:\/\/www.biolabeco.com.br\/#\/schema\/person\/bb07d50e32d20028751837031a066fac","name":"Yasmim Botelho","image":{"@type":"ImageObject","inLanguage":"es-ES","@id":"https:\/\/www.biolabeco.com.br\/#\/schema\/person\/image\/","url":"https:\/\/secure.gravatar.com\/avatar\/9d0fea0daa82eb99e89f9f8c0e5ab7f7?s=96&d=mm&r=g","contentUrl":"https:\/\/secure.gravatar.com\/avatar\/9d0fea0daa82eb99e89f9f8c0e5ab7f7?s=96&d=mm&r=g","caption":"Yasmim Botelho"},"url":"https:\/\/www.biolabeco.com.br\/es\/author\/yalves\/"}]}},"_links":{"self":[{"href":"https:\/\/www.biolabeco.com.br\/es\/wp-json\/wp\/v2\/posts\/701"}],"collection":[{"href":"https:\/\/www.biolabeco.com.br\/es\/wp-json\/wp\/v2\/posts"}],"about":[{"href":"https:\/\/www.biolabeco.com.br\/es\/wp-json\/wp\/v2\/types\/post"}],"author":[{"embeddable":true,"href":"https:\/\/www.biolabeco.com.br\/es\/wp-json\/wp\/v2\/users\/7"}],"replies":[{"embeddable":true,"href":"https:\/\/www.biolabeco.com.br\/es\/wp-json\/wp\/v2\/comments?post=701"}],"version-history":[{"count":1,"href":"https:\/\/www.biolabeco.com.br\/es\/wp-json\/wp\/v2\/posts\/701\/revisions"}],"predecessor-version":[{"id":14996,"href":"https:\/\/www.biolabeco.com.br\/es\/wp-json\/wp\/v2\/posts\/701\/revisions\/14996"}],"wp:featuredmedia":[{"embeddable":true,"href":"https:\/\/www.biolabeco.com.br\/es\/wp-json\/wp\/v2\/media\/14995"}],"wp:attachment":[{"href":"https:\/\/www.biolabeco.com.br\/es\/wp-json\/wp\/v2\/media?parent=701"}],"wp:term":[{"taxonomy":"category","embeddable":true,"href":"https:\/\/www.biolabeco.com.br\/es\/wp-json\/wp\/v2\/categories?post=701"},{"taxonomy":"post_tag","embeddable":true,"href":"https:\/\/www.biolabeco.com.br\/es\/wp-json\/wp\/v2\/tags?post=701"}],"curies":[{"name":"wp","href":"https:\/\/api.w.org\/{rel}","templated":true}]}}