{"id":733,"date":"2025-07-21T09:53:01","date_gmt":"2025-07-21T12:53:01","guid":{"rendered":"https:\/\/www.biolabemcasa.com.br\/?p=733"},"modified":"2025-12-09T14:53:40","modified_gmt":"2025-12-09T17:53:40","slug":"cual-es-la-relacion-entre-la-presion-arterial-y-el-deterioro-cognitivo","status":"publish","type":"post","link":"https:\/\/www.biolabeco.com.br\/es\/blog\/prevencao-e-imunidade\/qual-e-a-relacao-entre-a-pressao-arterial-e-o-declinio-cognitivo\/","title":{"rendered":"\u00bfCu\u00e1l es la relaci\u00f3n entre la presi\u00f3n arterial y el deterioro cognitivo?"},"content":{"rendered":"<p>A <a href=\"https:\/\/www.biolabemcasa.com.br\/categorias\/saude-cardiovascular\/saude-cardiovascular-hipertensao\" target=\"_blank\" rel=\"noopener\">hipertensi\u00f3n<\/a> La presi\u00f3n arterial es una de las enfermedades cr\u00f3nicas m\u00e1s comunes entre los brasile\u00f1os. Pero lo que mucha gente a\u00fan no sabe es que la presi\u00f3n arterial no controlada no s\u00f3lo afecta al sistema cardiovascular. Estudios recientes muestran una importante relaci\u00f3n entre la hipertensi\u00f3n y el deterioro cognitivo, incluidas formas m\u00e1s graves como la demencia.<\/p>\n<p>Seg\u00fan estudios recientes, como el publicado en la revista cient\u00edfica <em>Neurolog\u00eda<\/em>Mantener la tensi\u00f3n arterial bajo control puede reducir significativamente el riesgo de desarrollar demencia.<\/p>\n<p><strong>Pero, \u00bfpor qu\u00e9?<\/strong><\/p>\n<p>El cerebro es uno de los \u00f3rganos m\u00e1s sensibles a las variaciones de la presi\u00f3n arterial. Cuando la presi\u00f3n es constantemente alta o se dispara con frecuencia, los vasos sangu\u00edneos que irrigan las regiones cerebrales esenciales pueden da\u00f1arse con el tiempo. Esto reduce la oxigenaci\u00f3n y favorece la acumulaci\u00f3n de lesiones que comprometen la memoria, el razonamiento y otras funciones cognitivas.<\/p>\n<p>Adem\u00e1s, una presi\u00f3n arterial irregular tambi\u00e9n se asocia a un mayor riesgo de deterioro cognitivo acelerado. Estas variaciones pueden da\u00f1ar los peque\u00f1os vasos del cerebro y contribuir al desarrollo de alteraciones t\u00edpicas de la demencia vascular. <strong>Por lo tanto, es esencial vigilar y controlar no s\u00f3lo la hipertensi\u00f3n arterial, sino tambi\u00e9n unos niveles estables de presi\u00f3n arterial para proteger la salud cerebral a largo plazo.<\/strong><\/p>\n<p>La buena noticia es que este escenario puede evitarse. El control de la tensi\u00f3n arterial, mediante seguimiento m\u00e9dico, el uso de medicaci\u00f3n adecuada y cambios en el estilo de vida, es una poderosa herramienta para proteger el cerebro.<\/p>\n<p>He aqu\u00ed algunas acciones que ayudan a mantener los niveles de tensi\u00f3n arterial bajo control y, adem\u00e1s, benefician la salud cognitiva:<\/p>\n<ul>\n<li>Reducir el consumo de sal, alimentos ultraprocesados y grasas saturadas;<\/li>\n<li>Practique actividad f\u00edsica con regularidad, aunque sea de forma ligera;<\/li>\n<li>Gestionar el estr\u00e9s diario mediante apoyo psicol\u00f3gico, meditaci\u00f3n u otras estrategias de relajaci\u00f3n;<\/li>\n<li>Tome el medicamento siguiendo las indicaciones de su profesional sanitario;<\/li>\n<li>Seguimiento regular con un cardi\u00f3logo y\/o neur\u00f3logo.<\/li>\n<\/ul>\n<p>Recuerde que estos consejos son s\u00f3lo orientaciones generales para el cuidado de la salud. Cuente siempre con la ayuda del profesional sanitario de su confianza para elaborar un plan de cuidados individualizado.<\/p>\n<p>Fuentes:<\/p>\n<ul>\n<li><a href=\"https:\/\/www.neurology.org\/doi\/10.1212\/WNL.0000000000209715\">https:\/\/www.neurology.org\/doi\/10.1212\/WNL.0000000000209715<\/a><\/li>\n<li><a href=\"https:\/\/www.neurology.org\/doi\/10.1212\/WNL.0000000000213334\">https:\/\/www.neurology.org\/doi\/10.1212\/WNL.0000000000213334<\/a><\/li>\n<li><a href=\"https:\/\/www.neurology.org\/doi\/10.1212\/WNL.0000000000210151\">https:\/\/www.neurology.org\/doi\/10.1212\/WNL.0000000000210151<\/a><\/li>\n<\/ul>","protected":false},"excerpt":{"rendered":"<p>A hipertens\u00e3o arterial \u00e9 uma das condi\u00e7\u00f5es cr\u00f4nicas mais comuns entre os brasileiros. Mas o que muita gente ainda n\u00e3o sabe \u00e9 que a press\u00e3o arterial descontrolada n\u00e3o afeta apenas o sistema cardiovascular. Estudos recentes mostram uma rela\u00e7\u00e3o importante entre a hipertens\u00e3o e o decl\u00ednio cognitivo, inclusive formas mais graves, como a dem\u00eancia. De acordo [&hellip;]<\/p>\n","protected":false},"author":7,"featured_media":14999,"comment_status":"closed","ping_status":"closed","sticky":false,"template":"","format":"standard","meta":{"_acf_changed":false,"footnotes":""},"categories":[1618,1614,1616],"tags":[1650,1612,1651,1652,1653,1654],"acf":[],"yoast_head":"<!-- This site is optimized with the Yoast SEO Premium plugin v24.4 (Yoast SEO v24.4) - https:\/\/yoast.com\/wordpress\/plugins\/seo\/ -->\n<title>Qual \u00e9 a rela\u00e7\u00e3o entre a press\u00e3o arterial e o decl\u00ednio cognitivo? - Biolab &amp; Co<\/title>\n<meta name=\"robots\" content=\"index, follow, max-snippet:-1, max-image-preview:large, max-video-preview:-1\" \/>\n<link rel=\"canonical\" href=\"https:\/\/www.biolabeco.com.br\/es\/blog\/prevencion-e-inmunidad\/cual-es-la-relacion-entre-la-presion-arterial-y-el-deterioro-cognitivo\/\" \/>\n<meta property=\"og:locale\" content=\"es_ES\" \/>\n<meta property=\"og:type\" content=\"article\" \/>\n<meta property=\"og:title\" content=\"Qual \u00e9 a rela\u00e7\u00e3o entre a press\u00e3o arterial e o decl\u00ednio cognitivo?\" \/>\n<meta property=\"og:description\" content=\"A hipertens\u00e3o arterial \u00e9 uma das condi\u00e7\u00f5es cr\u00f4nicas mais comuns entre os brasileiros. Mas o que muita gente ainda n\u00e3o sabe \u00e9 que a press\u00e3o arterial descontrolada n\u00e3o afeta apenas o sistema cardiovascular. Estudos recentes mostram uma rela\u00e7\u00e3o importante entre a hipertens\u00e3o e o decl\u00ednio cognitivo, inclusive formas mais graves, como a dem\u00eancia. De acordo [&hellip;]\" \/>\n<meta property=\"og:url\" content=\"https:\/\/www.biolabeco.com.br\/es\/blog\/prevencion-e-inmunidad\/cual-es-la-relacion-entre-la-presion-arterial-y-el-deterioro-cognitivo\/\" \/>\n<meta property=\"og:site_name\" content=\"Biolab &amp; Co\" \/>\n<meta property=\"article:published_time\" content=\"2025-07-21T12:53:01+00:00\" \/>\n<meta property=\"article:modified_time\" content=\"2025-12-09T17:53:40+00:00\" \/>\n<meta property=\"og:image\" content=\"https:\/\/www.biolabeco.com.br\/wp-content\/uploads\/2025\/07\/iStock-1491274818-2-e1753796989193.jpg.webp\" \/>\n\t<meta property=\"og:image:width\" content=\"1254\" \/>\n\t<meta property=\"og:image:height\" content=\"486\" \/>\n\t<meta property=\"og:image:type\" content=\"image\/webp\" \/>\n<meta name=\"author\" content=\"Yasmim Botelho\" \/>\n<meta name=\"twitter:card\" content=\"summary_large_image\" \/>\n<meta name=\"twitter:label1\" content=\"Written by\" \/>\n\t<meta name=\"twitter:data1\" content=\"Yasmim Botelho\" \/>\n\t<meta name=\"twitter:label2\" content=\"Est. reading time\" \/>\n\t<meta name=\"twitter:data2\" content=\"2 minutes\" \/>\n<script type=\"application\/ld+json\" class=\"yoast-schema-graph\">{\"@context\":\"https:\/\/schema.org\",\"@graph\":[{\"@type\":\"WebPage\",\"@id\":\"https:\/\/www.biolabeco.com.br\/blog\/prevencao-e-imunidade\/qual-e-a-relacao-entre-a-pressao-arterial-e-o-declinio-cognitivo\/\",\"url\":\"https:\/\/www.biolabeco.com.br\/blog\/prevencao-e-imunidade\/qual-e-a-relacao-entre-a-pressao-arterial-e-o-declinio-cognitivo\/\",\"name\":\"Qual \u00e9 a rela\u00e7\u00e3o entre a press\u00e3o arterial e o decl\u00ednio cognitivo? - Biolab &amp; Co\",\"isPartOf\":{\"@id\":\"https:\/\/www.biolabeco.com.br\/#website\"},\"primaryImageOfPage\":{\"@id\":\"https:\/\/www.biolabeco.com.br\/blog\/prevencao-e-imunidade\/qual-e-a-relacao-entre-a-pressao-arterial-e-o-declinio-cognitivo\/#primaryimage\"},\"image\":{\"@id\":\"https:\/\/www.biolabeco.com.br\/blog\/prevencao-e-imunidade\/qual-e-a-relacao-entre-a-pressao-arterial-e-o-declinio-cognitivo\/#primaryimage\"},\"thumbnailUrl\":\"https:\/\/www.biolabeco.com.br\/wp-content\/uploads\/2025\/07\/iStock-1491274818-2-e1753796989193.jpg.webp\",\"datePublished\":\"2025-07-21T12:53:01+00:00\",\"dateModified\":\"2025-12-09T17:53:40+00:00\",\"author\":{\"@id\":\"https:\/\/www.biolabeco.com.br\/#\/schema\/person\/bb07d50e32d20028751837031a066fac\"},\"breadcrumb\":{\"@id\":\"https:\/\/www.biolabeco.com.br\/blog\/prevencao-e-imunidade\/qual-e-a-relacao-entre-a-pressao-arterial-e-o-declinio-cognitivo\/#breadcrumb\"},\"inLanguage\":\"es-ES\",\"potentialAction\":[{\"@type\":\"ReadAction\",\"target\":[\"https:\/\/www.biolabeco.com.br\/blog\/prevencao-e-imunidade\/qual-e-a-relacao-entre-a-pressao-arterial-e-o-declinio-cognitivo\/\"]}]},{\"@type\":\"ImageObject\",\"inLanguage\":\"es-ES\",\"@id\":\"https:\/\/www.biolabeco.com.br\/blog\/prevencao-e-imunidade\/qual-e-a-relacao-entre-a-pressao-arterial-e-o-declinio-cognitivo\/#primaryimage\",\"url\":\"https:\/\/www.biolabeco.com.br\/wp-content\/uploads\/2025\/07\/iStock-1491274818-2-e1753796989193.jpg.webp\",\"contentUrl\":\"https:\/\/www.biolabeco.com.br\/wp-content\/uploads\/2025\/07\/iStock-1491274818-2-e1753796989193.jpg.webp\",\"width\":1254,\"height\":486},{\"@type\":\"BreadcrumbList\",\"@id\":\"https:\/\/www.biolabeco.com.br\/blog\/prevencao-e-imunidade\/qual-e-a-relacao-entre-a-pressao-arterial-e-o-declinio-cognitivo\/#breadcrumb\",\"itemListElement\":[{\"@type\":\"ListItem\",\"position\":1,\"name\":\"Home\",\"item\":\"https:\/\/www.biolabeco.com.br\/\"},{\"@type\":\"ListItem\",\"position\":2,\"name\":\"Qual \u00e9 a rela\u00e7\u00e3o entre a press\u00e3o arterial e o decl\u00ednio cognitivo?\"}]},{\"@type\":\"WebSite\",\"@id\":\"https:\/\/www.biolabeco.com.br\/#website\",\"url\":\"https:\/\/www.biolabeco.com.br\/\",\"name\":\"Biolab\",\"description\":\"Na Biolab &amp; Co, ci\u00eancia e cuidado caminham juntos. Saiba como promovemos sa\u00fade com responsabilidade socioambiental e tecnologia.\",\"potentialAction\":[{\"@type\":\"SearchAction\",\"target\":{\"@type\":\"EntryPoint\",\"urlTemplate\":\"https:\/\/www.biolabeco.com.br\/?s={search_term_string}\"},\"query-input\":{\"@type\":\"PropertyValueSpecification\",\"valueRequired\":true,\"valueName\":\"search_term_string\"}}],\"inLanguage\":\"es-ES\"},{\"@type\":\"Person\",\"@id\":\"https:\/\/www.biolabeco.com.br\/#\/schema\/person\/bb07d50e32d20028751837031a066fac\",\"name\":\"Yasmim Botelho\",\"image\":{\"@type\":\"ImageObject\",\"inLanguage\":\"es-ES\",\"@id\":\"https:\/\/www.biolabeco.com.br\/#\/schema\/person\/image\/\",\"url\":\"https:\/\/secure.gravatar.com\/avatar\/9d0fea0daa82eb99e89f9f8c0e5ab7f7?s=96&d=mm&r=g\",\"contentUrl\":\"https:\/\/secure.gravatar.com\/avatar\/9d0fea0daa82eb99e89f9f8c0e5ab7f7?s=96&d=mm&r=g\",\"caption\":\"Yasmim Botelho\"},\"url\":\"https:\/\/www.biolabeco.com.br\/es\/author\/yalves\/\"}]}<\/script>\n<!-- \/ Yoast SEO Premium plugin. -->","yoast_head_json":{"title":"\u00bfCu\u00e1l es la relaci\u00f3n entre la presi\u00f3n arterial y el deterioro cognitivo? - Biolab &amp; Co","robots":{"index":"index","follow":"follow","max-snippet":"max-snippet:-1","max-image-preview":"max-image-preview:large","max-video-preview":"max-video-preview:-1"},"canonical":"https:\/\/www.biolabeco.com.br\/es\/blog\/prevencion-e-inmunidad\/cual-es-la-relacion-entre-la-presion-arterial-y-el-deterioro-cognitivo\/","og_locale":"es_ES","og_type":"article","og_title":"Qual \u00e9 a rela\u00e7\u00e3o entre a press\u00e3o arterial e o decl\u00ednio cognitivo?","og_description":"A hipertens\u00e3o arterial \u00e9 uma das condi\u00e7\u00f5es cr\u00f4nicas mais comuns entre os brasileiros. Mas o que muita gente ainda n\u00e3o sabe \u00e9 que a press\u00e3o arterial descontrolada n\u00e3o afeta apenas o sistema cardiovascular. Estudos recentes mostram uma rela\u00e7\u00e3o importante entre a hipertens\u00e3o e o decl\u00ednio cognitivo, inclusive formas mais graves, como a dem\u00eancia. De acordo [&hellip;]","og_url":"https:\/\/www.biolabeco.com.br\/es\/blog\/prevencion-e-inmunidad\/cual-es-la-relacion-entre-la-presion-arterial-y-el-deterioro-cognitivo\/","og_site_name":"Biolab &amp; Co","article_published_time":"2025-07-21T12:53:01+00:00","article_modified_time":"2025-12-09T17:53:40+00:00","og_image":[{"width":1254,"height":486,"url":"https:\/\/www.biolabeco.com.br\/wp-content\/uploads\/2025\/07\/iStock-1491274818-2-e1753796989193.jpg.webp","type":"image\/webp"}],"author":"Yasmim Botelho","twitter_card":"summary_large_image","twitter_misc":{"Written by":"Yasmim Botelho","Est. reading time":"2 minutes"},"schema":{"@context":"https:\/\/schema.org","@graph":[{"@type":"WebPage","@id":"https:\/\/www.biolabeco.com.br\/blog\/prevencao-e-imunidade\/qual-e-a-relacao-entre-a-pressao-arterial-e-o-declinio-cognitivo\/","url":"https:\/\/www.biolabeco.com.br\/blog\/prevencao-e-imunidade\/qual-e-a-relacao-entre-a-pressao-arterial-e-o-declinio-cognitivo\/","name":"\u00bfCu\u00e1l es la relaci\u00f3n entre la presi\u00f3n arterial y el deterioro cognitivo? - Biolab &amp; Co","isPartOf":{"@id":"https:\/\/www.biolabeco.com.br\/#website"},"primaryImageOfPage":{"@id":"https:\/\/www.biolabeco.com.br\/blog\/prevencao-e-imunidade\/qual-e-a-relacao-entre-a-pressao-arterial-e-o-declinio-cognitivo\/#primaryimage"},"image":{"@id":"https:\/\/www.biolabeco.com.br\/blog\/prevencao-e-imunidade\/qual-e-a-relacao-entre-a-pressao-arterial-e-o-declinio-cognitivo\/#primaryimage"},"thumbnailUrl":"https:\/\/www.biolabeco.com.br\/wp-content\/uploads\/2025\/07\/iStock-1491274818-2-e1753796989193.jpg.webp","datePublished":"2025-07-21T12:53:01+00:00","dateModified":"2025-12-09T17:53:40+00:00","author":{"@id":"https:\/\/www.biolabeco.com.br\/#\/schema\/person\/bb07d50e32d20028751837031a066fac"},"breadcrumb":{"@id":"https:\/\/www.biolabeco.com.br\/blog\/prevencao-e-imunidade\/qual-e-a-relacao-entre-a-pressao-arterial-e-o-declinio-cognitivo\/#breadcrumb"},"inLanguage":"es-ES","potentialAction":[{"@type":"ReadAction","target":["https:\/\/www.biolabeco.com.br\/blog\/prevencao-e-imunidade\/qual-e-a-relacao-entre-a-pressao-arterial-e-o-declinio-cognitivo\/"]}]},{"@type":"ImageObject","inLanguage":"es-ES","@id":"https:\/\/www.biolabeco.com.br\/blog\/prevencao-e-imunidade\/qual-e-a-relacao-entre-a-pressao-arterial-e-o-declinio-cognitivo\/#primaryimage","url":"https:\/\/www.biolabeco.com.br\/wp-content\/uploads\/2025\/07\/iStock-1491274818-2-e1753796989193.jpg.webp","contentUrl":"https:\/\/www.biolabeco.com.br\/wp-content\/uploads\/2025\/07\/iStock-1491274818-2-e1753796989193.jpg.webp","width":1254,"height":486},{"@type":"BreadcrumbList","@id":"https:\/\/www.biolabeco.com.br\/blog\/prevencao-e-imunidade\/qual-e-a-relacao-entre-a-pressao-arterial-e-o-declinio-cognitivo\/#breadcrumb","itemListElement":[{"@type":"ListItem","position":1,"name":"Home","item":"https:\/\/www.biolabeco.com.br\/"},{"@type":"ListItem","position":2,"name":"Qual \u00e9 a rela\u00e7\u00e3o entre a press\u00e3o arterial e o decl\u00ednio cognitivo?"}]},{"@type":"WebSite","@id":"https:\/\/www.biolabeco.com.br\/#website","url":"https:\/\/www.biolabeco.com.br\/","name":"biolaboratorio","description":"En Biolab &amp; Co, la ciencia y el cuidado van de la mano. Descubra c\u00f3mo promovemos la salud con responsabilidad socioambiental y tecnolog\u00eda.","potentialAction":[{"@type":"SearchAction","target":{"@type":"EntryPoint","urlTemplate":"https:\/\/www.biolabeco.com.br\/?s={search_term_string}"},"query-input":{"@type":"PropertyValueSpecification","valueRequired":true,"valueName":"search_term_string"}}],"inLanguage":"es-ES"},{"@type":"Person","@id":"https:\/\/www.biolabeco.com.br\/#\/schema\/person\/bb07d50e32d20028751837031a066fac","name":"Yasmim Botelho","image":{"@type":"ImageObject","inLanguage":"es-ES","@id":"https:\/\/www.biolabeco.com.br\/#\/schema\/person\/image\/","url":"https:\/\/secure.gravatar.com\/avatar\/9d0fea0daa82eb99e89f9f8c0e5ab7f7?s=96&d=mm&r=g","contentUrl":"https:\/\/secure.gravatar.com\/avatar\/9d0fea0daa82eb99e89f9f8c0e5ab7f7?s=96&d=mm&r=g","caption":"Yasmim Botelho"},"url":"https:\/\/www.biolabeco.com.br\/es\/author\/yalves\/"}]}},"_links":{"self":[{"href":"https:\/\/www.biolabeco.com.br\/es\/wp-json\/wp\/v2\/posts\/733"}],"collection":[{"href":"https:\/\/www.biolabeco.com.br\/es\/wp-json\/wp\/v2\/posts"}],"about":[{"href":"https:\/\/www.biolabeco.com.br\/es\/wp-json\/wp\/v2\/types\/post"}],"author":[{"embeddable":true,"href":"https:\/\/www.biolabeco.com.br\/es\/wp-json\/wp\/v2\/users\/7"}],"replies":[{"embeddable":true,"href":"https:\/\/www.biolabeco.com.br\/es\/wp-json\/wp\/v2\/comments?post=733"}],"version-history":[{"count":1,"href":"https:\/\/www.biolabeco.com.br\/es\/wp-json\/wp\/v2\/posts\/733\/revisions"}],"predecessor-version":[{"id":15000,"href":"https:\/\/www.biolabeco.com.br\/es\/wp-json\/wp\/v2\/posts\/733\/revisions\/15000"}],"wp:featuredmedia":[{"embeddable":true,"href":"https:\/\/www.biolabeco.com.br\/es\/wp-json\/wp\/v2\/media\/14999"}],"wp:attachment":[{"href":"https:\/\/www.biolabeco.com.br\/es\/wp-json\/wp\/v2\/media?parent=733"}],"wp:term":[{"taxonomy":"category","embeddable":true,"href":"https:\/\/www.biolabeco.com.br\/es\/wp-json\/wp\/v2\/categories?post=733"},{"taxonomy":"post_tag","embeddable":true,"href":"https:\/\/www.biolabeco.com.br\/es\/wp-json\/wp\/v2\/tags?post=733"}],"curies":[{"name":"wp","href":"https:\/\/api.w.org\/{rel}","templated":true}]}}