{"id":739,"date":"2025-07-29T10:15:05","date_gmt":"2025-07-29T13:15:05","guid":{"rendered":"https:\/\/www.biolabemcasa.com.br\/?p=739"},"modified":"2025-12-09T14:54:11","modified_gmt":"2025-12-09T17:54:11","slug":"como-influyen-las-emociones-en-la-salud-de-la-piel","status":"publish","type":"post","link":"https:\/\/www.biolabeco.com.br\/es\/blog\/pele-e-cuidados\/como-as-emocoes-impactam-a-saude-da-pele\/","title":{"rendered":"\u00bfC\u00f3mo afectan las emociones a la salud de la piel?"},"content":{"rendered":"<p><span style=\"font-weight: 400;\">\u00bfHa tenido alguna vez la sensaci\u00f3n de que su piel \"reacciona\" a sus sentimientos? Un momento de tensi\u00f3n que acaba en un brote de acn\u00e9, una fase de ansiedad que coincide con el empeoramiento de la psoriasis, o un picor insistente en d\u00edas emocionalmente dif\u00edciles. No es s\u00f3lo una impresi\u00f3n: existe una conexi\u00f3n directa entre lo que sentimos y lo que expresa nuestra piel.<\/span><\/p>\n<p><span style=\"font-weight: 400;\">La ciencia ha demostrado que las emociones intensas -especialmente las negativas, como el estr\u00e9s, la tristeza o el miedo- pueden actuar como desencadenantes de la aparici\u00f3n, reaparici\u00f3n o empeoramiento de diversas enfermedades dermatol\u00f3gicas. Pero, \u00bfc\u00f3mo ocurre esto exactamente?<\/span><\/p>\n<h2><b>La piel es un reflejo de la mente<\/b><\/h2>\n<p><span style=\"font-weight: 400;\">La piel no s\u00f3lo es el \u00f3rgano m\u00e1s grande del cuerpo humano, sino tambi\u00e9n una interfaz directa entre el mundo exterior y nuestro universo interior. En situaciones de estr\u00e9s, por ejemplo, el organismo entra en estado de alerta y libera sustancias como el cortisol. En exceso, esta hormona, esencial para adaptarse al estr\u00e9s, puede desequilibrar el sistema inmunitario y afectar a la barrera cut\u00e1nea, haci\u00e9ndola m\u00e1s sensible y reactiva.<\/span><\/p>\n<p><span style=\"font-weight: 400;\">Seg\u00fan un estudio publicado en la revista <\/span><i><span style=\"font-weight: 400;\">Revista Brasile\u00f1a de Implantolog\u00eda y Ciencias de la Salud<\/span><\/i><span style=\"font-weight: 400;\">El estr\u00e9s psicol\u00f3gico cr\u00f3nico compromete la funci\u00f3n de defensa de la piel y provoca cambios que la favorecen:<\/span><\/p>\n<ul>\n<li style=\"font-weight: 400;\" aria-level=\"1\"><span style=\"font-weight: 400;\">la aparici\u00f3n de la inflamaci\u00f3n;<\/span><\/li>\n<li style=\"font-weight: 400;\" aria-level=\"1\"><span style=\"font-weight: 400;\">aumento de la grasa cut\u00e1nea y acn\u00e9;<\/span><\/li>\n<li style=\"font-weight: 400;\" aria-level=\"1\"><span style=\"font-weight: 400;\">la aparici\u00f3n de picores y reacciones al\u00e9rgicas;<\/span><\/li>\n<li style=\"font-weight: 400;\" aria-level=\"1\"><span style=\"font-weight: 400;\">empeoramiento de enfermedades cr\u00f3nicas como la psoriasis, la dermatitis at\u00f3pica y la ros\u00e1cea.<\/span><\/li>\n<\/ul>\n<h2><b>Las emociones pueden desencadenar enfermedades cut\u00e1neas<\/b><\/h2>\n<p><span style=\"font-weight: 400;\">Varias enfermedades dermatol\u00f3gicas est\u00e1n directamente relacionadas con el estado emocional de los pacientes. Entre las m\u00e1s afectadas por factores psicol\u00f3gicos se encuentran las siguientes:<\/span><\/p>\n<ul>\n<li style=\"font-weight: 400;\" aria-level=\"1\"><b>psoriasis:<\/b><span style=\"font-weight: 400;\"> La psoriasis, considerada una enfermedad inflamatoria autoinmune, tiende a empeorar en \u00e9pocas de mayor estr\u00e9s y ansiedad. El propio ciclo de malestar con el propio aspecto puede reforzar el estado emocional y generar un c\u00edrculo vicioso;<\/span><\/li>\n<li style=\"font-weight: 400;\" aria-level=\"1\"><b>dermatitis at\u00f3pica:<\/b><span style=\"font-weight: 400;\"> Las convulsiones suelen desencadenarse por episodios de estr\u00e9s emocional;<\/span><\/li>\n<li style=\"font-weight: 400;\" aria-level=\"1\"><b>urticaria emocional:<\/b><span style=\"font-weight: 400;\"> sin un origen al\u00e9rgico aparente, est\u00e1 fuertemente relacionado con estados de angustia, miedo o estr\u00e9s;<\/span><\/li>\n<li style=\"font-weight: 400;\" aria-level=\"1\"><b>acn\u00e9:<\/b><span style=\"font-weight: 400;\"> Los cambios hormonales provocados por el estr\u00e9s aumentan la producci\u00f3n de sebo y favorecen la inflamaci\u00f3n de las gl\u00e1ndulas seb\u00e1ceas.<\/span><\/li>\n<\/ul>\n<p><span style=\"font-weight: 400;\">Estos datos refuerzan lo que se\u00f1ala la literatura cient\u00edfica: la piel no enferma por s\u00ed sola. Existe una v\u00eda de comunicaci\u00f3n directa entre el cerebro, el sistema inmunitario, las hormonas y la piel: el llamado eje psiconeuroinmunoendocrino.<\/span><\/p>\n<p>&nbsp;<\/p>\n<h2><b>\u00bfC\u00f3mo puede proteger su piel del impacto emocional?<\/b><\/h2>\n<p><span style=\"font-weight: 400;\">Cuidar tu salud emocional es un gesto de autocuidado que tambi\u00e9n se refleja en tu piel. Algunas actitudes pueden ayudar:<\/span><\/p>\n<ul>\n<li style=\"font-weight: 400;\" aria-level=\"1\"><b>respeta tus l\u00edmites:<\/b><span style=\"font-weight: 400;\"> Las pausas y los momentos de descanso reducen el impacto del estr\u00e9s en el organismo;<\/span><\/li>\n<li style=\"font-weight: 400;\" aria-level=\"1\"><b>adoptar una rutina de autocuidado:<\/b><span style=\"font-weight: 400;\"> La limpieza suave, la hidrataci\u00f3n y la fotoprotecci\u00f3n diaria ayudan a mantener la piel equilibrada;<\/span><\/li>\n<li style=\"font-weight: 400;\" aria-level=\"1\"><b>invertir en salud mental:<\/b><span style=\"font-weight: 400;\"> La psicoterapia, la atenci\u00f3n plena y la meditaci\u00f3n son herramientas valiosas para controlar el estr\u00e9s;<\/span><\/li>\n<li style=\"font-weight: 400;\" aria-level=\"1\"><b>buscar un enfoque integrado:<\/b><span style=\"font-weight: 400;\"> dermat\u00f3logos y psic\u00f3logos pueden trabajar juntos para obtener resultados m\u00e1s eficaces y duraderos.<\/span><\/li>\n<\/ul>\n<p><span style=\"font-weight: 400;\">Reconocer la influencia de las emociones en la salud de la piel es un paso fundamental hacia una rutina de cuidado de la piel m\u00e1s consciente y eficaz. Biolab est\u00e1 a tu lado en este proceso, con un <a href=\"https:\/\/www.biolabemcasa.com.br\/categorias\/pele-cabelos-unhas\/pele-cabelos-unhas-cuidados-com-a-pele\" target=\"_blank\" rel=\"noopener\">cartera<\/a> que a\u00fana innovaci\u00f3n en dermatolog\u00eda y soluciones para equilibrar el sistema nervioso central con el fin de promover el bienestar desde el interior.<\/p>\n<p><\/span><\/p>\n<p><em>Fuente:<br \/>\n<\/em><br \/>\n<em><a href=\"https:\/\/bjihs.emnuvens.com.br\/bjihs\/article\/download\/4375\/4387\/9574\"><span style=\"font-weight: 400;\">https:\/\/bjihs.emnuvens.com.br\/bjihs\/article\/download\/4375\/4387\/9574<\/span><\/a><\/em><\/p>\n<p><em><a href=\"https:\/\/www.researchgate.net\/publication\/334753314_Influencia_de_fatores_emocionais_nas_doencas_cronicas_de_pele_O_estresse_como_gatilho_para_o_desenvolvimento_reincidencia_ou_agravamento_da_psoriase_Influence_of_emotional_factors_on_chronic_skin_dise\"><span style=\"font-weight: 400;\">https:\/\/www.researchgate.net\/publication\/334753314_Influencia_de_fatores_emocionais_nas_doencas_cronicas_de_pele_O_estresse_como_gatilho_para_o_desenvolvimento_reincidencia_ou_agravamento_da_psoriase_Influence_of_emotional_factors_on_chronic_skin_dise<\/span><\/a><\/em><\/p>\n<p><span style=\"font-weight: 400;\">\u00a0<\/span><\/p>","protected":false},"excerpt":{"rendered":"<p>Voc\u00ea j\u00e1 teve a sensa\u00e7\u00e3o de que sua pele \u201creage\u201d aos seus sentimentos? Um momento de tens\u00e3o que termina em uma crise de acne, uma fase de ansiedade que coincide com o agravamento da psor\u00edase, ou uma coceira insistente em dias emocionalmente dif\u00edceis. Isso n\u00e3o \u00e9 apenas impress\u00e3o: h\u00e1 uma conex\u00e3o direta entre o que [&hellip;]<\/p>\n","protected":false},"author":7,"featured_media":15001,"comment_status":"closed","ping_status":"closed","sticky":false,"template":"","format":"standard","meta":{"_acf_changed":false,"footnotes":""},"categories":[1619,1617,1616,1626],"tags":[1655,1641,1656,1644,1639],"acf":[],"yoast_head":"<!-- This site is optimized with the Yoast SEO Premium plugin v24.4 (Yoast SEO v24.4) - https:\/\/yoast.com\/wordpress\/plugins\/seo\/ -->\n<title>Como as emo\u00e7\u00f5es impactam a sa\u00fade da pele? - Biolab &amp; Co<\/title>\n<meta name=\"robots\" content=\"index, follow, max-snippet:-1, max-image-preview:large, max-video-preview:-1\" \/>\n<link rel=\"canonical\" href=\"https:\/\/www.biolabeco.com.br\/es\/blog\/piel-y-cuidado\/como-influyen-las-emociones-en-la-salud-de-la-piel\/\" \/>\n<meta property=\"og:locale\" content=\"es_ES\" \/>\n<meta property=\"og:type\" content=\"article\" \/>\n<meta property=\"og:title\" content=\"Como as emo\u00e7\u00f5es impactam a sa\u00fade da pele?\" \/>\n<meta property=\"og:description\" content=\"Voc\u00ea j\u00e1 teve a sensa\u00e7\u00e3o de que sua pele \u201creage\u201d aos seus sentimentos? Um momento de tens\u00e3o que termina em uma crise de acne, uma fase de ansiedade que coincide com o agravamento da psor\u00edase, ou uma coceira insistente em dias emocionalmente dif\u00edceis. Isso n\u00e3o \u00e9 apenas impress\u00e3o: h\u00e1 uma conex\u00e3o direta entre o que [&hellip;]\" \/>\n<meta property=\"og:url\" content=\"https:\/\/www.biolabeco.com.br\/es\/blog\/piel-y-cuidado\/como-influyen-las-emociones-en-la-salud-de-la-piel\/\" \/>\n<meta property=\"og:site_name\" content=\"Biolab &amp; Co\" \/>\n<meta property=\"article:published_time\" content=\"2025-07-29T13:15:05+00:00\" \/>\n<meta property=\"article:modified_time\" content=\"2025-12-09T17:54:11+00:00\" \/>\n<meta property=\"og:image\" content=\"https:\/\/www.biolabeco.com.br\/wp-content\/uploads\/2025\/07\/u5129929135_A_fully_cloathed_woman_closely_examining_her_refl_a10c6994-a336-4ffa-b08b-b673ac7e9438_1-e1753796315469.png.webp\" \/>\n\t<meta property=\"og:image:width\" content=\"895\" \/>\n\t<meta property=\"og:image:height\" content=\"327\" \/>\n\t<meta property=\"og:image:type\" content=\"image\/webp\" \/>\n<meta name=\"author\" content=\"Yasmim Botelho\" \/>\n<meta name=\"twitter:card\" content=\"summary_large_image\" \/>\n<meta name=\"twitter:label1\" content=\"Written by\" \/>\n\t<meta name=\"twitter:data1\" content=\"Yasmim Botelho\" \/>\n\t<meta name=\"twitter:label2\" content=\"Est. reading time\" \/>\n\t<meta name=\"twitter:data2\" content=\"3 minutes\" \/>\n<script type=\"application\/ld+json\" class=\"yoast-schema-graph\">{\"@context\":\"https:\/\/schema.org\",\"@graph\":[{\"@type\":\"WebPage\",\"@id\":\"https:\/\/www.biolabeco.com.br\/en\/blog\/skin-and-care\/how-emotions-impact-skin-health\/\",\"url\":\"https:\/\/www.biolabeco.com.br\/en\/blog\/skin-and-care\/how-emotions-impact-skin-health\/\",\"name\":\"Como as emo\u00e7\u00f5es impactam a sa\u00fade da pele? - Biolab &amp; Co\",\"isPartOf\":{\"@id\":\"https:\/\/www.biolabeco.com.br\/#website\"},\"primaryImageOfPage\":{\"@id\":\"https:\/\/www.biolabeco.com.br\/en\/blog\/skin-and-care\/how-emotions-impact-skin-health\/#primaryimage\"},\"image\":{\"@id\":\"https:\/\/www.biolabeco.com.br\/en\/blog\/skin-and-care\/how-emotions-impact-skin-health\/#primaryimage\"},\"thumbnailUrl\":\"https:\/\/www.biolabeco.com.br\/wp-content\/uploads\/2025\/07\/u5129929135_A_fully_cloathed_woman_closely_examining_her_refl_a10c6994-a336-4ffa-b08b-b673ac7e9438_1-e1753796315469.png.webp\",\"datePublished\":\"2025-07-29T13:15:05+00:00\",\"dateModified\":\"2025-12-09T17:54:11+00:00\",\"author\":{\"@id\":\"https:\/\/www.biolabeco.com.br\/#\/schema\/person\/bb07d50e32d20028751837031a066fac\"},\"breadcrumb\":{\"@id\":\"https:\/\/www.biolabeco.com.br\/en\/blog\/skin-and-care\/how-emotions-impact-skin-health\/#breadcrumb\"},\"inLanguage\":\"es-ES\",\"potentialAction\":[{\"@type\":\"ReadAction\",\"target\":[\"https:\/\/www.biolabeco.com.br\/en\/blog\/skin-and-care\/how-emotions-impact-skin-health\/\"]}]},{\"@type\":\"ImageObject\",\"inLanguage\":\"es-ES\",\"@id\":\"https:\/\/www.biolabeco.com.br\/en\/blog\/skin-and-care\/how-emotions-impact-skin-health\/#primaryimage\",\"url\":\"https:\/\/www.biolabeco.com.br\/wp-content\/uploads\/2025\/07\/u5129929135_A_fully_cloathed_woman_closely_examining_her_refl_a10c6994-a336-4ffa-b08b-b673ac7e9438_1-e1753796315469.png.webp\",\"contentUrl\":\"https:\/\/www.biolabeco.com.br\/wp-content\/uploads\/2025\/07\/u5129929135_A_fully_cloathed_woman_closely_examining_her_refl_a10c6994-a336-4ffa-b08b-b673ac7e9438_1-e1753796315469.png.webp\",\"width\":895,\"height\":327},{\"@type\":\"BreadcrumbList\",\"@id\":\"https:\/\/www.biolabeco.com.br\/en\/blog\/skin-and-care\/how-emotions-impact-skin-health\/#breadcrumb\",\"itemListElement\":[{\"@type\":\"ListItem\",\"position\":1,\"name\":\"Home\",\"item\":\"https:\/\/www.biolabeco.com.br\/\"},{\"@type\":\"ListItem\",\"position\":2,\"name\":\"Como as emo\u00e7\u00f5es impactam a sa\u00fade da pele?\"}]},{\"@type\":\"WebSite\",\"@id\":\"https:\/\/www.biolabeco.com.br\/#website\",\"url\":\"https:\/\/www.biolabeco.com.br\/\",\"name\":\"Biolab\",\"description\":\"Na Biolab &amp; Co, ci\u00eancia e cuidado caminham juntos. Saiba como promovemos sa\u00fade com responsabilidade socioambiental e tecnologia.\",\"potentialAction\":[{\"@type\":\"SearchAction\",\"target\":{\"@type\":\"EntryPoint\",\"urlTemplate\":\"https:\/\/www.biolabeco.com.br\/?s={search_term_string}\"},\"query-input\":{\"@type\":\"PropertyValueSpecification\",\"valueRequired\":true,\"valueName\":\"search_term_string\"}}],\"inLanguage\":\"es-ES\"},{\"@type\":\"Person\",\"@id\":\"https:\/\/www.biolabeco.com.br\/#\/schema\/person\/bb07d50e32d20028751837031a066fac\",\"name\":\"Yasmim Botelho\",\"image\":{\"@type\":\"ImageObject\",\"inLanguage\":\"es-ES\",\"@id\":\"https:\/\/www.biolabeco.com.br\/#\/schema\/person\/image\/\",\"url\":\"https:\/\/secure.gravatar.com\/avatar\/9d0fea0daa82eb99e89f9f8c0e5ab7f7?s=96&d=mm&r=g\",\"contentUrl\":\"https:\/\/secure.gravatar.com\/avatar\/9d0fea0daa82eb99e89f9f8c0e5ab7f7?s=96&d=mm&r=g\",\"caption\":\"Yasmim Botelho\"},\"url\":\"https:\/\/www.biolabeco.com.br\/es\/author\/yalves\/\"}]}<\/script>\n<!-- \/ Yoast SEO Premium plugin. -->","yoast_head_json":{"title":"\u00bfC\u00f3mo afectan las emociones a la salud de la piel? - Biolab &amp; Co","robots":{"index":"index","follow":"follow","max-snippet":"max-snippet:-1","max-image-preview":"max-image-preview:large","max-video-preview":"max-video-preview:-1"},"canonical":"https:\/\/www.biolabeco.com.br\/es\/blog\/piel-y-cuidado\/como-influyen-las-emociones-en-la-salud-de-la-piel\/","og_locale":"es_ES","og_type":"article","og_title":"Como as emo\u00e7\u00f5es impactam a sa\u00fade da pele?","og_description":"Voc\u00ea j\u00e1 teve a sensa\u00e7\u00e3o de que sua pele \u201creage\u201d aos seus sentimentos? Um momento de tens\u00e3o que termina em uma crise de acne, uma fase de ansiedade que coincide com o agravamento da psor\u00edase, ou uma coceira insistente em dias emocionalmente dif\u00edceis. Isso n\u00e3o \u00e9 apenas impress\u00e3o: h\u00e1 uma conex\u00e3o direta entre o que [&hellip;]","og_url":"https:\/\/www.biolabeco.com.br\/es\/blog\/piel-y-cuidado\/como-influyen-las-emociones-en-la-salud-de-la-piel\/","og_site_name":"Biolab &amp; Co","article_published_time":"2025-07-29T13:15:05+00:00","article_modified_time":"2025-12-09T17:54:11+00:00","og_image":[{"width":895,"height":327,"url":"https:\/\/www.biolabeco.com.br\/wp-content\/uploads\/2025\/07\/u5129929135_A_fully_cloathed_woman_closely_examining_her_refl_a10c6994-a336-4ffa-b08b-b673ac7e9438_1-e1753796315469.png.webp","type":"image\/webp"}],"author":"Yasmim Botelho","twitter_card":"summary_large_image","twitter_misc":{"Written by":"Yasmim Botelho","Est. reading time":"3 minutes"},"schema":{"@context":"https:\/\/schema.org","@graph":[{"@type":"WebPage","@id":"https:\/\/www.biolabeco.com.br\/en\/blog\/skin-and-care\/how-emotions-impact-skin-health\/","url":"https:\/\/www.biolabeco.com.br\/en\/blog\/skin-and-care\/how-emotions-impact-skin-health\/","name":"\u00bfC\u00f3mo afectan las emociones a la salud de la piel? - Biolab &amp; Co","isPartOf":{"@id":"https:\/\/www.biolabeco.com.br\/#website"},"primaryImageOfPage":{"@id":"https:\/\/www.biolabeco.com.br\/en\/blog\/skin-and-care\/how-emotions-impact-skin-health\/#primaryimage"},"image":{"@id":"https:\/\/www.biolabeco.com.br\/en\/blog\/skin-and-care\/how-emotions-impact-skin-health\/#primaryimage"},"thumbnailUrl":"https:\/\/www.biolabeco.com.br\/wp-content\/uploads\/2025\/07\/u5129929135_A_fully_cloathed_woman_closely_examining_her_refl_a10c6994-a336-4ffa-b08b-b673ac7e9438_1-e1753796315469.png.webp","datePublished":"2025-07-29T13:15:05+00:00","dateModified":"2025-12-09T17:54:11+00:00","author":{"@id":"https:\/\/www.biolabeco.com.br\/#\/schema\/person\/bb07d50e32d20028751837031a066fac"},"breadcrumb":{"@id":"https:\/\/www.biolabeco.com.br\/en\/blog\/skin-and-care\/how-emotions-impact-skin-health\/#breadcrumb"},"inLanguage":"es-ES","potentialAction":[{"@type":"ReadAction","target":["https:\/\/www.biolabeco.com.br\/en\/blog\/skin-and-care\/how-emotions-impact-skin-health\/"]}]},{"@type":"ImageObject","inLanguage":"es-ES","@id":"https:\/\/www.biolabeco.com.br\/en\/blog\/skin-and-care\/how-emotions-impact-skin-health\/#primaryimage","url":"https:\/\/www.biolabeco.com.br\/wp-content\/uploads\/2025\/07\/u5129929135_A_fully_cloathed_woman_closely_examining_her_refl_a10c6994-a336-4ffa-b08b-b673ac7e9438_1-e1753796315469.png.webp","contentUrl":"https:\/\/www.biolabeco.com.br\/wp-content\/uploads\/2025\/07\/u5129929135_A_fully_cloathed_woman_closely_examining_her_refl_a10c6994-a336-4ffa-b08b-b673ac7e9438_1-e1753796315469.png.webp","width":895,"height":327},{"@type":"BreadcrumbList","@id":"https:\/\/www.biolabeco.com.br\/en\/blog\/skin-and-care\/how-emotions-impact-skin-health\/#breadcrumb","itemListElement":[{"@type":"ListItem","position":1,"name":"Home","item":"https:\/\/www.biolabeco.com.br\/"},{"@type":"ListItem","position":2,"name":"Como as emo\u00e7\u00f5es impactam a sa\u00fade da pele?"}]},{"@type":"WebSite","@id":"https:\/\/www.biolabeco.com.br\/#website","url":"https:\/\/www.biolabeco.com.br\/","name":"biolaboratorio","description":"En Biolab &amp; Co, la ciencia y el cuidado van de la mano. Descubra c\u00f3mo promovemos la salud con responsabilidad socioambiental y tecnolog\u00eda.","potentialAction":[{"@type":"SearchAction","target":{"@type":"EntryPoint","urlTemplate":"https:\/\/www.biolabeco.com.br\/?s={search_term_string}"},"query-input":{"@type":"PropertyValueSpecification","valueRequired":true,"valueName":"search_term_string"}}],"inLanguage":"es-ES"},{"@type":"Person","@id":"https:\/\/www.biolabeco.com.br\/#\/schema\/person\/bb07d50e32d20028751837031a066fac","name":"Yasmim Botelho","image":{"@type":"ImageObject","inLanguage":"es-ES","@id":"https:\/\/www.biolabeco.com.br\/#\/schema\/person\/image\/","url":"https:\/\/secure.gravatar.com\/avatar\/9d0fea0daa82eb99e89f9f8c0e5ab7f7?s=96&d=mm&r=g","contentUrl":"https:\/\/secure.gravatar.com\/avatar\/9d0fea0daa82eb99e89f9f8c0e5ab7f7?s=96&d=mm&r=g","caption":"Yasmim Botelho"},"url":"https:\/\/www.biolabeco.com.br\/es\/author\/yalves\/"}]}},"_links":{"self":[{"href":"https:\/\/www.biolabeco.com.br\/es\/wp-json\/wp\/v2\/posts\/739"}],"collection":[{"href":"https:\/\/www.biolabeco.com.br\/es\/wp-json\/wp\/v2\/posts"}],"about":[{"href":"https:\/\/www.biolabeco.com.br\/es\/wp-json\/wp\/v2\/types\/post"}],"author":[{"embeddable":true,"href":"https:\/\/www.biolabeco.com.br\/es\/wp-json\/wp\/v2\/users\/7"}],"replies":[{"embeddable":true,"href":"https:\/\/www.biolabeco.com.br\/es\/wp-json\/wp\/v2\/comments?post=739"}],"version-history":[{"count":1,"href":"https:\/\/www.biolabeco.com.br\/es\/wp-json\/wp\/v2\/posts\/739\/revisions"}],"predecessor-version":[{"id":15002,"href":"https:\/\/www.biolabeco.com.br\/es\/wp-json\/wp\/v2\/posts\/739\/revisions\/15002"}],"wp:featuredmedia":[{"embeddable":true,"href":"https:\/\/www.biolabeco.com.br\/es\/wp-json\/wp\/v2\/media\/15001"}],"wp:attachment":[{"href":"https:\/\/www.biolabeco.com.br\/es\/wp-json\/wp\/v2\/media?parent=739"}],"wp:term":[{"taxonomy":"category","embeddable":true,"href":"https:\/\/www.biolabeco.com.br\/es\/wp-json\/wp\/v2\/categories?post=739"},{"taxonomy":"post_tag","embeddable":true,"href":"https:\/\/www.biolabeco.com.br\/es\/wp-json\/wp\/v2\/tags?post=739"}],"curies":[{"name":"wp","href":"https:\/\/api.w.org\/{rel}","templated":true}]}}