{"id":751,"date":"2025-08-11T14:46:39","date_gmt":"2025-08-11T17:46:39","guid":{"rendered":"https:\/\/www.biolabemcasa.com.br\/?p=751"},"modified":"2025-12-09T14:54:42","modified_gmt":"2025-12-09T17:54:42","slug":"movilidad-y-salud-el-papel-del-movimiento-en-la-calidad-de-vida","status":"publish","type":"post","link":"https:\/\/www.biolabeco.com.br\/es\/blog\/mobilidade-e-atividade-fisica\/mobilidade-e-saude-o-papel-do-movimento-na-qualidade-de-vida\/","title":{"rendered":"La movilidad es salud: el papel del movimiento en la calidad de vida"},"content":{"rendered":"<p><em>Comprenda por qu\u00e9 la movilidad debe considerarse un marcador esencial de la salud preventiva y c\u00f3mo influye directamente en la autonom\u00eda, la inmunidad y la longevidad del organismo.<\/em><\/p>\n<p>\u00bfHa pensado alguna vez que la forma en que se mueve hoy podr\u00eda decirle mucho sobre su salud dentro de unos a\u00f1os? Puede parecer una exageraci\u00f3n, pero no lo es: la movilidad es uno de los pilares de la salud preventiva, es decir, lo que hacemos para evitar la enfermedad y vivir con m\u00e1s autonom\u00eda y bienestar.<\/p>\n<p>Pero, \u00bfqu\u00e9 es la movilidad?<br \/>\nM\u00e1s que caminar, correr o hacer ejercicio, la movilidad significa poder levantarse de la cama sin esfuerzo, subir escaleras sin miedo, salir a pasear, bailar, jugar con los nietos, cuidar de la casa... en definitiva, hacer lo que le gusta con libertad. Y precisamente por eso es tan valiosa.<\/p>\n<p><strong>\u00a0<\/strong><strong>Mover el cuerpo es bueno para la salud, y la ciencia lo demuestra<\/strong><\/p>\n<p><strong>\u00a0<\/strong>Un estudio realizado en el Reino Unido sigui\u00f3 a personas mayores de 65 a\u00f1os que participaron en clases de ejercicio en grupo. Los resultados fueron alentadores: incluso despu\u00e9s de terminar las clases, los participantes segu\u00edan teniendo buena movilidad y menos necesidad de atenci\u00f3n m\u00e9dica. Declararon sentirse m\u00e1s activos, seguros e independientes. En otras palabras: mantener el cuerpo en movimiento, incluso mediante actividades ligeras, ayuda a conservar la autonom\u00eda con el paso del tiempo.<\/p>\n<h3><strong>La movilidad no es s\u00f3lo cosa de mayores<\/strong><\/h3>\n<p>Algunas personas piensan que s\u00f3lo tendremos que cuidar nuestra movilidad en el futuro, cuando empiecen a aparecer los signos de la edad. Pero lo cierto es que este cuidado empieza pronto. Peque\u00f1as actitudes en la vida cotidiana, como estirar el cuerpo, mantenerse activo y prestar atenci\u00f3n a la postura, ya marcan la diferencia. Adem\u00e1s de prevenir dolores y ca\u00eddas, mover el cuerpo ayuda incluso al sistema inmunitario. Esto se debe a que la actividad f\u00edsica ayuda a regular los procesos inflamatorios del organismo, responsables de muchas enfermedades.<\/p>\n<p><strong>\u00bfPor d\u00f3nde empezar?<\/strong><\/p>\n<p>No necesitas aparatos caros ni un gimnasio concurrido. Dar una vuelta a la manzana, hacer estiramientos, bailar al ritmo de tu m\u00fasica favorita o practicar yoga en clases de v\u00eddeo en Internet, impartidas por profesores cualificados, son buenos comienzos.<\/p>\n<p>Si puede, apueste por actividades en las que participen:<\/p>\n<ul>\n<li><strong>fuerza<\/strong> - proteger los m\u00fasculos y las articulaciones;<\/li>\n<li><strong><span style=\"vertical-align: inherit;\"><span style=\"vertical-align: inherit;\">saldo<\/span><\/span><\/strong><span style=\"vertical-align: inherit;\"><span style=\"vertical-align: inherit;\"> - para prevenir las ca\u00eddas y mejorar la coordinaci\u00f3n motriz;<\/span><\/span><\/li>\n<li><strong>flexibilidad<\/strong> - mantener los movimientos del cuerpo libres y ligeros.<\/li>\n<\/ul>\n<p><span style=\"vertical-align: inherit;\"><span style=\"vertical-align: inherit;\">Adem\u00e1s, realizar estas actividades en grupo -con amigos, vecinos o familiares- hace que todo sea m\u00e1s divertido y motivador. Tambi\u00e9n se convierte en un momento de socializaci\u00f3n, que ayuda con las emociones e incluso con el estado de \u00e1nimo.<\/span><\/span><\/p>\n<h3><strong>Cuidar las articulaciones tambi\u00e9n forma parte del proceso<\/strong><\/h3>\n<p>Adem\u00e1s del ejercicio, el cuidado de la movilidad incluye otros h\u00e1bitos importantes: beber mucha agua, dormir bien, seguir una dieta equilibrada y visitar regularmente al m\u00e9dico. En algunos casos, tambi\u00e9n pueden estar indicados suplementos o medicamentos espec\u00edficos.<\/p>\n<h3><strong>Biolab cree en este movimiento<\/strong><\/h3>\n<p><span style=\"vertical-align: inherit;\"><span style=\"vertical-align: inherit;\">En Biolab, sabemos que vivir bien consiste en mantener el cuerpo en perfecto funcionamiento. Por eso, nuestra cartera ofrece soluciones que ayudan a m\u00e9dicos y pacientes a cuidar las articulaciones, los m\u00fasculos y la salud en general, en todas las etapas de la vida. Creemos en el poder de la prevenci\u00f3n y en el valor de la autonom\u00eda. Y queremos estar a su lado en este viaje.<\/span><\/span><\/p>\n<h3><strong>\u00bfLo hacemos juntos?<\/strong><\/h3>\n<p>Mover el cuerpo es algo m\u00e1s que cuidar la salud: es una forma de seguir disfrutando de la vida con todo lo mejor que puede ofrecer. Y no importa la edad que tengas: \u00a1siempre es hora de empezar!<\/p>\n<p><em>Fuente: <a href=\"https:\/\/evidence.nihr.ac.uk\/alert\/group-exercise-sessions-improve-long-term-mobility-older-people\/\"><span style=\"font-weight: 400;\">https:\/\/evidence.nihr.ac.uk\/alert\/group-exercise-sessions-improve-long-term-mobility-older-people\/<\/span><\/a><\/em><\/p>","protected":false},"excerpt":{"rendered":"<p>Entenda por que a mobilidade deve ser vista como um marcador essencial da sa\u00fade preventiva \u2014 e como ela impacta diretamente a autonomia do corpo, a imunidade e a longevidade. J\u00e1 pensou que a forma como voc\u00ea se movimenta hoje pode dizer muito sobre sua sa\u00fade daqui a alguns anos? Pode parecer exagero, mas n\u00e3o [&hellip;]<\/p>\n","protected":false},"author":7,"featured_media":15003,"comment_status":"closed","ping_status":"closed","sticky":false,"template":"","format":"standard","meta":{"_acf_changed":false,"footnotes":""},"categories":[1620,1618,1614],"tags":[1657,1658,1628,1659,1660,1661],"acf":[],"yoast_head":"<!-- This site is optimized with the Yoast SEO Premium plugin v24.4 (Yoast SEO v24.4) - https:\/\/yoast.com\/wordpress\/plugins\/seo\/ -->\n<title>Mobilidade \u00e9 sa\u00fade: o papel do movimento na qualidade de vida - Biolab &amp; Co<\/title>\n<meta name=\"robots\" content=\"index, follow, max-snippet:-1, max-image-preview:large, max-video-preview:-1\" \/>\n<link rel=\"canonical\" href=\"https:\/\/www.biolabeco.com.br\/es\/blog\/movilidad-y-actividad-fisica\/movilidad-y-salud-el-papel-del-movimiento-en-la-calidad-de-vida\/\" \/>\n<meta property=\"og:locale\" content=\"es_ES\" \/>\n<meta property=\"og:type\" content=\"article\" \/>\n<meta property=\"og:title\" content=\"Mobilidade \u00e9 sa\u00fade: o papel do movimento na qualidade de vida\" \/>\n<meta property=\"og:description\" content=\"Entenda por que a mobilidade deve ser vista como um marcador essencial da sa\u00fade preventiva \u2014 e como ela impacta diretamente a autonomia do corpo, a imunidade e a longevidade. J\u00e1 pensou que a forma como voc\u00ea se movimenta hoje pode dizer muito sobre sua sa\u00fade daqui a alguns anos? Pode parecer exagero, mas n\u00e3o [&hellip;]\" \/>\n<meta property=\"og:url\" content=\"https:\/\/www.biolabeco.com.br\/es\/blog\/movilidad-y-actividad-fisica\/movilidad-y-salud-el-papel-del-movimiento-en-la-calidad-de-vida\/\" \/>\n<meta property=\"og:site_name\" content=\"Biolab &amp; Co\" \/>\n<meta property=\"article:published_time\" content=\"2025-08-11T17:46:39+00:00\" \/>\n<meta property=\"article:modified_time\" content=\"2025-12-09T17:54:42+00:00\" \/>\n<meta property=\"og:image\" content=\"https:\/\/www.biolabeco.com.br\/wp-content\/uploads\/2025\/08\/Blog_Viver_Bem_Mulher_Correndo.jpg.webp\" \/>\n\t<meta property=\"og:image:width\" content=\"1253\" \/>\n\t<meta property=\"og:image:height\" content=\"463\" \/>\n\t<meta property=\"og:image:type\" content=\"image\/webp\" \/>\n<meta name=\"author\" content=\"Yasmim Botelho\" \/>\n<meta name=\"twitter:card\" content=\"summary_large_image\" \/>\n<meta name=\"twitter:label1\" content=\"Written by\" \/>\n\t<meta name=\"twitter:data1\" content=\"Yasmim Botelho\" \/>\n\t<meta name=\"twitter:label2\" content=\"Est. reading time\" \/>\n\t<meta name=\"twitter:data2\" content=\"4 minutes\" \/>\n<script type=\"application\/ld+json\" class=\"yoast-schema-graph\">{\"@context\":\"https:\/\/schema.org\",\"@graph\":[{\"@type\":\"WebPage\",\"@id\":\"https:\/\/www.biolabeco.com.br\/blog\/mobilidade-e-atividade-fisica\/mobilidade-e-saude-o-papel-do-movimento-na-qualidade-de-vida\/\",\"url\":\"https:\/\/www.biolabeco.com.br\/blog\/mobilidade-e-atividade-fisica\/mobilidade-e-saude-o-papel-do-movimento-na-qualidade-de-vida\/\",\"name\":\"Mobilidade \u00e9 sa\u00fade: o papel do movimento na qualidade de vida - Biolab &amp; Co\",\"isPartOf\":{\"@id\":\"https:\/\/www.biolabeco.com.br\/#website\"},\"primaryImageOfPage\":{\"@id\":\"https:\/\/www.biolabeco.com.br\/blog\/mobilidade-e-atividade-fisica\/mobilidade-e-saude-o-papel-do-movimento-na-qualidade-de-vida\/#primaryimage\"},\"image\":{\"@id\":\"https:\/\/www.biolabeco.com.br\/blog\/mobilidade-e-atividade-fisica\/mobilidade-e-saude-o-papel-do-movimento-na-qualidade-de-vida\/#primaryimage\"},\"thumbnailUrl\":\"https:\/\/www.biolabeco.com.br\/wp-content\/uploads\/2025\/08\/Blog_Viver_Bem_Mulher_Correndo.jpg.webp\",\"datePublished\":\"2025-08-11T17:46:39+00:00\",\"dateModified\":\"2025-12-09T17:54:42+00:00\",\"author\":{\"@id\":\"https:\/\/www.biolabeco.com.br\/#\/schema\/person\/bb07d50e32d20028751837031a066fac\"},\"breadcrumb\":{\"@id\":\"https:\/\/www.biolabeco.com.br\/blog\/mobilidade-e-atividade-fisica\/mobilidade-e-saude-o-papel-do-movimento-na-qualidade-de-vida\/#breadcrumb\"},\"inLanguage\":\"es-ES\",\"potentialAction\":[{\"@type\":\"ReadAction\",\"target\":[\"https:\/\/www.biolabeco.com.br\/blog\/mobilidade-e-atividade-fisica\/mobilidade-e-saude-o-papel-do-movimento-na-qualidade-de-vida\/\"]}]},{\"@type\":\"ImageObject\",\"inLanguage\":\"es-ES\",\"@id\":\"https:\/\/www.biolabeco.com.br\/blog\/mobilidade-e-atividade-fisica\/mobilidade-e-saude-o-papel-do-movimento-na-qualidade-de-vida\/#primaryimage\",\"url\":\"https:\/\/www.biolabeco.com.br\/wp-content\/uploads\/2025\/08\/Blog_Viver_Bem_Mulher_Correndo.jpg.webp\",\"contentUrl\":\"https:\/\/www.biolabeco.com.br\/wp-content\/uploads\/2025\/08\/Blog_Viver_Bem_Mulher_Correndo.jpg.webp\",\"width\":1253,\"height\":463},{\"@type\":\"BreadcrumbList\",\"@id\":\"https:\/\/www.biolabeco.com.br\/blog\/mobilidade-e-atividade-fisica\/mobilidade-e-saude-o-papel-do-movimento-na-qualidade-de-vida\/#breadcrumb\",\"itemListElement\":[{\"@type\":\"ListItem\",\"position\":1,\"name\":\"Home\",\"item\":\"https:\/\/www.biolabeco.com.br\/\"},{\"@type\":\"ListItem\",\"position\":2,\"name\":\"Mobilidade \u00e9 sa\u00fade: o papel do movimento na qualidade de vida\"}]},{\"@type\":\"WebSite\",\"@id\":\"https:\/\/www.biolabeco.com.br\/#website\",\"url\":\"https:\/\/www.biolabeco.com.br\/\",\"name\":\"Biolab\",\"description\":\"Na Biolab &amp; Co, ci\u00eancia e cuidado caminham juntos. Saiba como promovemos sa\u00fade com responsabilidade socioambiental e tecnologia.\",\"potentialAction\":[{\"@type\":\"SearchAction\",\"target\":{\"@type\":\"EntryPoint\",\"urlTemplate\":\"https:\/\/www.biolabeco.com.br\/?s={search_term_string}\"},\"query-input\":{\"@type\":\"PropertyValueSpecification\",\"valueRequired\":true,\"valueName\":\"search_term_string\"}}],\"inLanguage\":\"es-ES\"},{\"@type\":\"Person\",\"@id\":\"https:\/\/www.biolabeco.com.br\/#\/schema\/person\/bb07d50e32d20028751837031a066fac\",\"name\":\"Yasmim Botelho\",\"image\":{\"@type\":\"ImageObject\",\"inLanguage\":\"es-ES\",\"@id\":\"https:\/\/www.biolabeco.com.br\/#\/schema\/person\/image\/\",\"url\":\"https:\/\/secure.gravatar.com\/avatar\/9d0fea0daa82eb99e89f9f8c0e5ab7f7?s=96&d=mm&r=g\",\"contentUrl\":\"https:\/\/secure.gravatar.com\/avatar\/9d0fea0daa82eb99e89f9f8c0e5ab7f7?s=96&d=mm&r=g\",\"caption\":\"Yasmim Botelho\"},\"url\":\"https:\/\/www.biolabeco.com.br\/es\/author\/yalves\/\"}]}<\/script>\n<!-- \/ Yoast SEO Premium plugin. -->","yoast_head_json":{"title":"La movilidad es salud: el papel del movimiento en la calidad de vida - Biolab &amp; Co","robots":{"index":"index","follow":"follow","max-snippet":"max-snippet:-1","max-image-preview":"max-image-preview:large","max-video-preview":"max-video-preview:-1"},"canonical":"https:\/\/www.biolabeco.com.br\/es\/blog\/movilidad-y-actividad-fisica\/movilidad-y-salud-el-papel-del-movimiento-en-la-calidad-de-vida\/","og_locale":"es_ES","og_type":"article","og_title":"Mobilidade \u00e9 sa\u00fade: o papel do movimento na qualidade de vida","og_description":"Entenda por que a mobilidade deve ser vista como um marcador essencial da sa\u00fade preventiva \u2014 e como ela impacta diretamente a autonomia do corpo, a imunidade e a longevidade. J\u00e1 pensou que a forma como voc\u00ea se movimenta hoje pode dizer muito sobre sua sa\u00fade daqui a alguns anos? Pode parecer exagero, mas n\u00e3o [&hellip;]","og_url":"https:\/\/www.biolabeco.com.br\/es\/blog\/movilidad-y-actividad-fisica\/movilidad-y-salud-el-papel-del-movimiento-en-la-calidad-de-vida\/","og_site_name":"Biolab &amp; Co","article_published_time":"2025-08-11T17:46:39+00:00","article_modified_time":"2025-12-09T17:54:42+00:00","og_image":[{"width":1253,"height":463,"url":"https:\/\/www.biolabeco.com.br\/wp-content\/uploads\/2025\/08\/Blog_Viver_Bem_Mulher_Correndo.jpg.webp","type":"image\/webp"}],"author":"Yasmim Botelho","twitter_card":"summary_large_image","twitter_misc":{"Written by":"Yasmim Botelho","Est. reading time":"4 minutes"},"schema":{"@context":"https:\/\/schema.org","@graph":[{"@type":"WebPage","@id":"https:\/\/www.biolabeco.com.br\/blog\/mobilidade-e-atividade-fisica\/mobilidade-e-saude-o-papel-do-movimento-na-qualidade-de-vida\/","url":"https:\/\/www.biolabeco.com.br\/blog\/mobilidade-e-atividade-fisica\/mobilidade-e-saude-o-papel-do-movimento-na-qualidade-de-vida\/","name":"La movilidad es salud: el papel del movimiento en la calidad de vida - Biolab &amp; Co","isPartOf":{"@id":"https:\/\/www.biolabeco.com.br\/#website"},"primaryImageOfPage":{"@id":"https:\/\/www.biolabeco.com.br\/blog\/mobilidade-e-atividade-fisica\/mobilidade-e-saude-o-papel-do-movimento-na-qualidade-de-vida\/#primaryimage"},"image":{"@id":"https:\/\/www.biolabeco.com.br\/blog\/mobilidade-e-atividade-fisica\/mobilidade-e-saude-o-papel-do-movimento-na-qualidade-de-vida\/#primaryimage"},"thumbnailUrl":"https:\/\/www.biolabeco.com.br\/wp-content\/uploads\/2025\/08\/Blog_Viver_Bem_Mulher_Correndo.jpg.webp","datePublished":"2025-08-11T17:46:39+00:00","dateModified":"2025-12-09T17:54:42+00:00","author":{"@id":"https:\/\/www.biolabeco.com.br\/#\/schema\/person\/bb07d50e32d20028751837031a066fac"},"breadcrumb":{"@id":"https:\/\/www.biolabeco.com.br\/blog\/mobilidade-e-atividade-fisica\/mobilidade-e-saude-o-papel-do-movimento-na-qualidade-de-vida\/#breadcrumb"},"inLanguage":"es-ES","potentialAction":[{"@type":"ReadAction","target":["https:\/\/www.biolabeco.com.br\/blog\/mobilidade-e-atividade-fisica\/mobilidade-e-saude-o-papel-do-movimento-na-qualidade-de-vida\/"]}]},{"@type":"ImageObject","inLanguage":"es-ES","@id":"https:\/\/www.biolabeco.com.br\/blog\/mobilidade-e-atividade-fisica\/mobilidade-e-saude-o-papel-do-movimento-na-qualidade-de-vida\/#primaryimage","url":"https:\/\/www.biolabeco.com.br\/wp-content\/uploads\/2025\/08\/Blog_Viver_Bem_Mulher_Correndo.jpg.webp","contentUrl":"https:\/\/www.biolabeco.com.br\/wp-content\/uploads\/2025\/08\/Blog_Viver_Bem_Mulher_Correndo.jpg.webp","width":1253,"height":463},{"@type":"BreadcrumbList","@id":"https:\/\/www.biolabeco.com.br\/blog\/mobilidade-e-atividade-fisica\/mobilidade-e-saude-o-papel-do-movimento-na-qualidade-de-vida\/#breadcrumb","itemListElement":[{"@type":"ListItem","position":1,"name":"Home","item":"https:\/\/www.biolabeco.com.br\/"},{"@type":"ListItem","position":2,"name":"Mobilidade \u00e9 sa\u00fade: o papel do movimento na qualidade de vida"}]},{"@type":"WebSite","@id":"https:\/\/www.biolabeco.com.br\/#website","url":"https:\/\/www.biolabeco.com.br\/","name":"biolaboratorio","description":"En Biolab &amp; Co, la ciencia y el cuidado van de la mano. Descubra c\u00f3mo promovemos la salud con responsabilidad socioambiental y tecnolog\u00eda.","potentialAction":[{"@type":"SearchAction","target":{"@type":"EntryPoint","urlTemplate":"https:\/\/www.biolabeco.com.br\/?s={search_term_string}"},"query-input":{"@type":"PropertyValueSpecification","valueRequired":true,"valueName":"search_term_string"}}],"inLanguage":"es-ES"},{"@type":"Person","@id":"https:\/\/www.biolabeco.com.br\/#\/schema\/person\/bb07d50e32d20028751837031a066fac","name":"Yasmim Botelho","image":{"@type":"ImageObject","inLanguage":"es-ES","@id":"https:\/\/www.biolabeco.com.br\/#\/schema\/person\/image\/","url":"https:\/\/secure.gravatar.com\/avatar\/9d0fea0daa82eb99e89f9f8c0e5ab7f7?s=96&d=mm&r=g","contentUrl":"https:\/\/secure.gravatar.com\/avatar\/9d0fea0daa82eb99e89f9f8c0e5ab7f7?s=96&d=mm&r=g","caption":"Yasmim Botelho"},"url":"https:\/\/www.biolabeco.com.br\/es\/author\/yalves\/"}]}},"_links":{"self":[{"href":"https:\/\/www.biolabeco.com.br\/es\/wp-json\/wp\/v2\/posts\/751"}],"collection":[{"href":"https:\/\/www.biolabeco.com.br\/es\/wp-json\/wp\/v2\/posts"}],"about":[{"href":"https:\/\/www.biolabeco.com.br\/es\/wp-json\/wp\/v2\/types\/post"}],"author":[{"embeddable":true,"href":"https:\/\/www.biolabeco.com.br\/es\/wp-json\/wp\/v2\/users\/7"}],"replies":[{"embeddable":true,"href":"https:\/\/www.biolabeco.com.br\/es\/wp-json\/wp\/v2\/comments?post=751"}],"version-history":[{"count":1,"href":"https:\/\/www.biolabeco.com.br\/es\/wp-json\/wp\/v2\/posts\/751\/revisions"}],"predecessor-version":[{"id":15004,"href":"https:\/\/www.biolabeco.com.br\/es\/wp-json\/wp\/v2\/posts\/751\/revisions\/15004"}],"wp:featuredmedia":[{"embeddable":true,"href":"https:\/\/www.biolabeco.com.br\/es\/wp-json\/wp\/v2\/media\/15003"}],"wp:attachment":[{"href":"https:\/\/www.biolabeco.com.br\/es\/wp-json\/wp\/v2\/media?parent=751"}],"wp:term":[{"taxonomy":"category","embeddable":true,"href":"https:\/\/www.biolabeco.com.br\/es\/wp-json\/wp\/v2\/categories?post=751"},{"taxonomy":"post_tag","embeddable":true,"href":"https:\/\/www.biolabeco.com.br\/es\/wp-json\/wp\/v2\/tags?post=751"}],"curies":[{"name":"wp","href":"https:\/\/api.w.org\/{rel}","templated":true}]}}