{"id":781,"date":"2025-09-23T09:33:55","date_gmt":"2025-09-23T12:33:55","guid":{"rendered":"https:\/\/www.biolabemcasa.com.br\/?p=781"},"modified":"2025-12-09T14:56:12","modified_gmt":"2025-12-09T17:56:12","slug":"estres-cronico-y-cerebro-por-que-frenar-marca-la-diferencia","status":"publish","type":"post","link":"https:\/\/www.biolabeco.com.br\/es\/blog\/saude-do-sono\/o-estresse-cronico-e-o-cerebro-por-que-desacelerar-faz-toda-a-diferenca\/","title":{"rendered":"Estr\u00e9s cr\u00f3nico y cerebro: \u00bfpor qu\u00e9 frenar marca la diferencia?"},"content":{"rendered":"<p>En el ajetreo de la vida cotidiana, el estr\u00e9s se ha vuelto casi inevitable y, en muchos casos, constante. A diferencia del estr\u00e9s puntual, el cr\u00f3nico se produce cuando estamos expuestos repetidamente a presiones y exigencias durante semanas, meses o incluso a\u00f1os. Aunque a menudo se ignora o se normaliza, el estr\u00e9s cr\u00f3nico puede tener efectos negativos profundos y duraderos en el cerebro, especialmente en \u00e1reas vinculadas al razonamiento, la memoria y el control emocional.<\/p>\n<p><strong>Corteza prefrontal: el centro de mando de la mente<\/strong><\/p>\n<p>Situado en una regi\u00f3n del cerebro encargada de desempe\u00f1ar importantes funciones, el c\u00f3rtex prefrontal (CPF) controla actividades como la toma de decisiones, la concentraci\u00f3n, la memoria de trabajo y el control de las emociones. El CPF se considera una de las zonas m\u00e1s desarrolladas del cerebro humano y, precisamente por ello, es tambi\u00e9n una de las m\u00e1s sensibles al impacto del estr\u00e9s.<\/p>\n<p>Tiene una caracter\u00edstica esencial llamada neuroplasticidad, que es la capacidad del cerebro para adaptarse y cambiar a lo largo de la vida. La neuroplasticidad es lo que nos permite aprender, adaptarnos a nuevas situaciones y formar recuerdos. Pero tambi\u00e9n hace que el CPF sea vulnerable a influencias negativas.<\/p>\n<p><strong>\u00bfQu\u00e9 efectos tiene el estr\u00e9s cr\u00f3nico en el cerebro?<\/strong><\/p>\n<p>Cuando el estr\u00e9s es prolongado, la CPF experimenta cambios importantes. Puede experimentar una menor comunicaci\u00f3n entre neuronas, funcionar con menos eficacia e incluso disminuir de tama\u00f1o en zonas concretas, como la regi\u00f3n medial, que ayuda a regular nuestras emociones.<\/p>\n<p>Estos cambios pueden afectar directamente a nuestra concentraci\u00f3n, nuestro estado de \u00e1nimo y nuestra capacidad para afrontar la vida cotidiana, lo que se traduce en dificultades de concentraci\u00f3n, fallos de memoria, irritabilidad, ansiedad e incluso s\u00edntomas depresivos. A largo plazo, esto puede favorecer el desarrollo de afecciones como <a href=\"https:\/\/www.biolabemcasa.com.br\/sintomas-que-nao-aparecem-nos-exames-a-depressao-e-as-doencas-neurologicas\/\" target=\"_blank\" rel=\"noopener\">depresi\u00f3n<\/a>trastorno de ansiedad generalizada (TAG) y trastorno de estr\u00e9s postraum\u00e1tico (TEPT).<\/p>\n<p>Otro efecto com\u00fan del estr\u00e9s cr\u00f3nico es la fatiga mental, causada por la sobrecarga cognitiva. Cuando se exige demasiado durante demasiado tiempo, el cerebro entra en un estado de agotamiento, que afecta no s\u00f3lo a la productividad, sino tambi\u00e9n a la salud emocional y f\u00edsica.<\/p>\n<p>Comprender c\u00f3mo afecta el estr\u00e9s al cerebro es esencial para prevenir y tratar los trastornos mentales. La buena noticia es que, gracias a la neuroplasticidad, el cerebro tambi\u00e9n es capaz de recuperarse. Con intervenciones adecuadas, como tratamiento farmacol\u00f3gico, psicoterapia y cambios en el estilo de vida, es posible revertir algunos de los efectos negativos del estr\u00e9s cr\u00f3nico.<\/p>\n<p><strong>Las pausas pueden ser buenas para el cerebro<\/strong><\/p>\n<p>En un mundo en el que el estr\u00e9s constante parece inevitable, tomarse un respiro se convierte en algo esencial. Incluir momentos de respiraci\u00f3n consciente en nuestra rutina puede ayudarnos a proteger nuestro cerebro, preservar las funciones cognitivas y fortalecer la capacidad de nuestro cerebro para respirar. <a href=\"https:\/\/www.biolabemcasa.com.br\/categorias\/saude-mental\/saude-mental-ansiedade-depressao\" target=\"_blank\" rel=\"noopener\">salud mental<\/a>.<\/p>\n<p>La respiraci\u00f3n intencionada es m\u00e1s que relajaci\u00f3n: es invertir en tu bienestar, tu claridad mental y tu calidad de vida.<\/p>\n<p>Pausa para recargar.<\/p>\n<p><em>Fuente: <a href=\"https:\/\/www.sciencedirect.com\/science\/article\/abs\/pii\/S0006899325000198\"><span style=\"font-weight: 400;\">https:\/\/www.sciencedirect.com\/science\/article\/abs\/pii\/S0006899325000198<\/span><\/a><\/em><\/p>","protected":false},"excerpt":{"rendered":"<p>Na correria do dia a dia, o estresse se tornou quase inevit\u00e1vel e, em muitos casos, constante. Diferentemente do estresse pontual, o estresse cr\u00f4nico acontece quando somos expostos repetidamente a press\u00f5es e demandas por semanas, meses ou at\u00e9 mesmo anos. Embora muitas vezes seja ignorado ou normalizado, o estresse cr\u00f4nico pode exercer efeitos negativos profundos [&hellip;]<\/p>\n","protected":false},"author":7,"featured_media":15009,"comment_status":"closed","ping_status":"closed","sticky":false,"template":"","format":"standard","meta":{"_acf_changed":false,"footnotes":""},"categories":[1617,1616,1626],"tags":[1662,1642,1639],"acf":[],"yoast_head":"<!-- This site is optimized with the Yoast SEO Premium plugin v24.4 (Yoast SEO v24.4) - https:\/\/yoast.com\/wordpress\/plugins\/seo\/ -->\n<title>O estresse cr\u00f4nico e o c\u00e9rebro: por que desacelerar faz toda a diferen\u00e7a? - Biolab &amp; Co<\/title>\n<meta name=\"robots\" content=\"index, follow, max-snippet:-1, max-image-preview:large, max-video-preview:-1\" \/>\n<link rel=\"canonical\" href=\"https:\/\/www.biolabeco.com.br\/es\/blog\/salud-del-sueno\/estres-cronico-y-cerebro-por-que-frenar-marca-la-diferencia\/\" \/>\n<meta property=\"og:locale\" content=\"es_ES\" \/>\n<meta property=\"og:type\" content=\"article\" \/>\n<meta property=\"og:title\" content=\"O estresse cr\u00f4nico e o c\u00e9rebro: por que desacelerar faz toda a diferen\u00e7a?\" \/>\n<meta property=\"og:description\" content=\"Na correria do dia a dia, o estresse se tornou quase inevit\u00e1vel e, em muitos casos, constante. Diferentemente do estresse pontual, o estresse cr\u00f4nico acontece quando somos expostos repetidamente a press\u00f5es e demandas por semanas, meses ou at\u00e9 mesmo anos. Embora muitas vezes seja ignorado ou normalizado, o estresse cr\u00f4nico pode exercer efeitos negativos profundos [&hellip;]\" \/>\n<meta property=\"og:url\" content=\"https:\/\/www.biolabeco.com.br\/es\/blog\/salud-del-sueno\/estres-cronico-y-cerebro-por-que-frenar-marca-la-diferencia\/\" \/>\n<meta property=\"og:site_name\" content=\"Biolab &amp; Co\" \/>\n<meta property=\"article:published_time\" content=\"2025-09-23T12:33:55+00:00\" \/>\n<meta property=\"article:modified_time\" content=\"2025-12-09T17:56:12+00:00\" \/>\n<meta property=\"og:image\" content=\"https:\/\/www.biolabeco.com.br\/wp-content\/uploads\/2025\/09\/blog_viver_bem_estresse_cronico.jpg.webp\" \/>\n\t<meta property=\"og:image:width\" content=\"1280\" \/>\n\t<meta property=\"og:image:height\" content=\"456\" \/>\n\t<meta property=\"og:image:type\" content=\"image\/webp\" \/>\n<meta name=\"author\" content=\"Yasmim Botelho\" \/>\n<meta name=\"twitter:card\" content=\"summary_large_image\" \/>\n<meta name=\"twitter:label1\" content=\"Written by\" \/>\n\t<meta name=\"twitter:data1\" content=\"Yasmim Botelho\" \/>\n\t<meta name=\"twitter:label2\" content=\"Est. reading time\" \/>\n\t<meta name=\"twitter:data2\" content=\"3 minutes\" \/>\n<script type=\"application\/ld+json\" class=\"yoast-schema-graph\">{\"@context\":\"https:\/\/schema.org\",\"@graph\":[{\"@type\":\"WebPage\",\"@id\":\"https:\/\/www.biolabeco.com.br\/blog\/saude-do-sono\/o-estresse-cronico-e-o-cerebro-por-que-desacelerar-faz-toda-a-diferenca\/\",\"url\":\"https:\/\/www.biolabeco.com.br\/blog\/saude-do-sono\/o-estresse-cronico-e-o-cerebro-por-que-desacelerar-faz-toda-a-diferenca\/\",\"name\":\"O estresse cr\u00f4nico e o c\u00e9rebro: por que desacelerar faz toda a diferen\u00e7a? - Biolab &amp; Co\",\"isPartOf\":{\"@id\":\"https:\/\/www.biolabeco.com.br\/#website\"},\"primaryImageOfPage\":{\"@id\":\"https:\/\/www.biolabeco.com.br\/blog\/saude-do-sono\/o-estresse-cronico-e-o-cerebro-por-que-desacelerar-faz-toda-a-diferenca\/#primaryimage\"},\"image\":{\"@id\":\"https:\/\/www.biolabeco.com.br\/blog\/saude-do-sono\/o-estresse-cronico-e-o-cerebro-por-que-desacelerar-faz-toda-a-diferenca\/#primaryimage\"},\"thumbnailUrl\":\"https:\/\/www.biolabeco.com.br\/wp-content\/uploads\/2025\/09\/blog_viver_bem_estresse_cronico.jpg.webp\",\"datePublished\":\"2025-09-23T12:33:55+00:00\",\"dateModified\":\"2025-12-09T17:56:12+00:00\",\"author\":{\"@id\":\"https:\/\/www.biolabeco.com.br\/#\/schema\/person\/bb07d50e32d20028751837031a066fac\"},\"breadcrumb\":{\"@id\":\"https:\/\/www.biolabeco.com.br\/blog\/saude-do-sono\/o-estresse-cronico-e-o-cerebro-por-que-desacelerar-faz-toda-a-diferenca\/#breadcrumb\"},\"inLanguage\":\"es-ES\",\"potentialAction\":[{\"@type\":\"ReadAction\",\"target\":[\"https:\/\/www.biolabeco.com.br\/blog\/saude-do-sono\/o-estresse-cronico-e-o-cerebro-por-que-desacelerar-faz-toda-a-diferenca\/\"]}]},{\"@type\":\"ImageObject\",\"inLanguage\":\"es-ES\",\"@id\":\"https:\/\/www.biolabeco.com.br\/blog\/saude-do-sono\/o-estresse-cronico-e-o-cerebro-por-que-desacelerar-faz-toda-a-diferenca\/#primaryimage\",\"url\":\"https:\/\/www.biolabeco.com.br\/wp-content\/uploads\/2025\/09\/blog_viver_bem_estresse_cronico.jpg.webp\",\"contentUrl\":\"https:\/\/www.biolabeco.com.br\/wp-content\/uploads\/2025\/09\/blog_viver_bem_estresse_cronico.jpg.webp\",\"width\":1280,\"height\":456},{\"@type\":\"BreadcrumbList\",\"@id\":\"https:\/\/www.biolabeco.com.br\/blog\/saude-do-sono\/o-estresse-cronico-e-o-cerebro-por-que-desacelerar-faz-toda-a-diferenca\/#breadcrumb\",\"itemListElement\":[{\"@type\":\"ListItem\",\"position\":1,\"name\":\"Home\",\"item\":\"https:\/\/www.biolabeco.com.br\/\"},{\"@type\":\"ListItem\",\"position\":2,\"name\":\"O estresse cr\u00f4nico e o c\u00e9rebro: por que desacelerar faz toda a diferen\u00e7a?\"}]},{\"@type\":\"WebSite\",\"@id\":\"https:\/\/www.biolabeco.com.br\/#website\",\"url\":\"https:\/\/www.biolabeco.com.br\/\",\"name\":\"Biolab\",\"description\":\"Na Biolab &amp; Co, ci\u00eancia e cuidado caminham juntos. Saiba como promovemos sa\u00fade com responsabilidade socioambiental e tecnologia.\",\"potentialAction\":[{\"@type\":\"SearchAction\",\"target\":{\"@type\":\"EntryPoint\",\"urlTemplate\":\"https:\/\/www.biolabeco.com.br\/?s={search_term_string}\"},\"query-input\":{\"@type\":\"PropertyValueSpecification\",\"valueRequired\":true,\"valueName\":\"search_term_string\"}}],\"inLanguage\":\"es-ES\"},{\"@type\":\"Person\",\"@id\":\"https:\/\/www.biolabeco.com.br\/#\/schema\/person\/bb07d50e32d20028751837031a066fac\",\"name\":\"Yasmim Botelho\",\"image\":{\"@type\":\"ImageObject\",\"inLanguage\":\"es-ES\",\"@id\":\"https:\/\/www.biolabeco.com.br\/#\/schema\/person\/image\/\",\"url\":\"https:\/\/secure.gravatar.com\/avatar\/9d0fea0daa82eb99e89f9f8c0e5ab7f7?s=96&d=mm&r=g\",\"contentUrl\":\"https:\/\/secure.gravatar.com\/avatar\/9d0fea0daa82eb99e89f9f8c0e5ab7f7?s=96&d=mm&r=g\",\"caption\":\"Yasmim Botelho\"},\"url\":\"https:\/\/www.biolabeco.com.br\/es\/author\/yalves\/\"}]}<\/script>\n<!-- \/ Yoast SEO Premium plugin. -->","yoast_head_json":{"title":"Estr\u00e9s cr\u00f3nico y cerebro: \u00bfpor qu\u00e9 ralentizar el ritmo marca la diferencia? - Biolab &amp; Co","robots":{"index":"index","follow":"follow","max-snippet":"max-snippet:-1","max-image-preview":"max-image-preview:large","max-video-preview":"max-video-preview:-1"},"canonical":"https:\/\/www.biolabeco.com.br\/es\/blog\/salud-del-sueno\/estres-cronico-y-cerebro-por-que-frenar-marca-la-diferencia\/","og_locale":"es_ES","og_type":"article","og_title":"O estresse cr\u00f4nico e o c\u00e9rebro: por que desacelerar faz toda a diferen\u00e7a?","og_description":"Na correria do dia a dia, o estresse se tornou quase inevit\u00e1vel e, em muitos casos, constante. Diferentemente do estresse pontual, o estresse cr\u00f4nico acontece quando somos expostos repetidamente a press\u00f5es e demandas por semanas, meses ou at\u00e9 mesmo anos. Embora muitas vezes seja ignorado ou normalizado, o estresse cr\u00f4nico pode exercer efeitos negativos profundos [&hellip;]","og_url":"https:\/\/www.biolabeco.com.br\/es\/blog\/salud-del-sueno\/estres-cronico-y-cerebro-por-que-frenar-marca-la-diferencia\/","og_site_name":"Biolab &amp; Co","article_published_time":"2025-09-23T12:33:55+00:00","article_modified_time":"2025-12-09T17:56:12+00:00","og_image":[{"width":1280,"height":456,"url":"https:\/\/www.biolabeco.com.br\/wp-content\/uploads\/2025\/09\/blog_viver_bem_estresse_cronico.jpg.webp","type":"image\/webp"}],"author":"Yasmim Botelho","twitter_card":"summary_large_image","twitter_misc":{"Written by":"Yasmim Botelho","Est. reading time":"3 minutes"},"schema":{"@context":"https:\/\/schema.org","@graph":[{"@type":"WebPage","@id":"https:\/\/www.biolabeco.com.br\/blog\/saude-do-sono\/o-estresse-cronico-e-o-cerebro-por-que-desacelerar-faz-toda-a-diferenca\/","url":"https:\/\/www.biolabeco.com.br\/blog\/saude-do-sono\/o-estresse-cronico-e-o-cerebro-por-que-desacelerar-faz-toda-a-diferenca\/","name":"Estr\u00e9s cr\u00f3nico y cerebro: \u00bfpor qu\u00e9 ralentizar el ritmo marca la diferencia? - Biolab &amp; Co","isPartOf":{"@id":"https:\/\/www.biolabeco.com.br\/#website"},"primaryImageOfPage":{"@id":"https:\/\/www.biolabeco.com.br\/blog\/saude-do-sono\/o-estresse-cronico-e-o-cerebro-por-que-desacelerar-faz-toda-a-diferenca\/#primaryimage"},"image":{"@id":"https:\/\/www.biolabeco.com.br\/blog\/saude-do-sono\/o-estresse-cronico-e-o-cerebro-por-que-desacelerar-faz-toda-a-diferenca\/#primaryimage"},"thumbnailUrl":"https:\/\/www.biolabeco.com.br\/wp-content\/uploads\/2025\/09\/blog_viver_bem_estresse_cronico.jpg.webp","datePublished":"2025-09-23T12:33:55+00:00","dateModified":"2025-12-09T17:56:12+00:00","author":{"@id":"https:\/\/www.biolabeco.com.br\/#\/schema\/person\/bb07d50e32d20028751837031a066fac"},"breadcrumb":{"@id":"https:\/\/www.biolabeco.com.br\/blog\/saude-do-sono\/o-estresse-cronico-e-o-cerebro-por-que-desacelerar-faz-toda-a-diferenca\/#breadcrumb"},"inLanguage":"es-ES","potentialAction":[{"@type":"ReadAction","target":["https:\/\/www.biolabeco.com.br\/blog\/saude-do-sono\/o-estresse-cronico-e-o-cerebro-por-que-desacelerar-faz-toda-a-diferenca\/"]}]},{"@type":"ImageObject","inLanguage":"es-ES","@id":"https:\/\/www.biolabeco.com.br\/blog\/saude-do-sono\/o-estresse-cronico-e-o-cerebro-por-que-desacelerar-faz-toda-a-diferenca\/#primaryimage","url":"https:\/\/www.biolabeco.com.br\/wp-content\/uploads\/2025\/09\/blog_viver_bem_estresse_cronico.jpg.webp","contentUrl":"https:\/\/www.biolabeco.com.br\/wp-content\/uploads\/2025\/09\/blog_viver_bem_estresse_cronico.jpg.webp","width":1280,"height":456},{"@type":"BreadcrumbList","@id":"https:\/\/www.biolabeco.com.br\/blog\/saude-do-sono\/o-estresse-cronico-e-o-cerebro-por-que-desacelerar-faz-toda-a-diferenca\/#breadcrumb","itemListElement":[{"@type":"ListItem","position":1,"name":"Home","item":"https:\/\/www.biolabeco.com.br\/"},{"@type":"ListItem","position":2,"name":"O estresse cr\u00f4nico e o c\u00e9rebro: por que desacelerar faz toda a diferen\u00e7a?"}]},{"@type":"WebSite","@id":"https:\/\/www.biolabeco.com.br\/#website","url":"https:\/\/www.biolabeco.com.br\/","name":"biolaboratorio","description":"En Biolab &amp; Co, la ciencia y el cuidado van de la mano. Descubra c\u00f3mo promovemos la salud con responsabilidad socioambiental y tecnolog\u00eda.","potentialAction":[{"@type":"SearchAction","target":{"@type":"EntryPoint","urlTemplate":"https:\/\/www.biolabeco.com.br\/?s={search_term_string}"},"query-input":{"@type":"PropertyValueSpecification","valueRequired":true,"valueName":"search_term_string"}}],"inLanguage":"es-ES"},{"@type":"Person","@id":"https:\/\/www.biolabeco.com.br\/#\/schema\/person\/bb07d50e32d20028751837031a066fac","name":"Yasmim Botelho","image":{"@type":"ImageObject","inLanguage":"es-ES","@id":"https:\/\/www.biolabeco.com.br\/#\/schema\/person\/image\/","url":"https:\/\/secure.gravatar.com\/avatar\/9d0fea0daa82eb99e89f9f8c0e5ab7f7?s=96&d=mm&r=g","contentUrl":"https:\/\/secure.gravatar.com\/avatar\/9d0fea0daa82eb99e89f9f8c0e5ab7f7?s=96&d=mm&r=g","caption":"Yasmim Botelho"},"url":"https:\/\/www.biolabeco.com.br\/es\/author\/yalves\/"}]}},"_links":{"self":[{"href":"https:\/\/www.biolabeco.com.br\/es\/wp-json\/wp\/v2\/posts\/781"}],"collection":[{"href":"https:\/\/www.biolabeco.com.br\/es\/wp-json\/wp\/v2\/posts"}],"about":[{"href":"https:\/\/www.biolabeco.com.br\/es\/wp-json\/wp\/v2\/types\/post"}],"author":[{"embeddable":true,"href":"https:\/\/www.biolabeco.com.br\/es\/wp-json\/wp\/v2\/users\/7"}],"replies":[{"embeddable":true,"href":"https:\/\/www.biolabeco.com.br\/es\/wp-json\/wp\/v2\/comments?post=781"}],"version-history":[{"count":2,"href":"https:\/\/www.biolabeco.com.br\/es\/wp-json\/wp\/v2\/posts\/781\/revisions"}],"predecessor-version":[{"id":14930,"href":"https:\/\/www.biolabeco.com.br\/es\/wp-json\/wp\/v2\/posts\/781\/revisions\/14930"}],"wp:featuredmedia":[{"embeddable":true,"href":"https:\/\/www.biolabeco.com.br\/es\/wp-json\/wp\/v2\/media\/15009"}],"wp:attachment":[{"href":"https:\/\/www.biolabeco.com.br\/es\/wp-json\/wp\/v2\/media?parent=781"}],"wp:term":[{"taxonomy":"category","embeddable":true,"href":"https:\/\/www.biolabeco.com.br\/es\/wp-json\/wp\/v2\/categories?post=781"},{"taxonomy":"post_tag","embeddable":true,"href":"https:\/\/www.biolabeco.com.br\/es\/wp-json\/wp\/v2\/tags?post=781"}],"curies":[{"name":"wp","href":"https:\/\/api.w.org\/{rel}","templated":true}]}}